{"id":271478,"date":"2025-12-04T22:08:12","date_gmt":"2025-12-04T22:08:12","guid":{"rendered":"https:\/\/www.europesays.com\/es\/271478\/"},"modified":"2025-12-04T22:08:12","modified_gmt":"2025-12-04T22:08:12","slug":"balance-pt-espanoles-2025-1-burgos","status":"publish","type":"post","link":"https:\/\/www.europesays.com\/es\/271478\/","title":{"rendered":"Balance PT espa\u00f1oles 2025 (1): Burgos"},"content":{"rendered":"<p>\u00a0<\/p>\n<p><a href=\"https:\/\/www.europesays.com\/es\/wp-content\/uploads\/2025\/12\/Podio-colmado-por-la-formacion-morada-c-Burgos-Burpellet-BH.jpeg\" target=\"_blank\" rel=\"noopener\"><img fetchpriority=\"high\" decoding=\"async\" aria-describedby=\"caption-attachment-453897\" class=\"wp-image-453897 size-full lazy\" src=\"data:image\/svg+xml,%3Csvg%20xmlns=\" http:=\"\" data-src=\"https:\/\/www.europesays.com\/es\/wp-content\/uploads\/2025\/12\/Podio-colmado-por-la-formacion-morada-c-Burgos-Burpellet-BH.jpeg\" alt=\"\" width=\"1600\" height=\"1066\" data- data-\/><\/a><\/p>\n<p id=\"caption-attachment-453897\" class=\"wp-caption-text\">Cl\u00e9ment Alleno junto a Carlos Garc\u00eda Pierna (2\u00ba) y Antonio Angulo (3\u00ba) en Mentougou (c) Burgos Burpellet BH<\/p>\n<p><b><b><a href=\"https:\/\/x.com\/javier_rampe\" target=\"_blank\" rel=\"noopener nofollow\">Javier Ram\u00edrez<\/a> \/ <a href=\"https:\/\/www.ciclo21.com\/whatsapp-telegram-2025\/\" target=\"_blank\" rel=\"noopener nofollow\">Ciclo 21<\/a><\/b><\/b><\/p>\n<p style=\"text-align: justify;\"><strong>El Burgos cerr\u00f3 su octava temporada en la categor\u00eda UCI ProTeam con un total de 12 victorias<\/strong> repartidas en cuatro continentes y cinco t\u00edtulos nacionales, <strong>la formaci\u00f3n morada se consolid\u00f3 como el conjunto espa\u00f1ol m\u00e1s exitoso del a\u00f1o -por delante de Movistar- y alcanz\u00f3 la 27\u00aa posici\u00f3n del ranking mundial, asegurando opciones de regresar a La Vuelta en 2026<\/strong>. Desde el triunfo inaugural de Mario Aparicio en Sharjah hasta el doblete asi\u00e1tico de Carlos Garc\u00eda Pierna y Cl\u00e9ment Alleno en China, los burgaleses han mostrado un trabajo coral impecable que refleja la solidez de su proyecto.<\/p>\n<p style=\"text-align: justify;\">Entre los momentos m\u00e1s destacados de la temporada, cabe mencionar al \u00aboriental\u00bb <strong>Eric Fag\u00fandez con su Campeonato Nacional de contrarreloj en Uruguay junto a doce top-10<\/strong>; resultado nada desde\u00f1able para una formaci\u00f3n como el Burgos. Tambi\u00e9n emerge, a principio de temporada, <strong>Sergio Chumil que brill\u00f3 en O Gran Cami\u00f1o, gan\u00f3 el Campeonato Nacional de crono de Guatemala <\/strong><strong>y cerr\u00f3 el a\u00f1o proclam\u00e1ndose campe\u00f3n de los Juegos Centroamericanos<\/strong>. En La Vuelta, sin embargo, tanto el centroamericano como el resto de los ciclistas burgaleses sufrieron una enfermedad gastrointestinal que afect\u00f3 al rendimiento del equipo. A pesar de protagonizar diversas fugas,\u00a0 gran parte del grupo -en particular cuatro ciclistas- se vieron obligados a abandonar la prueba.<\/p>\n<p style=\"text-align: justify;\"><strong>Si algo tiene esta escuadra, es su tino a la hora de definir el calendario y atacar distintos campeonatos nacionales<\/strong>, gracias a la multiculturalidad de los morados. <strong>Prueba de ello son las victorias de Georgios Bouglas en Grecia, Jambaljamts Sainbayar en Mongolia y Alexandre Mayer en Mauricio.<\/strong> La forma de moverse en el mercado y preparar los m\u00e1ximos torneos patrios ayudan a que el proyecto ciclista logre consolidarse y se asiente entre los 30 primeros equipos del pelot\u00f3n internacional.<\/p>\n<p><a href=\"https:\/\/www.europesays.com\/es\/wp-content\/uploads\/2025\/12\/cavia-podio-huangshan.jpg\" target=\"_blank\" rel=\"noopener\"><img loading=\"lazy\" decoding=\"async\" aria-describedby=\"caption-attachment-448022\" class=\"wp-image-448022 size-full lazy\" src=\"data:image\/svg+xml,%3Csvg%20xmlns=\" http:=\"\" data-src=\"https:\/\/www.europesays.com\/es\/wp-content\/uploads\/2025\/12\/cavia-podio-huangshan.jpg\" alt=\"\" width=\"1600\" height=\"1066\" data- data-\/><\/a><\/p>\n<p id=\"caption-attachment-448022\" class=\"wp-caption-text\">Cavia en el centro del podio de Huangshan \u00a9 Burgos<\/p>\n<p style=\"text-align: justify;\">Por \u00faltimo, la Rep\u00fablica Popular de China sirvi\u00f3 como semillero de victorias y cosecha de puntos UCI. <strong>Daniel Cavia se hizo con un parcial -el primero como profesional- y la general del Tour de Huangshan<\/strong>. <strong>El Tour Mentougou tambi\u00e9n fue un poderoso escenario donde los burgaleses obtuvieron un \u00abtriplete\u00bb, colmando el podio de la tercera jornada de competici\u00f3n con el triunfo Cl\u00e9ment Alleno junto a Carlos Garc\u00eda Pierna y Antonio Angulo<\/strong> en segundo y tercer lugar, respectivamente. El franc\u00e9s de 25 a\u00f1os remat\u00f3 su desempe\u00f1o asaltando la general final en este d\u00eda de desenlace. L\u00e1stima que los per\u00edodicos al d\u00eda siguiente s\u00f3lo se hicieran eco de un lamentable malentendido de Mario Aparicio en el uso de sus redes sociales. <strong>El de Aranda de Duero sabe qu\u00e9 es levantar los brazos, en el Tour de Sharjah abri\u00f3 el casillero de victorias de su formaci\u00f3n este a\u00f1o<\/strong>.<\/p>\n<p style=\"text-align: justify;\">\u00abHa sido <strong>la temporada con m\u00e1s puntos UCI de toda la historia del equipo. Doce victorias, un triplete en China y la buena Vuelta a Burgos demuestran que el proyecto funciona\u00bb<\/strong>. Fueron las orgullosas palabras de Damien Garcia, director deportivo del Burgos, tras culminar una campa\u00f1a hist\u00f3rica en cuanto a triunfos y puntaje logrado. Igualar el resultado ser\u00e1 ya un hito y, para ello, <strong>llegar\u00e1n caras nuevas como el \u00abviejo rockero\u00bb Jes\u00fas Herrada, Adri\u00e1n Fajardo, C\u00e9sar Mac\u00edas, Lorenzo Quartucci y Mart\u00edn Rey<\/strong>.\u00a0Los morados arrancar\u00e1n 2026 con el list\u00f3n muy alto.<\/p>\n<p><strong>Balances anteriores:\u00a0<a href=\"https:\/\/www.ciclo21.com\/balance-equipos-wt-2025-1-uae\/\" target=\"_blank\" rel=\"noopener nofollow\">UAE<\/a>\u00a0\/\u00a0<a href=\"https:\/\/www.ciclo21.com\/balance-equipos-wt-2025-2-lidl\/\" target=\"_blank\" rel=\"noopener nofollow\">LIDL<\/a>\u00a0\/\u00a0<a href=\"https:\/\/www.ciclo21.com\/balance-equipos-wt-2025-3-soudal\/\" target=\"_blank\" rel=\"noopener nofollow\">SOUDAL<\/a>\u00a0\/\u00a0<a href=\"https:\/\/www.ciclo21.com\/balance-equipos-wt-2025-4-visma-lease-bike\/\" target=\"_blank\" rel=\"noopener nofollow\">VISMA<\/a>\/\u00a0<a href=\"https:\/\/www.ciclo21.com\/balance-equipos-wt-2025-5-xds-astana\/\" target=\"_blank\" rel=\"noopener nofollow\">XDS<\/a>\u00a0\/\u00a0<a href=\"https:\/\/www.ciclo21.com\/balance-equipos-wt-2025-6-ineos\/\" target=\"_blank\" rel=\"noopener nofollow\">INEOS<\/a>\u00a0\/\u00a0<a href=\"https:\/\/www.ciclo21.com\/balance-equipos-wt-2025-7-decathlon\/\" target=\"_blank\" rel=\"noopener nofollow\">DECATHLON<\/a>\u00a0\/\u00a0<a href=\"https:\/\/www.ciclo21.com\/balance-equipos-wt-2025-8-red-bull\/\" target=\"_blank\" rel=\"noopener nofollow\">RED BULL<\/a>\u00a0\/\u00a0<a href=\"https:\/\/www.ciclo21.com\/balance-equipos-wt-2025-9-alpecin\/\" target=\"_blank\" rel=\"noopener nofollow\">ALPECIN<\/a>\u00a0\/\u00a0<a href=\"https:\/\/www.ciclo21.com\/balance-equipos-wt-2025-10-jayco\/\" target=\"_blank\" rel=\"noopener nofollow\">JAYCO<\/a>\u00a0\/\u00a0<a href=\"https:\/\/www.ciclo21.com\/balance-equipos-wt-2025-11-groupama\/\" target=\"_blank\" rel=\"noopener nofollow\">GROUPAMA<\/a>\u00a0\/\u00a0<a href=\"https:\/\/www.ciclo21.com\/balance-equipos-wt-2025-12-ef-education\/\" target=\"_blank\" rel=\"noopener nofollow\">EF EDUCATION<\/a>\u00a0\/\u00a0<a href=\"https:\/\/www.ciclo21.com\/balance-equipos-wt-2025-13-arkea\/\" target=\"_blank\" rel=\"noopener nofollow\">ARK\u00c9A<\/a>\u00a0\/\u00a0<a href=\"https:\/\/www.ciclo21.com\/balance-equipos-wt-2025-14-cofidis\/\" target=\"_blank\" rel=\"noopener nofollow\">COFIDIS<\/a>\u00a0\/\u00a0<a href=\"https:\/\/www.ciclo21.com\/balance-equipos-wt-2025-15-movistar\/\" target=\"_blank\" rel=\"noopener nofollow\">MOVISTAR<\/a>\u00a0\/\u00a0<a href=\"https:\/\/www.ciclo21.com\/balance-equipos-wt-2025-16-bahrain\/\" target=\"_blank\" rel=\"noopener nofollow\">BAHRAIN<\/a>\u00a0\/\u00a0<a href=\"https:\/\/www.ciclo21.com\/balance-equipos-wt-2025-17-intermarche\/\" target=\"_blank\" rel=\"noopener nofollow\">INTERMARCH\u00c9<\/a> \/ <a href=\"https:\/\/www.ciclo21.com\/balance-equipos-wt-2025-18-picnic\/\" target=\"_blank\" rel=\"noopener nofollow\">PICNIC<\/a><\/strong><\/p>\n<p><strong>VICTORIAS 2025 (12)<\/strong><\/p>\n<p><a href=\"https:\/\/www.ciclo21.com\/20a-vuelta-espana-2025-vingegaard-2\/\" target=\"_blank\" rel=\"noopener nofollow\"><strong>Mejor clasificado Vuelta Espa\u00f1a: 47\u00ba Jos\u00e9 Luis FAURA<\/strong><\/a><\/p>\n<p><strong>PLANTILLA 2025<\/strong><\/p>\n<p>\u00a9 wikipedia<\/p>\n","protected":false},"excerpt":{"rendered":"\u00a0 Cl\u00e9ment Alleno junto a Carlos Garc\u00eda Pierna (2\u00ba) y Antonio Angulo (3\u00ba) en Mentougou (c) Burgos Burpellet&hellip;\n","protected":false},"author":2,"featured_media":271479,"comment_status":"","ping_status":"","sticky":false,"template":"","format":"standard","meta":{"footnotes":""},"categories":[273],"tags":[623,313,312,168,25,24,23,167],"class_list":{"0":"post-271478","1":"post","2":"type-post","3":"status-publish","4":"format-standard","5":"has-post-thumbnail","7":"category-ciclismo","8":"tag-burgos","9":"tag-ciclismo","10":"tag-cycling","11":"tag-deportes","12":"tag-es","13":"tag-espana","14":"tag-spain","15":"tag-sports"},"share_on_mastodon":{"url":"https:\/\/pubeurope.com\/@es\/115663582219012512","error":""},"_links":{"self":[{"href":"https:\/\/www.europesays.com\/es\/wp-json\/wp\/v2\/posts\/271478","targetHints":{"allow":["GET"]}}],"collection":[{"href":"https:\/\/www.europesays.com\/es\/wp-json\/wp\/v2\/posts"}],"about":[{"href":"https:\/\/www.europesays.com\/es\/wp-json\/wp\/v2\/types\/post"}],"author":[{"embeddable":true,"href":"https:\/\/www.europesays.com\/es\/wp-json\/wp\/v2\/users\/2"}],"replies":[{"embeddable":true,"href":"https:\/\/www.europesays.com\/es\/wp-json\/wp\/v2\/comments?post=271478"}],"version-history":[{"count":0,"href":"https:\/\/www.europesays.com\/es\/wp-json\/wp\/v2\/posts\/271478\/revisions"}],"wp:featuredmedia":[{"embeddable":true,"href":"https:\/\/www.europesays.com\/es\/wp-json\/wp\/v2\/media\/271479"}],"wp:attachment":[{"href":"https:\/\/www.europesays.com\/es\/wp-json\/wp\/v2\/media?parent=271478"}],"wp:term":[{"taxonomy":"category","embeddable":true,"href":"https:\/\/www.europesays.com\/es\/wp-json\/wp\/v2\/categories?post=271478"},{"taxonomy":"post_tag","embeddable":true,"href":"https:\/\/www.europesays.com\/es\/wp-json\/wp\/v2\/tags?post=271478"}],"curies":[{"name":"wp","href":"https:\/\/api.w.org\/{rel}","templated":true}]}}