{"id":271484,"date":"2025-12-04T22:12:14","date_gmt":"2025-12-04T22:12:14","guid":{"rendered":"https:\/\/www.europesays.com\/es\/271484\/"},"modified":"2025-12-04T22:12:14","modified_gmt":"2025-12-04T22:12:14","slug":"karla-sofia-gascon-en-100-o-200-anos-me-llevaran-en-camisetas-como-algo-guay","status":"publish","type":"post","link":"https:\/\/www.europesays.com\/es\/271484\/","title":{"rendered":"Karla Sof\u00eda Gasc\u00f3n: \u00abEn 100 o 200 a\u00f1os me llevar\u00e1n en camisetas como algo guay\u00bb"},"content":{"rendered":"<p><img loading=\"lazy\" decoding=\"async\" class=\"v-a-img v-a-img--ph\" src=\"https:\/\/www.europesays.com\/es\/wp-content\/uploads\/2025\/12\/ksg-cuadrada-1200x1200-krSD-U240448335000wBG-758x531@RC.jpg\" alt=\"Karla Sof\u00eda Gasc\u00f3n: \u00abEn 100 o 200 a\u00f1os me llevar\u00e1n en camisetas como algo guay\u00bb\" style=\"\" data-voc-video-player-container-img=\"\" width=\"758\" height=\"531\"\/><\/p>\n<p>Edu G\u00f3mez      <\/p>\n<p>La actriz, que protagoniza la portada del relanzamiento de SIX, cuenta en una amplia entrevista todo lo que sucedi\u00f3 hace justo un a\u00f1o cuando comenz\u00f3 la carrera a los Oscar por su papel en &#8216;Emilia P\u00e9rez&#8217;; y que terminar\u00eda con un intento de cancelaci\u00f3n mundial por unos mensajes publicados en X unos a\u00f1os antes<\/p>\n<p class=\"v-mdl-ath__p v-mdl-ath__p--6\">\nJueves, 4 de diciembre 2025, 16:59<\/p>\n<p class=\"v-p\">Hace once meses ocurr\u00eda un hecho hist\u00f3rico para el cine espa\u00f1ol. La actriz Karla Sof\u00eda Gasc\u00f3n se convert\u00eda en la segunda mujer de este pa\u00eds en estar nominada al Oscar\u2026 y la primera persona trans en recibir este honor cinematogr\u00e1fico. No fue una sorpresa. KSG hab\u00eda ganado la Palma de Oro en Cannes y el premio del Cine Europeo por su brillante papel en &#8216;Emilia P\u00e9rez&#8217;. Para muchos expertos, part\u00eda como favorita para hacerse con la estatuilla.<\/p>\n<p class=\"v-p\">Unas semanas despu\u00e9s, unos mensajes en X (cuya autor\u00eda total o parcial niega KSG) le dieron la vuelta a la historia. La actriz padeci\u00f3 un intento global de cancelaci\u00f3n que la llev\u00f3 no solo a no ganar el Oscar, sino a sufrir el &#8216;abandono&#8217; de la distribuidora en Estados Unidos (Netflix) y de sus compa\u00f1eros, el director Jacques Audiard y las actrices Selena Gomez y Zoe Salda\u00f1a.<\/p>\n<p class=\"v-p\">KSG sigue de pie, pese a todo. Y ahora regresa para protagonizar la <a href=\"https:\/\/www.revistasix.es\/stories\/karla-sofia-gascon-dentro-de-cien-o-doscientos-anos-me-llevaran-en-camisetas-como-algo-guay.html\" target=\"_blank\" data-voc-vtm-id=\"in-text-traffic\" title=\"portada del relanzamiento de SIX\" data-mrf-link=\"www.revistasix.es\" rel=\"nofollow noopener\">portada del relanzamiento de SIX<\/a> con una amplia entrevista en la que cuenta los entresijos de lo que ocurri\u00f3 aquellos d\u00edas, pero en la que tambi\u00e9n expresa c\u00f3mo se ha sentido y qui\u00e9n es realmente ella. Y lanza un mensaje sobre su futuro y sobre la pel\u00edcula que la encumbr\u00f3: \u00abEn 100 o 200 a\u00f1os me llevar\u00e1n en camisetas como algo guay\u00bb.<\/p>\n<p>Reporta un error<\/p>\n","protected":false},"excerpt":{"rendered":"Edu G\u00f3mez La actriz, que protagoniza la portada del relanzamiento de SIX, cuenta en una amplia entrevista todo&hellip;\n","protected":false},"author":2,"featured_media":271485,"comment_status":"","ping_status":"","sticky":false,"template":"","format":"standard","meta":{"footnotes":""},"categories":[174],"tags":[21882,6815,988,10871,255,146,147,25,24,256,58971,41947,58970,47624,11647,23],"class_list":{"0":"post-271484","1":"post","2":"type-post","3":"status-publish","4":"format-standard","5":"has-post-thumbnail","7":"category-famosos","8":"tag-21882","9":"tag-6815","10":"tag-anos","11":"tag-camisetas","12":"tag-celebrities","13":"tag-entertainment","14":"tag-entretenimiento","15":"tag-es","16":"tag-espana","17":"tag-famosos","18":"tag-gascon","19":"tag-guay","20":"tag-karla","21":"tag-llevaran","22":"tag-sofia","23":"tag-spain"},"share_on_mastodon":{"url":"https:\/\/pubeurope.com\/@es\/115663598453153897","error":""},"_links":{"self":[{"href":"https:\/\/www.europesays.com\/es\/wp-json\/wp\/v2\/posts\/271484","targetHints":{"allow":["GET"]}}],"collection":[{"href":"https:\/\/www.europesays.com\/es\/wp-json\/wp\/v2\/posts"}],"about":[{"href":"https:\/\/www.europesays.com\/es\/wp-json\/wp\/v2\/types\/post"}],"author":[{"embeddable":true,"href":"https:\/\/www.europesays.com\/es\/wp-json\/wp\/v2\/users\/2"}],"replies":[{"embeddable":true,"href":"https:\/\/www.europesays.com\/es\/wp-json\/wp\/v2\/comments?post=271484"}],"version-history":[{"count":0,"href":"https:\/\/www.europesays.com\/es\/wp-json\/wp\/v2\/posts\/271484\/revisions"}],"wp:featuredmedia":[{"embeddable":true,"href":"https:\/\/www.europesays.com\/es\/wp-json\/wp\/v2\/media\/271485"}],"wp:attachment":[{"href":"https:\/\/www.europesays.com\/es\/wp-json\/wp\/v2\/media?parent=271484"}],"wp:term":[{"taxonomy":"category","embeddable":true,"href":"https:\/\/www.europesays.com\/es\/wp-json\/wp\/v2\/categories?post=271484"},{"taxonomy":"post_tag","embeddable":true,"href":"https:\/\/www.europesays.com\/es\/wp-json\/wp\/v2\/tags?post=271484"}],"curies":[{"name":"wp","href":"https:\/\/api.w.org\/{rel}","templated":true}]}}