{"id":271486,"date":"2025-12-04T22:13:10","date_gmt":"2025-12-04T22:13:10","guid":{"rendered":"https:\/\/www.europesays.com\/es\/271486\/"},"modified":"2025-12-04T22:13:10","modified_gmt":"2025-12-04T22:13:10","slug":"premios-de-arquitectura-galicia-tejados-que-revalorizan-el-paisaje-y-el-patrimonio-asi-son-los-proyectos-galardonados-por-tejas-verea-y-el-coag","status":"publish","type":"post","link":"https:\/\/www.europesays.com\/es\/271486\/","title":{"rendered":"PREMIOS DE ARQUITECTURA GALICIA | Tejados que revalorizan el paisaje y el patrimonio: as\u00ed son los proyectos galardonados por Tejas Verea y el COAG"},"content":{"rendered":"<p class=\"ft-text\">Los <strong>Premios Internacionales de Arquitectura Cubiertas Tejas Verea<\/strong>, impulsados por<strong> <\/strong><a href=\"https:\/\/tejasverea.com\/\" class=\"ft-link ft-link--decoration\" rel=\"nofollow noopener\" target=\"_blank\"><strong>Tejas Verea<\/strong><\/a> y el <strong>Colexio Oficial de Arquitectos de Galicia (COAG)<\/strong>, celebraron ayer en Sobrado dos Monxes su segunda edici\u00f3n <strong>reconociendo cuatro proyectos<\/strong> que destacan por su calidad t\u00e9cnica, su integraci\u00f3n en el entorno y el uso innovador de la teja cer\u00e1mica, en una convocatoria que <strong>duplic\u00f3 el n\u00famero de candidaturas respecto a la edici\u00f3n anterior<\/strong>.<\/p>\n<p>Apuesta por la sostenibilidad y la identidad cultural<\/p>\n<p class=\"ft-text\">El director comercial de Tejas Verea, <strong>Manuel Verea<\/strong>, subray\u00f3<strong> la creciente diversidad y calidad de las propuestas<\/strong>, que \u201capuestan por la teja cer\u00e1mica como aliada de la sostenibilidad, la conservaci\u00f3n hist\u00f3rica y la calidad constructiva\u201d. Los premios estaban dirigidos a <strong>proyectos ejecutados entre 2021 y 2024<\/strong> que <strong>empleasen teja cer\u00e1mica Verea en su cubierta<\/strong>.<\/p>\n<p class=\"ft-text\">Los galardones fueron entregados por el decano del COAG,<strong> Luciano Gonz\u00e1lez Alfaya<\/strong>, acompa\u00f1ado por representantes del colegio profesional y del equipo de Tejas Verea. Adem\u00e1s de la dotaci\u00f3n econ\u00f3mica \u2014<strong>3.000 euros en la categor\u00eda <\/strong><a href=\"https:\/\/tejasverea.com\/gama-eternal\/\" class=\"ft-link ft-link--decoration\" rel=\"nofollow noopener\" target=\"_blank\"><strong>Gama Eternal<\/strong><\/a><strong> <\/strong>y <strong>1.500 euros para cada premiado en la <\/strong><strong>Gama Cl\u00e1sica<\/strong>\u2014 los ganadores recibieron una <strong>figura conmemorativa del tradicional <\/strong><strong>cabaqueiro<\/strong>, el tejero gallego.<\/p>\n<p class=\"ft-text\">La ceremonia tuvo lugar en la <strong>casa rural Abeiro da Loba<\/strong> y concluy\u00f3 con un recorrido arquitect\u00f3nico guiado por los responsables de su rehabilitaci\u00f3n.<\/p>\n<p>Ganador de la Gama Eternal<\/p>\n<p class=\"ft-text\">El proyecto ganador de la Gama Eternal:<strong> Os Refuxos de Porto Quilmas<\/strong>, firmado por<strong> Salgado e Li\u00f1ares Arquitectos<\/strong>, recrea <strong>siete peque\u00f1as caba\u00f1as inspiradas en las antiguas casetas de pescadores del puerto natural de Quilmas, en Carnota<\/strong>. Elevadas sobre la roca, estas construcciones miran al oc\u00e9ano y reinterpretan la tradici\u00f3n marinera con una<strong> cubierta ejecutada \u00edntegramente en seco y utilizando todas las piezas especiales de la teja Marsella de la <\/strong><strong>Gama Eternal <\/strong><strong>de Tejas Verea<\/strong>.<\/p>\n<p><img decoding=\"async\" src=\"https:\/\/www.europesays.com\/es\/wp-content\/uploads\/2025\/12\/27454699-be2c-478e-8f65-578ba5c3e138_alta-libre-aspect-ratio_default_0.jpg\" width=\"1200\" height=\"740\" alt=\"Las siete caba\u00f1as inspiradas en las casetas que los pescadores de Quilmas usaban en el pasado.\" class=\"ft-helper-img-rd\" loading=\"lazy\"\/><\/p>\n<p class=\"ft-helper-fontColor-quaternary ft-helper-fontSize-body-S ft-helper-spacer-t-xxs\">Las siete caba\u00f1as inspiradas en las casetas que los pescadores de Quilmas usaban en el pasado.  \/ Cedida<\/p>\n<p class=\"ft-text\">El jurado destac\u00f3 el <strong>rigor t\u00e9cnico de la instalaci\u00f3n<\/strong> y su perfecta <strong>adaptaci\u00f3n al paisaje<\/strong>.<\/p>\n<p>Premiados de la Gama Cl\u00e1sica<\/p>\n<p class=\"ft-text\">Dise\u00f1ada por el arquitecto <strong>Jorge Juan Cao<\/strong>, Villa Carolina es una <strong>vivienda de recreo<\/strong> integrada en el paisaje rural y <strong>en el entorno de la r\u00eda de Ortigueira en su paso por Cari\u00f1o<\/strong>. La cubierta a dos aguas, visible desde la carretera como una \u201cquinta fachada\u201d, <strong>emplea teja curva y prolonga visualmente la arquitectura tradicional de la zona<\/strong>.<\/p>\n<p><img decoding=\"async\" src=\"https:\/\/www.europesays.com\/es\/wp-content\/uploads\/2025\/12\/92f3c6f0-54eb-4a28-853f-cd888cee9d25_alta-libre-aspect-ratio_default_0.jpg\" width=\"1200\" height=\"1600\" alt=\"Villa Carolina se ubica en las inmediaciones de la r\u00eda de Ortigueira, en el municipio coru\u00f1\u00e9s de Cari\u00f1o.\" class=\"ft-helper-img-rd\" loading=\"lazy\"\/><\/p>\n<p class=\"ft-helper-fontColor-quaternary ft-helper-fontSize-body-S ft-helper-spacer-t-xxs\">Villa Carolina se ubica en las inmediaciones de la r\u00eda de Ortigueira, en el municipio coru\u00f1\u00e9s de Cari\u00f1o.  \/ Cedida<\/p>\n<p class=\"ft-text\">El jurado valor\u00f3 la <strong>cuidada ejecuci\u00f3n seg\u00fan el sistema constructivo<\/strong><strong>Verea System<\/strong> y la <strong>armon\u00eda con el entorno<\/strong>.<\/p>\n<p class=\"ft-text\">Por otro lado, el estudio <strong>S\u00e1nchez Gil Arquitectos<\/strong> recibi\u00f3 el segundo premio ex aequo por una intervenci\u00f3n compleja que <strong>pone en valor las cubiertas hist\u00f3ricas de la catedral de Ciudad Rodrigo<\/strong>, en Salamanca. La nueva soluci\u00f3n estructural <strong>mantiene la geometr\u00eda original<\/strong> <strong>y permite al visitante redescubrir las antiguas cubiertas de piedra rom\u00e1nica<\/strong>.<\/p>\n<p><img decoding=\"async\" src=\"https:\/\/www.europesays.com\/es\/wp-content\/uploads\/2025\/12\/2082a8f5-e787-43b8-93b1-57da2371bb0d_alta-libre-aspect-ratio_default_0.jpg\" width=\"1200\" height=\"800\" alt=\"Vista externa de las cubiertas de la catedral salamantina de Ciudad Rodrigo.\" class=\"ft-helper-img-rd\" loading=\"lazy\"\/><\/p>\n<p class=\"ft-helper-fontColor-quaternary ft-helper-fontSize-body-S ft-helper-spacer-t-xxs\">Vista externa de las cubiertas de la catedral salamantina de Ciudad Rodrigo.  \/ Cedida<\/p>\n<p class=\"ft-text\">El uso de madera, <strong>teja tal\u00f3n Verea y teja \u201cvieja\u201d recuperada como cobija fue especialmente valorado por el jurado<\/strong>.<\/p>\n<p>Menci\u00f3n de nuevos usos<\/p>\n<p class=\"ft-text\">Los dise\u00f1adores <strong>Ricardo Tub\u00edo y Xabier Rilo<\/strong>, de Cenlitros Sociedade Cooperativa Galega, recibieron la menci\u00f3n especial por su <strong>innovadora propuesta de se\u00f1alizaci\u00f3n para el centro hidrotermal Spa\u015finho<\/strong>, ubicado en Outes en la desembocadura del r\u00edo Tambre.<\/p>\n<p><img decoding=\"async\" src=\"https:\/\/www.europesays.com\/es\/wp-content\/uploads\/2025\/12\/fbc28a63-a0fc-45a3-a55c-3d88c6098095_alta-libre-aspect-ratio_default_0.jpg\" width=\"1200\" height=\"800\" alt=\"La menci\u00f3n especial fue para la propuesta de se\u00f1alizaci\u00f3n del Spa\u015finho, en Outes.\" class=\"ft-helper-img-rd\" loading=\"lazy\"\/><\/p>\n<p class=\"ft-helper-fontColor-quaternary ft-helper-fontSize-body-S ft-helper-spacer-t-xxs\">La menci\u00f3n especial fue para la propuesta de se\u00f1alizaci\u00f3n del Spa\u015finho, en Outes.  \/ Cedida<\/p>\n<p class=\"ft-text\">Utilizaron la<strong> teja plana de la <\/strong><strong>Gama Eternal<\/strong><strong> como soporte informativo<\/strong>, grabada mediante chorreo de arena y fijada mec\u00e1nicamente sin adhesivos. La cer\u00e1mica, vinculada tradicionalmente al agua y a los materiales naturales,<strong> aporta una est\u00e9tica integrada y atemporal al recorrido termal<\/strong>.<\/p>\n<p class=\"ft-text\">En su caso, el jurado destac\u00f3 l<strong>a complejidad t\u00e9cnica del sistema de anclaje<\/strong>, adaptable a pared, techo y diferentes laterales de la teja.<\/p>\n","protected":false},"excerpt":{"rendered":"Los Premios Internacionales de Arquitectura Cubiertas Tejas Verea, impulsados por Tejas Verea y el Colexio Oficial de Arquitectos&hellip;\n","protected":false},"author":2,"featured_media":271487,"comment_status":"","ping_status":"","sticky":false,"template":"","format":"standard","meta":{"footnotes":""},"categories":[173],"tags":[801,229,233,231,230,21863,232,234,146,147,25,24,7111,1397,532,2239,23,66644,5002],"class_list":{"0":"post-271486","1":"post","2":"type-post","3":"status-publish","4":"format-standard","5":"has-post-thumbnail","7":"category-arte-y-diseno","8":"tag-arquitectura","9":"tag-arte","10":"tag-arte-y-diseno","11":"tag-arts","12":"tag-arts-and-design","13":"tag-catedral","14":"tag-design","15":"tag-diseno","16":"tag-entertainment","17":"tag-entretenimiento","18":"tag-es","19":"tag-espana","20":"tag-paisaje","21":"tag-patrimonio","22":"tag-premios","23":"tag-proyectos","24":"tag-spain","25":"tag-tejados","26":"tag-viviendas"},"share_on_mastodon":{"url":"https:\/\/pubeurope.com\/@es\/115663602652728651","error":""},"_links":{"self":[{"href":"https:\/\/www.europesays.com\/es\/wp-json\/wp\/v2\/posts\/271486","targetHints":{"allow":["GET"]}}],"collection":[{"href":"https:\/\/www.europesays.com\/es\/wp-json\/wp\/v2\/posts"}],"about":[{"href":"https:\/\/www.europesays.com\/es\/wp-json\/wp\/v2\/types\/post"}],"author":[{"embeddable":true,"href":"https:\/\/www.europesays.com\/es\/wp-json\/wp\/v2\/users\/2"}],"replies":[{"embeddable":true,"href":"https:\/\/www.europesays.com\/es\/wp-json\/wp\/v2\/comments?post=271486"}],"version-history":[{"count":0,"href":"https:\/\/www.europesays.com\/es\/wp-json\/wp\/v2\/posts\/271486\/revisions"}],"wp:featuredmedia":[{"embeddable":true,"href":"https:\/\/www.europesays.com\/es\/wp-json\/wp\/v2\/media\/271487"}],"wp:attachment":[{"href":"https:\/\/www.europesays.com\/es\/wp-json\/wp\/v2\/media?parent=271486"}],"wp:term":[{"taxonomy":"category","embeddable":true,"href":"https:\/\/www.europesays.com\/es\/wp-json\/wp\/v2\/categories?post=271486"},{"taxonomy":"post_tag","embeddable":true,"href":"https:\/\/www.europesays.com\/es\/wp-json\/wp\/v2\/tags?post=271486"}],"curies":[{"name":"wp","href":"https:\/\/api.w.org\/{rel}","templated":true}]}}