{"id":271488,"date":"2025-12-04T22:15:15","date_gmt":"2025-12-04T22:15:15","guid":{"rendered":"https:\/\/www.europesays.com\/es\/271488\/"},"modified":"2025-12-04T22:15:15","modified_gmt":"2025-12-04T22:15:15","slug":"si-es-la-ultima-mujer-del-mundo-yo-me-quedo-soltero","status":"publish","type":"post","link":"https:\/\/www.europesays.com\/es\/271488\/","title":{"rendered":"Si es la \u00faltima mujer del mundo, yo me quedo soltero"},"content":{"rendered":"<p>Siempre hay un roto para un descosido, o eso dec\u00edan nuestras abuelas. Al restaurante de &#8216;First Dates&#8217; <strong>llegan solteros de todo tipo<\/strong>. Para ayudarles a encontrar pareja, el &#8216;dating show&#8217; ha preparado una fiesta de pijamas. <strong>Sandra <\/strong>(49 a\u00f1os) ha sido, sin duda, el alma de la noche. Se ha presentado en el restaurante con un pijama de Pikachu y muchas ganas de enamorarse.\u00a0<\/p>\n<p>Mide 1,38 metros, \u00abpero no me hace falta medir dos metros porque yo lo tengo bien colocado\u00bb. Se ha presentado como la Karol G de La L\u00ednea. En su d\u00eda a d\u00eda, se dedica al\u00a0reparto a domicilio y tambi\u00e9n da sorpresas: \u00abEmpec\u00e9 a bailar la tropicoqueta y ahora todo el mundo quiere bailarlo conmigo\u00bb. Menos su cita.<\/p>\n<p>Sandra se preparaba para recibir a su cita al ritmo de la colombiana, mientras <strong>Pedro <\/strong>(51 a\u00f1os) aseguraba que es bueno en las cosas \u00edntimas antes incluso de llegar al <a href=\"https:\/\/www.lecturas.com\/television\/pareja-que-se-conocio-first-dates-desvela-secretos-que-nunca-se-han-contado-programa-comida-siempre-esta-fria-puesto-que-es-catering_180604\" target=\"_self\" rel=\"nofollow noopener\">restaurante de &#8216;First Dates&#8217;<\/a>.\u00a0M\u00e1s que como una sorpresa de su cita, se lo ha tomado como un recibimiento animado. \u00abLe ha gustado la &#8216;tropicoqueta&#8217;, pero le ha gustado m\u00e1s contestar al de la barra y ver c\u00f3mo estaba el restaurante antes que ver que estaba yo al lado\u00bb, ha espetado.<\/p>\n<p>Pedro evita salud a su cita<\/p>\n<p>El gruista ha evitado a su cita hasta que se han sentado en la mesa; incluso le ha llegado a dar la espalda. \u00abMe ha parecido maleducado porque <strong>no se ha acercado a m\u00ed<\/strong>. Es que ni me ha saludado\u00bb, ha espetado Sandra. Lo que ha ocurrido es que Pedro no quer\u00eda entender que ella iba a ser su cita. \u00abEs que cuando la he visto me cre\u00eda que era de decorado. Cuando la he visto sentarse he dicho: &#8216;Esta es la de los globos&#8217;. Yo estaba esperando y buscando a ver cu\u00e1l era la m\u00eda\u00bb, ha explicado.<\/p>\n<p>Sandra ha recibido a Pedro con m\u00fasica y bailando, pero despu\u00e9s de esto ha llegado el silencio. <strong>La decepci\u00f3n por parte de ambos era evidente<\/strong>. \u00abF\u00edsicamente no me gusta porque no es el tipo de hombre en el que me fijar\u00eda yo\u00bb, ha apuntado la de La L\u00ednea de la Concepci\u00f3n.<\/p>\n<p><img decoding=\"async\" src=\"https:\/\/www.europesays.com\/es\/wp-content\/uploads\/2025\/12\/leonor-e-infanta-sofia_2d55d995_251204174108_800x800.webp.webp\" alt=\"Leonor e infanta Sof\u00eda\" class=\"image lazyload\"\/><img loading=\"lazy\" decoding=\"async\" src=\"https:\/\/www.europesays.com\/es\/wp-content\/uploads\/2025\/12\/leonor-e-infanta-sofia_2d55d995_251204174116_1280x720.webp.webp\" alt=\"La princesa Leonor y la infanta Sof\u00eda renuncian a su herencia: una decisi\u00f3n en manos de sus primos, los hijos de las infantas Elena y Cristina\" class=\"image lazyload\" width=\"1280\" height=\"720\" data-aspectratio=\"1280\/720\"\/><\/p>\n<p>Durante la cena, han hablado de expectativas y experiencias pasadas.\u00a0Pedro le ha confesado que <a href=\"https:\/\/www.lecturas.com\/television\/comensal-first-dates-busca-a-su-tercera-mujer_136443\" target=\"_self\" rel=\"nofollow noopener\">ha salido de una relaci\u00f3n hace poco<\/a>. \u00abSe ha ido todo al garete al final. Al nada y menos de una pelea que tuvimos me reemplaz\u00f3 y se fue, a los siete d\u00edas. Era muy controladora, muy manipuladora. La palabra es narcisismo\u00bb, le ha explicado.<\/p>\n<p>Sandra estaba confundida. No entend\u00eda muy bien qu\u00e9 es el narcisismo ni ninguno de los otros muchos t\u00e9rminos que le ha dicho en ingl\u00e9s. El sevillano le ha hablado del &#8216;gaslighting&#8217; (o luz de gas) o &#8216;love bombing&#8217; (ese inter\u00e9s amoroso excesivo abrumador para luego distanciarse). \u00abNo lo\u00a0entend\u00ed hablando en espa\u00f1ol, imag\u00ednate en ingl\u00e9s\u00bb, espetaba su cita.\u00a0<\/p>\n<p>Pedro buscaba una Angelina Jolie, \u00abpero no se parece ni en el blanco de los ojos\u00bb.\u00a0A Sandra no le ha gustado que alardee de lo bueno que es la cama.\u00a0<strong>Se han mentido mutuamente<\/strong>. Pedro\u00a0le ha dicho que la cita iba bien y que ella le ha parecido tambi\u00e9n bien. Eso s\u00ed, a las c\u00e1maras de &#8216;First Dates&#8217; le ha confesado que \u00abno hay por donde cogerla\u00bb:\u00a0\u00abSi es la \u00faltima mujer del mundo, yo me quedo soltero\u00bb.\u00a0Ella tambi\u00e9n ten\u00eda un comentario sobre su cita: \u00ab<strong>Mucho pan para tan poco chorizo<\/strong>\u00ab. De hecho, le ha recriminado al programa su elecci\u00f3n. \u00abYo creo que me podr\u00edais haber buscado algo un poquito mejor\u00bb, le ha dicho.\u00a0<\/p>\n<p>En la decisi\u00f3n final, Pedro le ha dicho que esperaba encontrarse con una Angelina Jolie. Sandra le ha confesado que buscaba un empotrador y \u00abno un gusanito pidiendo socorro\u00bb. En un intento de vengarse, el gruista se ha despedido de su cita dici\u00e9ndole \u00abtropicroqueta\u00bb. Al menos ella ha demostrado tener un poco de mejor humor.\u00a0\u00a0<\/p>\n","protected":false},"excerpt":{"rendered":"Siempre hay un roto para un descosido, o eso dec\u00edan nuestras abuelas. Al restaurante de &#8216;First Dates&#8217; llegan&hellip;\n","protected":false},"author":2,"featured_media":271489,"comment_status":"","ping_status":"","sticky":false,"template":"","format":"standard","meta":{"footnotes":""},"categories":[171],"tags":[146,147,25,24,23,214],"class_list":{"0":"post-271488","1":"post","2":"type-post","3":"status-publish","4":"format-standard","5":"has-post-thumbnail","7":"category-tv","8":"tag-entertainment","9":"tag-entretenimiento","10":"tag-es","11":"tag-espana","12":"tag-spain","13":"tag-tv"},"share_on_mastodon":{"url":"https:\/\/pubeurope.com\/@es\/115663610555656084","error":""},"_links":{"self":[{"href":"https:\/\/www.europesays.com\/es\/wp-json\/wp\/v2\/posts\/271488","targetHints":{"allow":["GET"]}}],"collection":[{"href":"https:\/\/www.europesays.com\/es\/wp-json\/wp\/v2\/posts"}],"about":[{"href":"https:\/\/www.europesays.com\/es\/wp-json\/wp\/v2\/types\/post"}],"author":[{"embeddable":true,"href":"https:\/\/www.europesays.com\/es\/wp-json\/wp\/v2\/users\/2"}],"replies":[{"embeddable":true,"href":"https:\/\/www.europesays.com\/es\/wp-json\/wp\/v2\/comments?post=271488"}],"version-history":[{"count":0,"href":"https:\/\/www.europesays.com\/es\/wp-json\/wp\/v2\/posts\/271488\/revisions"}],"wp:featuredmedia":[{"embeddable":true,"href":"https:\/\/www.europesays.com\/es\/wp-json\/wp\/v2\/media\/271489"}],"wp:attachment":[{"href":"https:\/\/www.europesays.com\/es\/wp-json\/wp\/v2\/media?parent=271488"}],"wp:term":[{"taxonomy":"category","embeddable":true,"href":"https:\/\/www.europesays.com\/es\/wp-json\/wp\/v2\/categories?post=271488"},{"taxonomy":"post_tag","embeddable":true,"href":"https:\/\/www.europesays.com\/es\/wp-json\/wp\/v2\/tags?post=271488"}],"curies":[{"name":"wp","href":"https:\/\/api.w.org\/{rel}","templated":true}]}}