{"id":271492,"date":"2025-12-04T22:17:17","date_gmt":"2025-12-04T22:17:17","guid":{"rendered":"https:\/\/www.europesays.com\/es\/271492\/"},"modified":"2025-12-04T22:17:17","modified_gmt":"2025-12-04T22:17:17","slug":"five-nights-at-freddys-2-terror-en-la-pizzeria","status":"publish","type":"post","link":"https:\/\/www.europesays.com\/es\/271492\/","title":{"rendered":"&#8216;Five Nights at Freddy\u2019s 2&#8217;, terror en la pizzer\u00eda"},"content":{"rendered":"<p>04\/12\/2025 a las 10:45h.<\/p>\n<p class=\"voc-save-news__paragraph\">Esta funcionalidad es s\u00f3lo para suscriptores<\/p>\n<p><a href=\"https:\/\/secure.abc.es\/suscripcion#vca=suscribete&amp;vso=abc&amp;vmc=on&amp;vli=comentarios-btn-flujo\" data-voc-vtm-id=\"comienzoSuscripcionON\" data-voc-vtm-info=\"btncomentar\" class=\"voc-btn voc-btn--w voc-btn--xs voc-save-news__btn\" rel=\"nofollow noopener\" target=\"_blank\"><br \/>\nSuscribete<br \/>\n<\/a><\/p>\n<p class=\"voc-p\" style=\"\">Madrid, 4 dic (EFE).- &#8216;Five Nights at Freddy\u2019s&#8217;, fen\u00f3meno de terror producido por Blumhouse y basado en un exitoso videojuego, se convirti\u00f3 en la pel\u00edcula de terror con mayor recaudaci\u00f3n de 2023. Con la esperanza de repetir la haza\u00f1a, llega un nuevo cap\u00edtulo de \u00bb &#8230; horror animatr\u00f3nico\u00bb, de nuevo con direcci\u00f3n de la estadounidense Emma Tammi y con guion del creador del videojuego, Scott Cawthon. Regresan al reparto Theodus Crane y Matthew Lillard. Los nuevos personajes est\u00e1n interpretados por Freddy Carter (&#8216;Sombra y hueso&#8217;), Wayne Knight (&#8216;Parque Jur\u00e1sico&#8217;), Mckenna Grace (&#8216;Los Cazafantasmas&#8217;) y el icono del cine de terror Skeet Ulrich (&#8216;Scream: Vigila qui\u00e9n llama&#8217;). IM\u00c1GENES DE LA PEL\u00cdCULA CEDIDAS POR LA PRODUCTORA.<\/p>\n<p>\nArt\u00edculo solo para suscriptores\n<\/p>\n<p>Reportar un error<\/p>\n<p class=\"voc-save-news__paragraph\">Esta funcionalidad es s\u00f3lo para suscriptores<\/p>\n<p><a href=\"https:\/\/secure.abc.es\/suscripcion#vca=suscribete&amp;vso=abc&amp;vmc=on&amp;vli=comentarios-btn-flujo\" data-voc-vtm-id=\"comienzoSuscripcionON\" data-voc-vtm-info=\"btncomentar\" class=\"voc-btn voc-btn--w voc-btn--xs voc-save-news__btn\" rel=\"nofollow noopener\" target=\"_blank\"><br \/>\nSuscribete<br \/>\n<\/a><\/p>\n","protected":false},"excerpt":{"rendered":"04\/12\/2025 a las 10:45h. Esta funcionalidad es s\u00f3lo para suscriptores Suscribete Madrid, 4 dic (EFE).- &#8216;Five Nights at&hellip;\n","protected":false},"author":2,"featured_media":271493,"comment_status":"","ping_status":"","sticky":false,"template":"","format":"standard","meta":{"footnotes":""},"categories":[169],"tags":[177,146,147,25,24,176,66645,66646,175,49122,38839,23,6667],"class_list":{"0":"post-271492","1":"post","2":"type-post","3":"status-publish","4":"format-standard","5":"has-post-thumbnail","7":"category-cine","8":"tag-cine","9":"tag-entertainment","10":"tag-entretenimiento","11":"tag-es","12":"tag-espana","13":"tag-film","14":"tag-five","15":"tag-freddys","16":"tag-movies","17":"tag-nights","18":"tag-pizzeria","19":"tag-spain","20":"tag-terror"},"share_on_mastodon":{"url":"https:\/\/pubeurope.com\/@es\/115663617927532995","error":""},"_links":{"self":[{"href":"https:\/\/www.europesays.com\/es\/wp-json\/wp\/v2\/posts\/271492","targetHints":{"allow":["GET"]}}],"collection":[{"href":"https:\/\/www.europesays.com\/es\/wp-json\/wp\/v2\/posts"}],"about":[{"href":"https:\/\/www.europesays.com\/es\/wp-json\/wp\/v2\/types\/post"}],"author":[{"embeddable":true,"href":"https:\/\/www.europesays.com\/es\/wp-json\/wp\/v2\/users\/2"}],"replies":[{"embeddable":true,"href":"https:\/\/www.europesays.com\/es\/wp-json\/wp\/v2\/comments?post=271492"}],"version-history":[{"count":0,"href":"https:\/\/www.europesays.com\/es\/wp-json\/wp\/v2\/posts\/271492\/revisions"}],"wp:featuredmedia":[{"embeddable":true,"href":"https:\/\/www.europesays.com\/es\/wp-json\/wp\/v2\/media\/271493"}],"wp:attachment":[{"href":"https:\/\/www.europesays.com\/es\/wp-json\/wp\/v2\/media?parent=271492"}],"wp:term":[{"taxonomy":"category","embeddable":true,"href":"https:\/\/www.europesays.com\/es\/wp-json\/wp\/v2\/categories?post=271492"},{"taxonomy":"post_tag","embeddable":true,"href":"https:\/\/www.europesays.com\/es\/wp-json\/wp\/v2\/tags?post=271492"}],"curies":[{"name":"wp","href":"https:\/\/api.w.org\/{rel}","templated":true}]}}