{"id":271496,"date":"2025-12-04T22:19:09","date_gmt":"2025-12-04T22:19:09","guid":{"rendered":"https:\/\/www.europesays.com\/es\/271496\/"},"modified":"2025-12-04T22:19:09","modified_gmt":"2025-12-04T22:19:09","slug":"comienza-la-vacunacion-sin-cita-frente-a-la-gripe-para-menores-de-18-anos-en-huesca-radio-huesca","status":"publish","type":"post","link":"https:\/\/www.europesays.com\/es\/271496\/","title":{"rendered":"Comienza la vacunaci\u00f3n sin cita, frente a la gripe, para menores de 18 a\u00f1os en Huesca | Radio Huesca"},"content":{"rendered":"<p class=\"loc\">Huesca<\/p>\n<p>El Departamento de Sanidad del Gobierno de Arag\u00f3n y el Servicio Aragon\u00e9s de Salud han impulsado diferentes medidas para favorecer la vacunaci\u00f3n de la poblaci\u00f3n menor de edad con el objetivo de evitar la propagaci\u00f3n de la epidemia de gripe, entre ellas, la vacunaci\u00f3n sin cita o la ampliaci\u00f3n de horarios. Este jueves, 4 de diciembre, ha comenzado la primera jornada de vacunaci\u00f3n sin cita para este grupo de poblaci\u00f3n en Huesca.<\/p>\n<p>Se est\u00e1 desarrollando en el centro de salud Pirineos, en horario de 16:00 a 20:00 horas. Se repetir\u00e1, con el mismo horario y en el mismo lugar, el martes, 9 de diciembre. Estas jornadas est\u00e1n dirigidas a toda la poblaci\u00f3n menor de edad de la ciudad y tambi\u00e9n de localidades pr\u00f3ximas.<\/p>\n<p>Los d\u00edas 9 y 10 de diciembre tambi\u00e9n habr\u00e1 vacunaci\u00f3n sin cita para menores de 18 a\u00f1os en el centro de salud de Sabi\u00f1\u00e1nigo, de 16:00 a 19:00 horas. Y el centro de salud de Ayerbe, el martes, 9 de diciembre, de 16:00 a 18:00 horas. En ambos casos, tambi\u00e9n pueden ir menores de esas localidades y de otras pr\u00f3ximas.<\/p>\n<p>Es necesario pedir cita previa, a trav\u00e9s de la app y web de Salud Informa, o en el mostrador del centro.Vacunar a los ni\u00f1os y j\u00f3venes contra la gripe es fundamental porque protege su salud y reduce hospitalizaciones. <\/p>\n<p>La gripe no debe banalizarse ya que puede derivar en otitis, bronquitis, neumon\u00eda o fiebre alta que requiere de ingresos hospitalarios.Adem\u00e1s, vacunar a los menores no solo les protege a ellos, sino tambi\u00e9n a personas vulnerables de su entorno, como abuelos o familiares con enfermedades cr\u00f3nicas, que muchas veces ejercen, adem\u00e1s, de cuidadores.<\/p>\n","protected":false},"excerpt":{"rendered":"Huesca El Departamento de Sanidad del Gobierno de Arag\u00f3n y el Servicio Aragon\u00e9s de Salud han impulsado diferentes&hellip;\n","protected":false},"author":2,"featured_media":271497,"comment_status":"","ping_status":"","sticky":false,"template":"","format":"standard","meta":{"footnotes":""},"categories":[92],"tags":[25,24,165,166,23],"class_list":{"0":"post-271496","1":"post","2":"type-post","3":"status-publish","4":"format-standard","5":"has-post-thumbnail","7":"category-salud","8":"tag-es","9":"tag-espana","10":"tag-health","11":"tag-salud","12":"tag-spain"},"share_on_mastodon":{"url":"https:\/\/pubeurope.com\/@es\/115663625724959496","error":""},"_links":{"self":[{"href":"https:\/\/www.europesays.com\/es\/wp-json\/wp\/v2\/posts\/271496","targetHints":{"allow":["GET"]}}],"collection":[{"href":"https:\/\/www.europesays.com\/es\/wp-json\/wp\/v2\/posts"}],"about":[{"href":"https:\/\/www.europesays.com\/es\/wp-json\/wp\/v2\/types\/post"}],"author":[{"embeddable":true,"href":"https:\/\/www.europesays.com\/es\/wp-json\/wp\/v2\/users\/2"}],"replies":[{"embeddable":true,"href":"https:\/\/www.europesays.com\/es\/wp-json\/wp\/v2\/comments?post=271496"}],"version-history":[{"count":0,"href":"https:\/\/www.europesays.com\/es\/wp-json\/wp\/v2\/posts\/271496\/revisions"}],"wp:featuredmedia":[{"embeddable":true,"href":"https:\/\/www.europesays.com\/es\/wp-json\/wp\/v2\/media\/271497"}],"wp:attachment":[{"href":"https:\/\/www.europesays.com\/es\/wp-json\/wp\/v2\/media?parent=271496"}],"wp:term":[{"taxonomy":"category","embeddable":true,"href":"https:\/\/www.europesays.com\/es\/wp-json\/wp\/v2\/categories?post=271496"},{"taxonomy":"post_tag","embeddable":true,"href":"https:\/\/www.europesays.com\/es\/wp-json\/wp\/v2\/tags?post=271496"}],"curies":[{"name":"wp","href":"https:\/\/api.w.org\/{rel}","templated":true}]}}