{"id":271498,"date":"2025-12-04T22:20:18","date_gmt":"2025-12-04T22:20:18","guid":{"rendered":"https:\/\/www.europesays.com\/es\/271498\/"},"modified":"2025-12-04T22:20:18","modified_gmt":"2025-12-04T22:20:18","slug":"presley-gerber-hijo-de-cindy-crawford-se-sincera-sobre-sus-problemas-de-salud-mental-espero-que-haya-alguien-ahi-fuera-dispuesto-a-ayudarme-o-que-conozca-a-alguien-que-pueda-hacerlo","status":"publish","type":"post","link":"https:\/\/www.europesays.com\/es\/271498\/","title":{"rendered":"Presley Gerber, hijo de Cindy Crawford, se sincera sobre sus problemas de salud mental: \u201cEspero que haya alguien ah\u00ed fuera dispuesto a ayudarme o que conozca a alguien que pueda hacerlo\u00bb"},"content":{"rendered":"<p><img decoding=\"async\" alt=\"Presley Gerber\" loading=\"lazy\" class=\"ResponsiveImageContainer-eNxvmU cfBbTk responsive-image__image\"   src=\"https:\/\/www.europesays.com\/es\/wp-content\/uploads\/2025\/12\/gerber.jpg\"\/><\/p>\n<p>Presley Gerber junto a su madre, Cindy Crawford.<\/p>\n<p>Alexander Tamargo\/Getty Images<\/p>\n<p class=\"has-dropcap\">Es un tema del que lleva hablando abiertamente desde hace tiempo: <a href=\"https:\/\/www.revistavanityfair.es\/sociedad\/celebrities\/articulos\/hijo-cindy-crawford-presley-gerber\/26180\" rel=\"nofollow noopener\" target=\"_blank\"><strong>Presley Gerber<\/strong><\/a>, de 26 a\u00f1os, el hijo mayor de <a href=\"https:\/\/www.revistavanityfair.es\/articulos\/me-siento-bendecida-por-tenerte-a-mi-lado-cindy-crawford-celebra-su-27-aniversario-con-su-marido\" rel=\"nofollow noopener\" target=\"_blank\"><strong>Cindy Crawford<\/strong> y <strong>Rande Gerber<\/strong><\/a>, ha publicado un v\u00eddeo en Instagram en el que habla de su salud mental y se sincera sobre sus dificultades.<\/p>\n<p>\u201cCreo que la honestidad es la mejor opci\u00f3n\u201d, afirma y explica que actualmente est\u00e1 tomando varios medicamentos, como buprenorfina, Xanax y Valium, para controlar los ataques de p\u00e1nico. Las dosis, comenta, cambian a menudo seg\u00fan los momentos que atraviesa: \u201cLas benzodiazepinas oscilan al alza o a la baja dependiendo de lo que ocurra en mi vida\u201d. En los \u00faltimos meses, dice, ha sufrido varias p\u00e9rdidas: \u201cNo es una excusa, pero es la raz\u00f3n por la que me encuentro en esta situaci\u00f3n\u201d. Toma Xanax \u201ccuando los ataques de p\u00e1nico son realmente muy fuertes\u201d. El Valium lo toma por la ma\u00f1ana, aunque admite que ya no tiene una percepci\u00f3n precisa de las cantidades: \u201cNo s\u00e9 si es poco o mucho; a estas alturas, ya nadie lo sabe\u201d.<\/p>\n<p>En su v\u00eddeo tambi\u00e9n admite la incertidumbre que siente con respecto a las indicaciones recibidas por los distintos especialistas. \u201cLos m\u00e9dicos dicen muchas cosas diferentes, y eso da un poco de miedo\u201d, afirma. Tambi\u00e9n describe otra sensaci\u00f3n muy concreta: \u201cLo que me asusta son precisamente las cosas que tengo que hacer s\u00ed o s\u00ed, porque si no las hago pasa algo malo\u201d, explica, refiri\u00e9ndose a la fuerza de los s\u00edntomas de abstinencia que provocan algunos f\u00e1rmacos.<\/p>\n<p>A pesar de las numerosas consultas, <a href=\"https:\/\/www.revistavanityfair.es\/sociedad\/celebrities\/articulos\/presley-gerber-defiende-criticas-tatuaje-cara\/43318\" rel=\"nofollow noopener\" target=\"_blank\">Presley Gerber<\/a> no parece haber encontrado a\u00fan una gu\u00eda terap\u00e9utica estable: \u201cNo tengo la orientaci\u00f3n que me gustar\u00eda\u201d. Y explica: \u201cMe gustar\u00eda que los m\u00e9dicos me dijeran: t\u00f3melo tres veces al d\u00eda. <strong>Pero todos los psiquiatras que he tenido, y he tenido 15, me han recetado 20 medicamentos y me han dicho que los tome seg\u00fan como me sienta.<\/strong> No quiero tanta libertad: necesito indicaciones precisas\u201d.<\/p>\n<p>El joven modelo tambi\u00e9n cuenta lo que \u00faltimamente le est\u00e1 haciendo bien: entrenar, dejar de beber alcohol y buscar un entorno m\u00e1s estable. \u201cEspero encontrar una comunidad de personas que tengan una buena influencia en m\u00ed\u201d. Tambi\u00e9n menciona el contexto en el que creci\u00f3: \u201cEn Hollywood hay muchas personas a las que quiero mucho, pero por ahora intento no estar demasiado cerca de ellas\u201d.<\/p>\n<p>En la parte final del v\u00eddeo explica el motivo de su mensaje: \u201cMe gustar\u00eda que quienes lo vean comprendan que no est\u00e1n solos, porque yo me siento as\u00ed la mayor parte del tiempo. Tengo la sensaci\u00f3n de que, al decir todo esto, muchas personas al menos sabr\u00e1n que hay alguien m\u00e1s que est\u00e1 pasando por algo similar\u201d. Pero tambi\u00e9n tiene otro objetivo: \u201cEspero que haya alguien ah\u00ed fuera dispuesto a ayudarme o que conozca a alguien que pueda hacerlo\u201d.<\/p>\n<p>Entre los primeros comentarios que se leen en la publicaci\u00f3n est\u00e1 el de su madre, Cindy Crawford: <strong>\u201cPresley, te queremos y no est\u00e1s solo\u201d.<\/strong><\/p>\n<p>Art\u00edculo publicado por &#8216;Vanity Fair&#8217; Italia. Accede al original <a href=\"https:\/\/www.vanityfair.it\/article\/presley-gerber-figlio-cindy-crawford-problemi-salute-mentale\" rel=\"nofollow noopener\" target=\"_blank\">aqu\u00ed<\/a>.<\/p>\n","protected":false},"excerpt":{"rendered":"Presley Gerber junto a su madre, Cindy Crawford. Alexander Tamargo\/Getty Images Es un tema del que lleva hablando&hellip;\n","protected":false},"author":2,"featured_media":271499,"comment_status":"","ping_status":"","sticky":false,"template":"","format":"standard","meta":{"footnotes":""},"categories":[91],"tags":[66648,146,147,25,24,32180,66647,4474,23],"class_list":{"0":"post-271498","1":"post","2":"type-post","3":"status-publish","4":"format-standard","5":"has-post-thumbnail","7":"category-entretenimiento","8":"tag-cindy-crawford","9":"tag-entertainment","10":"tag-entretenimiento","11":"tag-es","12":"tag-espana","13":"tag-kaia-gerber","14":"tag-presley-gerber","15":"tag-salud-mental","16":"tag-spain"},"share_on_mastodon":{"url":"https:\/\/pubeurope.com\/@es\/115663629767176658","error":""},"_links":{"self":[{"href":"https:\/\/www.europesays.com\/es\/wp-json\/wp\/v2\/posts\/271498","targetHints":{"allow":["GET"]}}],"collection":[{"href":"https:\/\/www.europesays.com\/es\/wp-json\/wp\/v2\/posts"}],"about":[{"href":"https:\/\/www.europesays.com\/es\/wp-json\/wp\/v2\/types\/post"}],"author":[{"embeddable":true,"href":"https:\/\/www.europesays.com\/es\/wp-json\/wp\/v2\/users\/2"}],"replies":[{"embeddable":true,"href":"https:\/\/www.europesays.com\/es\/wp-json\/wp\/v2\/comments?post=271498"}],"version-history":[{"count":0,"href":"https:\/\/www.europesays.com\/es\/wp-json\/wp\/v2\/posts\/271498\/revisions"}],"wp:featuredmedia":[{"embeddable":true,"href":"https:\/\/www.europesays.com\/es\/wp-json\/wp\/v2\/media\/271499"}],"wp:attachment":[{"href":"https:\/\/www.europesays.com\/es\/wp-json\/wp\/v2\/media?parent=271498"}],"wp:term":[{"taxonomy":"category","embeddable":true,"href":"https:\/\/www.europesays.com\/es\/wp-json\/wp\/v2\/categories?post=271498"},{"taxonomy":"post_tag","embeddable":true,"href":"https:\/\/www.europesays.com\/es\/wp-json\/wp\/v2\/tags?post=271498"}],"curies":[{"name":"wp","href":"https:\/\/api.w.org\/{rel}","templated":true}]}}