{"id":271506,"date":"2025-12-04T22:25:16","date_gmt":"2025-12-04T22:25:16","guid":{"rendered":"https:\/\/www.europesays.com\/es\/271506\/"},"modified":"2025-12-04T22:25:16","modified_gmt":"2025-12-04T22:25:16","slug":"en-que-consiste-una-de-las-exigencias-de-junts-que-desbloquea-el-congreso","status":"publish","type":"post","link":"https:\/\/www.europesays.com\/es\/271506\/","title":{"rendered":"en qu\u00e9 consiste una de las exigencias de Junts que desbloquea el Congreso"},"content":{"rendered":"<p>La pol\u00edtica tiene cosas muy curiosas. En pleno enfrentamiento PSOE-PP y en plena ruptura Junts-PSOE, las tres formaciones se han puesto de acuerdo para <b>desbloquear la ley de multirreincidencia\u00a0<\/b>y llevarla hasta la Comisi\u00f3n de Justicia en el Congreso, dando respuesta a una exigencias de la formaci\u00f3n catalana al Ejecutivo. Todo ello se enmarca dentro del plano de la misi\u00f3n que han asumido los socialistas la \u00faltima semana, que pretende recuperar a Junts para poder llevar adelante los diferentes objetivos que tiene el Gobierno en los pr\u00f3ximos meses y en caso de que quiera llegar hasta 2027 tal y como ha manifestado Pedro S\u00e1nchez.\u00a0<\/p>\n<p>PSOE, PP y Junts han llegado a un acuerdo en el Congreso en torno a seis enmiendas transaccionales dentro de una proposici\u00f3n de ley hecha por los de Puigdemont para castigar estos comportamientos a trav\u00e9s de\u00a0un <b>endurecimiento del c\u00f3digo penal<\/b> en casos de <b>delitos continuados y reincidentes<\/b>.<\/p>\n<p>No es un texto nuevo. Ya en 2024, Junts lo llev\u00f3 a la C\u00e1mara Baja y all\u00ed obtuvo un amplio apoyo, incluyendo a PSOE, PP y Vox, pero <b>el asunto qued\u00f3 en v\u00eda muerta<\/b>. La propuesta entonces\u00a0\u2014al igual que ahora\u2014 se\u00f1alaba la \u00abinsuficiente respuesta penal ante los hurtos reincidentes\u00bb y consta de un aumento en las penas en esos casos concretos que engloba, por ejemplo, el robo de m\u00f3viles.\u00a0<\/p>\n<p>Este endurecimiento de las condenas podr\u00eda llegar a suponer a que, llevado a juicio, la pena pueda ascender hasta uno o tres a\u00f1os de c\u00e1rcel. Toda la izquierda del hemiciclo ha votado en contra de esta propuesta salvo Esquerra Republicana de Catalunya que no ha mostrado p\u00fablicamente el sentido de su voto. Esta circunstancia llega despu\u00e9s de meses en los que el l\u00edder de la formaci\u00f3n independentista, Gabriel Rufi\u00e1n, mostrara p\u00fablicamente en sus intervenciones parlamentarias que <b>\u00abla izquierda tiene que hablar de migraci\u00f3n y de multirreincidencia\u00bb<\/b>.\u00a0<\/p>\n<p>Tras la \u00abruptura\u00bb de los catalanistas con el PSOE, el principal partido del Ejecutivo decidi\u00f3 poner en marcha una ponencia para reactivarlo y dirigirlo a la Comisi\u00f3n de Justicia, donde se comenzar\u00e1 a debatir en un plazo de dos semanas, con vistas a que sea <b>en febrero cuando el pleno del Congreso lo debata<\/b> de forma integral despu\u00e9s de la valoraci\u00f3n de dicha comisi\u00f3n.<\/p>\n<p>Qu\u00e9 puede llegar a cambiar en estos delitos\u00a0<\/p>\n<p>Pese al acercamiento puntual, los postconvergentes de <b>Junts insisten en haber \u00abroto\u00bb su relaci\u00f3n parlamentaria con los socialistas<\/b> y, por ende, con el Gobierno. Sin embargo, este acercamiento marca una paradoja en el que, tanto el Partido Socialista, como Junts, el Partido Popular, Vox y Partido Nacionalista Vasco se han puesto de acuerdo en aumentar las condenas a aquellos delitos reincidentes.\u00a0<\/p>\n<p>Lo que dice el C\u00f3digo Penal en estos momentos es que para que un delito se considere como reincidente, tienen que darse una serie de supuestos muy concretos. En primer lugar, la sentencia debe de tener tres sentencias leves que se encuentren en v\u00eda de ejecuci\u00f3n. Adem\u00e1s, <b>los objetos robados no deben superar los 400 euros de valor<\/b> y esas tres sentencias deben alcanzar el propio valor mencionado.<\/p>\n<p>Con ello, <b>los antecedentes que tenga el hurtador no deben haber prescrito<\/b> y, en estos casos suelen hacerlo a los seis meses y suelen ser recurridos de forma habitual, lo que reducen considerable ese periodo de tiempo. Por otro lado, la propuesta de Junts encarna un aumento de jueces de adscripci\u00f3n territorial, donde se pasar\u00eda de los 35 actuales a 70. El PSOE es reticente en este sentido, pero se desconoce el alcance que pueda llegar a tener esta cuesti\u00f3n en concreto.\u00a0<\/p>\n<p>Otro de los puntos que reclama el partido independentista catal\u00e1n y que podr\u00eda ser aprobado con una f\u00f3rmula similar a la que plantea la multirreincidencia es la de <b>\u00abcombatir las ocupaciones\u00bb<\/b>. Esta reforma normativa va ligada con el Colegio de Abogados de Barcelona y consta de echar a los ocupantes en 48 horas en caso de que no tengan un documento habilitante. Es decir, un contrato de alquiler o escrituras que respalden la propiedad del domicilio. Esta propuesta se aprob\u00f3 en el mes de marzo de este mismo a\u00f1o y, como la multirreincidencia, todav\u00eda no se ha movilizado.\u00a0<\/p>\n","protected":false},"excerpt":{"rendered":"La pol\u00edtica tiene cosas muy curiosas. En pleno enfrentamiento PSOE-PP y en plena ruptura Junts-PSOE, las tres formaciones&hellip;\n","protected":false},"author":2,"featured_media":271507,"comment_status":"","ping_status":"","sticky":false,"template":"","format":"standard","meta":{"footnotes":""},"categories":[5],"tags":[17,18,14892,25,24,13,14,11,5216,19,20,9,10,15,16,23,12,21,22],"class_list":{"0":"post-271506","1":"post","2":"type-post","3":"status-publish","4":"format-standard","5":"has-post-thumbnail","7":"category-titulares","8":"tag-breaking-news","9":"tag-breakingnews","10":"tag-congreso-de-los-diputados","11":"tag-es","12":"tag-espana","13":"tag-featured-news","14":"tag-featurednews","15":"tag-headlines","16":"tag-junts","17":"tag-latest-news","18":"tag-latestnews","19":"tag-news","20":"tag-noticias","21":"tag-noticias-destacadas","22":"tag-noticiasdestacadas","23":"tag-spain","24":"tag-titulares","25":"tag-ultimas-noticias","26":"tag-ultimasnoticias"},"share_on_mastodon":{"url":"https:\/\/pubeurope.com\/@es\/115663649055118877","error":""},"_links":{"self":[{"href":"https:\/\/www.europesays.com\/es\/wp-json\/wp\/v2\/posts\/271506","targetHints":{"allow":["GET"]}}],"collection":[{"href":"https:\/\/www.europesays.com\/es\/wp-json\/wp\/v2\/posts"}],"about":[{"href":"https:\/\/www.europesays.com\/es\/wp-json\/wp\/v2\/types\/post"}],"author":[{"embeddable":true,"href":"https:\/\/www.europesays.com\/es\/wp-json\/wp\/v2\/users\/2"}],"replies":[{"embeddable":true,"href":"https:\/\/www.europesays.com\/es\/wp-json\/wp\/v2\/comments?post=271506"}],"version-history":[{"count":0,"href":"https:\/\/www.europesays.com\/es\/wp-json\/wp\/v2\/posts\/271506\/revisions"}],"wp:featuredmedia":[{"embeddable":true,"href":"https:\/\/www.europesays.com\/es\/wp-json\/wp\/v2\/media\/271507"}],"wp:attachment":[{"href":"https:\/\/www.europesays.com\/es\/wp-json\/wp\/v2\/media?parent=271506"}],"wp:term":[{"taxonomy":"category","embeddable":true,"href":"https:\/\/www.europesays.com\/es\/wp-json\/wp\/v2\/categories?post=271506"},{"taxonomy":"post_tag","embeddable":true,"href":"https:\/\/www.europesays.com\/es\/wp-json\/wp\/v2\/tags?post=271506"}],"curies":[{"name":"wp","href":"https:\/\/api.w.org\/{rel}","templated":true}]}}