{"id":271512,"date":"2025-12-04T22:35:22","date_gmt":"2025-12-04T22:35:22","guid":{"rendered":"https:\/\/www.europesays.com\/es\/271512\/"},"modified":"2025-12-04T22:35:22","modified_gmt":"2025-12-04T22:35:22","slug":"entrevista-a-marcelo-el-madrid-en-crisis-me-suena-me-suena","status":"publish","type":"post","link":"https:\/\/www.europesays.com\/es\/271512\/","title":{"rendered":"Entrevista a Marcelo: \u00ab\u00bfEl Madrid en crisis? Me suena, me suena\u00bb"},"content":{"rendered":"<p class=\"pregunta\">P. \u00bfPor qu\u00e9 s\u00f3lo pasan en el Bernab\u00e9u?<\/p>\n<p class=\"respuesta\">R. Mucha gente me ha preguntado sobre esto y no s\u00e9 explicar, porque son cosas que tienes que vivirlo ah\u00ed dentro, estar en noches m\u00e1gicas as\u00ed&#8230; No s\u00e9, hay que vivirlo. No hay c\u00f3mo entenderlo, no hay c\u00f3mo explicarlo, es una cosa de locos.<\/p>\n<p class=\"pregunta\">P. Quiz\u00e1 el propio rival tambi\u00e9n se lo cree.<\/p>\n<p class=\"respuesta\">R. Tambi\u00e9n. Yo creo que esto puede pasar, en muchos partidos he visto la cara de muchos jugadores as\u00ed en plan&#8230; &#8216;uy, esto del Bernab\u00e9u es real&#8217;. S\u00ed, s\u00ed.<\/p>\n<p class=\"pregunta\">P.\u00bfHubo alg\u00fan momento aquel d\u00eda en el que pens\u00f3 que era imposible?<\/p>\n<p class=\"respuesta\">R. En ning\u00fan momento. Cuando entras en el Real Madrid esto de no conseguir y creer que no va a pasar es imposible. El Madrid te ense\u00f1a a ganar, a so\u00f1ar con lo m\u00e1s alto y en ning\u00fan momento pas\u00f3 por mi cabeza que no lo \u00edbamos a conseguir.<\/p>\n<p class=\"pregunta\">P. Lo de aquel a\u00f1o fue espectacular: PSG, Chelsea, City&#8230;<\/p>\n<p class=\"respuesta\">R. Fue algo de locos y contra equipos muy grandes. Mucha gente a lo mejor pensaba que no \u00edbamos a conseguir pasar por el tema del primer partido, pero en el Bernab\u00e9u hemos demostrado que el Madrid siempre llega.<\/p>\n<p><img decoding=\"async\" src=\"https:\/\/www.europesays.com\/es\/wp-content\/uploads\/2025\/12\/texto3.jpg\" alt=\"\"\/><\/p>\n<p class=\"pregunta\">P. \u00bfC\u00f3mo vivi\u00f3 aquellos Cl\u00e1sicos de la era de Mourinho y Guardiola?<\/p>\n<p class=\"respuesta\">R. Buah, eran maravillosos, porque ahora mismo hablo con Iker, con Piqu\u00e9, con Puyol&#8230; Nos mat\u00e1bamos en el campo, pero es algo que hemos vivido y algo bonito. Las peleas, los problemas que hemos tenido son cosas del f\u00fatbol, pero con mucho respeto, siempre intentando defender al Real Madrid y ellos al Bar\u00e7a. Cosas que pasan en el f\u00fatbol, pero yo creo que fue una \u00e9poca que va a quedar en la historia, s\u00ed.<\/p>\n<p class=\"pregunta\">P. Ahora es amigo de Piqu\u00e9.<\/p>\n<p class=\"respuesta\">R. No, siempre he sido amigo de Piqu\u00e9, pero cuando jugaba en el Madrid y \u00e9l en el Barcelona, ah\u00ed dentro no hay amigos. \u00c9ramos rivales, pero no hay ning\u00fan problema. Hemos peleado dentro del campo, pero fuera siempre fue as\u00ed.<\/p>\n<p class=\"pregunta\">P. \u00bfSe exager\u00f3 cuando se dec\u00eda que la Selecci\u00f3n se estaba rompiendo?<\/p>\n<p class=\"respuesta\">R. No lo s\u00e9, en esto no sab\u00eda exactamente c\u00f3mo era. Yo estaba centrado en mi selecci\u00f3n, ya ten\u00eda muchos problemas con mi selecci\u00f3n y no creo que hayan tenido problemas.<\/p>\n<p class=\"pregunta\">P. \u00bfC\u00f3mo fue defender a Messi?<\/p>\n<p class=\"respuesta\">R. Dif\u00edcil, hasta hoy le estoy buscando. Es que es buen\u00edsimo, y para el f\u00fatbol&#8230; Yo siempre hablo con mis hijos, con el m\u00e1s peque\u00f1o un poco m\u00e1s, que con el tema de las redes sociales pasa muchos v\u00eddeos. \u00c9l conoce muchos jugadores antiguos, leyendas del f\u00fatbol, y siempre pasan muchos v\u00eddeos de Cristiano, de Messi. De vez en cuando me pregunta &#8216;\u00bfOye, era muy dif\u00edcil?&#8217;, y le digo &#8216;mira los v\u00eddeos, a ver si era dif\u00edcil&#8217;. Yo tuve la suerte de jugar en esta \u00e9poca maravillosa, de Messi, de Cristiano, de jugadores as\u00ed. Pude jugar contra \u00e9l, es una cosa que se queda en la memoria, cosas bonitas.<\/p>\n<p class=\"pregunta\">P. \u00bfPor qu\u00e9 en el Real Madrid funciona mejor un entrenador &#8216;tipo Zidane&#8217; que uno m\u00e1s t\u00e1ctico &#8216;tipo Ben\u00edtez&#8217;?<\/p>\n<p class=\"respuesta\">R. No lo s\u00e9. Yo la verdad es que con Rafa Ben\u00edtez tambi\u00e9n estuve s\u00faper bien, aprend\u00ed bastante con \u00e9l tambi\u00e9n. Creo que son entrenadores diferentes, cada uno tiene su filosof\u00eda de juego.<\/p>\n<p><img decoding=\"async\" src=\"https:\/\/www.europesays.com\/es\/wp-content\/uploads\/2025\/12\/texto4.jpg\" alt=\"\"\/><\/p>\n<p class=\"pregunta\">P. \u00bfC\u00f3mo fue aquella charla en la que Mourinho le dijo que no sab\u00eda defender?<\/p>\n<p class=\"respuesta\">R. Fue muy r\u00e1pida, fue en un entrenamiento reducido y me hab\u00eda preguntado por qu\u00e9 yo cre\u00eda que no hab\u00eda ido al Mundial de 2010 y le dije &#8216;bah, porque el entrenador&#8230;&#8217;. Yo era muy joven tambi\u00e9n y un poco as\u00ed chulito, &#8216;no, porque el entrenador no me ha querido&#8217;. Y dice &#8216;no, no, porque t\u00fa no defiendes nada, pero yo te voy a ayudar&#8217;. Y me ayud\u00f3 bastante a ser m\u00e1s agresivo, a entender m\u00e1s el tema de defender y saber que el lateral tiene que defender primero antes que atacar. Entonces estoy muy agradecido a Mourinho.<\/p>\n<p class=\"pregunta\">P. Ha tenido grandes entrenadores. \u00bfSe queda con uno?<\/p>\n<p class=\"respuesta\">R. Uy, es imposible. He aprendido con todos, incluso con Capello que no me pon\u00eda mucho, que entiendo perfectamente que yo era un chaval, pero me ayud\u00f3 much\u00edsimo. Yo creo que todos, de todos se aprende, pero como he estado m\u00e1s tiempo con Zidane y Ancelotti, he tenido una relaci\u00f3n muy buena. Todos los recuerdos de Zizou, para m\u00ed son espectaculares, todos los recuerdos de Ancelotti son tambi\u00e9n espectaculares. Pero he tenido otros entrenadores con los que he tenido muy buena relaci\u00f3n, como Juande Ramos, tambi\u00e9n me ayud\u00f3 bastante, Pellegrini&#8230; Todos los entrenadores han tenido algo especial.<\/p>\n<p><img decoding=\"async\" src=\"https:\/\/www.europesays.com\/es\/wp-content\/uploads\/2025\/12\/texto5.jpg\" alt=\"\"\/><\/p>\n<p class=\"pregunta\">P. \u00bfCu\u00e1nto valdr\u00eda hoy Marcelo?<\/p>\n<p class=\"respuesta\">R. \u00bfYo? Seis millones de euros<\/p>\n<p class=\"pregunta\">P. Pero se han pagado 50 \u00f3 60 millones por alg\u00fan lateral izquierdo.<\/p>\n<p class=\"respuesta\">R. \u00bfQui\u00e9n?<\/p>\n<p class=\"pregunta\">P. Por \u00c1lvaro Carreras, Cucurella&#8230;<\/p>\n<p class=\"respuesta\">R. Ah s\u00ed, eso s\u00ed, pero yo no. Yo vine con 18 a\u00f1os.<\/p>\n<p class=\"pregunta\">P. Pero en su prime, \u00bfcu\u00e1nto valdr\u00eda?<\/p>\n<p class=\"respuesta\">R. \u00bfEn mi prime? No lo s\u00e9, ni idea, ni idea.<\/p>\n","protected":false},"excerpt":{"rendered":"P. \u00bfPor qu\u00e9 s\u00f3lo pasan en el Bernab\u00e9u? R. Mucha gente me ha preguntado sobre esto y no&hellip;\n","protected":false},"author":2,"featured_media":271513,"comment_status":"","ping_status":"","sticky":false,"template":"","format":"standard","meta":{"footnotes":""},"categories":[268],"tags":[60928,168,3141,25,24,280,282,3841,66653,3048,281,23,167],"class_list":{"0":"post-271512","1":"post","2":"type-post","3":"status-publish","4":"format-standard","5":"has-post-thumbnail","7":"category-futbol","8":"tag-calendario-de-adviento","9":"tag-deportes","10":"tag-entrevista","11":"tag-es","12":"tag-espana","13":"tag-football","14":"tag-futbol","15":"tag-marca","16":"tag-marcelo","17":"tag-real-madrid","18":"tag-soccer","19":"tag-spain","20":"tag-sports"},"share_on_mastodon":{"url":"https:\/\/pubeurope.com\/@es\/115663689932487842","error":""},"_links":{"self":[{"href":"https:\/\/www.europesays.com\/es\/wp-json\/wp\/v2\/posts\/271512","targetHints":{"allow":["GET"]}}],"collection":[{"href":"https:\/\/www.europesays.com\/es\/wp-json\/wp\/v2\/posts"}],"about":[{"href":"https:\/\/www.europesays.com\/es\/wp-json\/wp\/v2\/types\/post"}],"author":[{"embeddable":true,"href":"https:\/\/www.europesays.com\/es\/wp-json\/wp\/v2\/users\/2"}],"replies":[{"embeddable":true,"href":"https:\/\/www.europesays.com\/es\/wp-json\/wp\/v2\/comments?post=271512"}],"version-history":[{"count":0,"href":"https:\/\/www.europesays.com\/es\/wp-json\/wp\/v2\/posts\/271512\/revisions"}],"wp:featuredmedia":[{"embeddable":true,"href":"https:\/\/www.europesays.com\/es\/wp-json\/wp\/v2\/media\/271513"}],"wp:attachment":[{"href":"https:\/\/www.europesays.com\/es\/wp-json\/wp\/v2\/media?parent=271512"}],"wp:term":[{"taxonomy":"category","embeddable":true,"href":"https:\/\/www.europesays.com\/es\/wp-json\/wp\/v2\/categories?post=271512"},{"taxonomy":"post_tag","embeddable":true,"href":"https:\/\/www.europesays.com\/es\/wp-json\/wp\/v2\/tags?post=271512"}],"curies":[{"name":"wp","href":"https:\/\/api.w.org\/{rel}","templated":true}]}}