{"id":271516,"date":"2025-12-04T22:39:11","date_gmt":"2025-12-04T22:39:11","guid":{"rendered":"https:\/\/www.europesays.com\/es\/271516\/"},"modified":"2025-12-04T22:39:11","modified_gmt":"2025-12-04T22:39:11","slug":"manuel-vicent-navega-en-el-mar-de-sorolla","status":"publish","type":"post","link":"https:\/\/www.europesays.com\/es\/271516\/","title":{"rendered":"Manuel Vicent navega en el mar de Sorolla"},"content":{"rendered":"<p>En 2022, <b>el Palau Martorell<\/b> iniciaba su andadura como sala de exposiciones ambiciosas y de gran formato. Joaqu\u00edn Sorolla fue el encargado de abrir ese espacio con una selecci\u00f3n de obras peque\u00f1as, unas tablillas que en ocasiones serv\u00edan al pintor como boceto para la posterior obra definitiva. Tres a\u00f1os despu\u00e9s y aprovechando que la casa-museo de Sorolla en Madrid est\u00e1 cerrada por obras,<b> algunos de los cuadros m\u00e1s imponentes del artista viajan hasta la capital catalana para presentarse en el Palau Martorell. Todas ellas tienen en com\u00fan la fascinaci\u00f3n de Sorolla por el Mediterr\u00e1neo, adem\u00e1s de contar con un comisario literario de excepci\u00f3n: el escritor Manuel Vicent.<\/b><\/p>\n<p>\u00abHe traducido las im\u00e1genes de Sorolla a la literatura. Cuando lo descubr\u00ed fue de joven, en el momento de llegar a Valencia.<b> Cuando vi los cuadros tuve la sensaci\u00f3n de que ya me los sab\u00eda de memoria porque fui ese ni\u00f1o que jugaba con ese barco de papel de peri\u00f3dico, como el de uno de sus cuadros. Tuve la impresi\u00f3n de estar ante algo familiar por los olores, lo sonidos, los aromas, el perfume de brea, la luz cegadora que tiene un foco negro&#8230; Todo eso lo vi.<\/b> Por eso, ser comisario literario no me ha resultado dif\u00edcil porque he tenido la ventaja de vivir esos cuadros\u00bb, explic\u00f3 Vicent en declaraciones a este diario, para sugerir que \u00abdoy mucha lata con el Mediterr\u00e1neo pero es que todo lo que s\u00e9 lo he aprendido de ni\u00f1o, como es el profundizar en la luz, los sonidos&#8230;\u00bb<\/p>\n<p>El recorrido est\u00e1 formado por 86 obras de peque\u00f1o y gran formato, contando con algunos de los \u00f3leos m\u00e1s celebrados del maestro, como \u00abLa hora del ba\u00f1o\u00bb, \u00abEl balandrito\u00bb, \u00abLa llegada de las barcas\u00bb o \u00abPescadora con su hijo\u00bb. Todo ello se complementa con un autorretrato del pintor, as\u00ed como alguna pintura que cuenta con el protagonismo de Clotilde, su paciente esposa.<\/p>\n<p>Manuel Vicent defini\u00f3 la pintura de Sorolla como superficial argumentando que \u00abme gusta la literatura superficial. Albert Camus dec\u00eda que si escribes oscuro tendr\u00e1s disc\u00edpulos, pero si escribes claro tendr\u00e1s lectores. Pues yo prefiero tener lectores y que llegue al fondo. El esfuerzo lo tiene que hacer el escritor que no tiene que someter al lector a un esfuerzo. \u00bfPor qu\u00e9 debe subir por una pared norte de la monta\u00f1a cuando hay un camino que se puede subir coche? Por eso prefiero decirlo todo con palabras claras. Para m\u00ed eso es ser profundo. Eso hace que las aguas sean claras, como tambi\u00e9n sucede con la pintura de Sorolla\u00bb.<\/p>\n<p><b>El escritor record\u00f3 que Miguel de Unamuno re\u00f1\u00eda a los valencianos asegurando que \u00abos pierde la est\u00e9tica\u00bb. \u00abLo que para Unamuno era un defecto, para m\u00ed es una virtud\u00bb, dijo Vicent quien tambi\u00e9n dijo que en cada pincelada del artista hay \u00abblasfemias, dolor, esperanzas&#8230;\u00bb<\/b><\/p>\n<p>Pese a que en la exposici\u00f3n no est\u00e1 colgado ning\u00fan retrato suyo, si que parece planear por las salas del Palau Martorell otro referente de la cultura valenciana y amigo de Sorolla, como fue Vicente Blasco Ib\u00e1\u00f1ez. Vicent traz\u00f3 un agudo paralelismo entre ambos al asegurar que \u00aberan aliados naturales, con esp\u00edritus parecidos. La b\u00fasqueda de dinero y fama era muy angustioso en ambos, aunque tambi\u00e9n hab\u00eda aspectos que los diferenciaban. Sorolla era alguien muy familiar, que quer\u00eda todo en su sitio, en regla, aunque puede que tuviera algunas cosas oscuras. Sin embargo, Blasco era un ser desparramado. Fue el primer escritor que cobr\u00f3 por palabras. Lo odiaban en Madrid porque era rico, invitaba a la gente a comer, como a Valle-Incl\u00e1n que no ten\u00eda dinero\u00bb. Pero el autor de \u00abLa barraca\u00bb o \u00abSangre y arena\u00bb no es del agrado de Vicent porque \u00abestaba muy disperso. Tiene una facilidad de mano incre\u00edble, pero tiene un aspecto de su vida que no me gusta\u00bb.<\/p>\n<p>Al responsable de t\u00edtulos fundamentales como \u00abTranv\u00eda a la Malvarrosa\u00bb o \u00abSon de mar\u00bb le atrae el microcosmos que encontramos en los cuadros de Sorolla, los que fueron pintados en<b> la playa del Cabanyal, donde se mezclaban clases sociales, donde trabajadores y burgueses, menestrales y pescadores se encontraban en un aroma marinero de arena y salitre. Todo ese universo se ha perdido, aunque Manuel Vicent apunta que, al menos, \u00abse ha recuperado el mar, porque antes no se ba\u00f1aba la gente\u00bb.<\/b><\/p>\n","protected":false},"excerpt":{"rendered":"En 2022, el Palau Martorell iniciaba su andadura como sala de exposiciones ambiciosas y de gran formato. Joaqu\u00edn&hellip;\n","protected":false},"author":2,"featured_media":271517,"comment_status":"","ping_status":"","sticky":false,"template":"","format":"standard","meta":{"footnotes":""},"categories":[173],"tags":[229,233,231,230,232,234,146,147,25,24,23],"class_list":{"0":"post-271516","1":"post","2":"type-post","3":"status-publish","4":"format-standard","5":"has-post-thumbnail","7":"category-arte-y-diseno","8":"tag-arte","9":"tag-arte-y-diseno","10":"tag-arts","11":"tag-arts-and-design","12":"tag-design","13":"tag-diseno","14":"tag-entertainment","15":"tag-entretenimiento","16":"tag-es","17":"tag-espana","18":"tag-spain"},"share_on_mastodon":{"url":"https:\/\/pubeurope.com\/@es\/115663704082859718","error":""},"_links":{"self":[{"href":"https:\/\/www.europesays.com\/es\/wp-json\/wp\/v2\/posts\/271516","targetHints":{"allow":["GET"]}}],"collection":[{"href":"https:\/\/www.europesays.com\/es\/wp-json\/wp\/v2\/posts"}],"about":[{"href":"https:\/\/www.europesays.com\/es\/wp-json\/wp\/v2\/types\/post"}],"author":[{"embeddable":true,"href":"https:\/\/www.europesays.com\/es\/wp-json\/wp\/v2\/users\/2"}],"replies":[{"embeddable":true,"href":"https:\/\/www.europesays.com\/es\/wp-json\/wp\/v2\/comments?post=271516"}],"version-history":[{"count":0,"href":"https:\/\/www.europesays.com\/es\/wp-json\/wp\/v2\/posts\/271516\/revisions"}],"wp:featuredmedia":[{"embeddable":true,"href":"https:\/\/www.europesays.com\/es\/wp-json\/wp\/v2\/media\/271517"}],"wp:attachment":[{"href":"https:\/\/www.europesays.com\/es\/wp-json\/wp\/v2\/media?parent=271516"}],"wp:term":[{"taxonomy":"category","embeddable":true,"href":"https:\/\/www.europesays.com\/es\/wp-json\/wp\/v2\/categories?post=271516"},{"taxonomy":"post_tag","embeddable":true,"href":"https:\/\/www.europesays.com\/es\/wp-json\/wp\/v2\/tags?post=271516"}],"curies":[{"name":"wp","href":"https:\/\/api.w.org\/{rel}","templated":true}]}}