{"id":271520,"date":"2025-12-04T22:42:13","date_gmt":"2025-12-04T22:42:13","guid":{"rendered":"https:\/\/www.europesays.com\/es\/271520\/"},"modified":"2025-12-04T22:42:13","modified_gmt":"2025-12-04T22:42:13","slug":"esta-es-la-colaboracion-oficial-de-tenis-de-k-pop-demon-hunters-que-no-te-puedes-perder","status":"publish","type":"post","link":"https:\/\/www.europesays.com\/es\/271520\/","title":{"rendered":"Esta es la colaboraci\u00f3n OFICIAL de tenis de K-Pop Demon Hunters que NO te puedes perder"},"content":{"rendered":"<p>Recientemente se confirm\u00f3 la colaboraci\u00f3n entre una de las marcas de tenis m\u00e1s reconocidas de todas y la pel\u00edcula animada que ha roto todo este 2025 en menos de medio a\u00f1o en streaming, se tratan de <b>la colecci\u00f3n exclusiva entre Vans y <\/b><a class=\"Link \" href=\"https:\/\/www.tvazteca.com\/azteca7\/lanzaran-munecas-oficiales-de-kpop-demon-hunters#K-Pop Demon Hunters\" target=\"_blank\" rel=\"nofollow noopener\"><b>K-Pop Demon Hunters<\/b><\/a><b> (Las Guerreras del K-Pop)<\/b>, la cu\u00e1l se perfila para ser una de las m\u00e1s buscadas.<\/p>\n<p>Estos nuevos dise\u00f1os de uno de los tenis m\u00e1s ic\u00f3nicos llega justamente en \u00e9pocas decembrinas haci\u00e9ndolos uno de los regalos ideales para ser entregador por Santa y Los Reyes Magos, donde lo mejor del estilo de junta con la pel\u00edcula del momento que ha marcado un antes y despu\u00e9s en la manera en que disfrutamos de la animaci\u00f3n y la m\u00fasica.<\/p>\n<p>\u00bfCu\u00e1les son los tenis Vans de K-Pop Demon Hunters?\n<\/p>\n<p>De acuerdo con el sitio web oficial de <b>Vans<\/b>, <b>esta colaboraci\u00f3n exclusiva tanto para adultos y ni\u00f1os<\/b> ha sido inspirada en el poder de la autoaceptaci\u00f3n y en cada uno de los personajes principales de la pel\u00edcula <b>K-Pop Demon Hunters (Las Guerreras del K-Pop).<\/b><\/p>\n<p>Las <b>HUNTR\/X<\/b> Rum\u00ed, Zoey y Mira, los <b>guardianes<\/b> Derpy Tiger y Susie y la agrupaci\u00f3n de los <b>Saja Boys<\/b> le han dado un estilo \u00daNICO a siluetas ic\u00f3nicas como los Classics Slip-On, Old Skool, Old Skool V y los Sk8-Hi.<\/p>\n<p>        <img decoding=\"async\" alt=\"Vans x K-Pop Demon Hunters 1\" class=\"Image lazyload\"  src=\"https:\/\/www.europesays.com\/es\/wp-content\/uploads\/2025\/12\/1764888133_984_\" loading=\"lazy\" width=\"928\" height=\"619\"\/>Imagen cortes\u00eda de Vans <\/p>\n<p>\u00bfCu\u00e1ndo salen a la venta los Vans de K-Pop Demon Hunters?\n<\/p>\n<p>Se ha hecho oficial que esta colecci\u00f3n exclusiva e ilimitada <b>llegar\u00e1 a todas las tiendas f\u00edsicas del mundo este viernes 05 de diciembre<\/b>, por lo que es importante darse prisa para conseguir los tuyos.<\/p>\n<p>        <img decoding=\"async\" alt=\"K-Pop Demon Hunters x Vans\" class=\"Image lazyload\"  src=\"https:\/\/www.europesays.com\/es\/wp-content\/uploads\/2025\/12\/1764888133_770_\" loading=\"lazy\" width=\"928\" height=\"619\"\/>Imagen cortes\u00eda de Vans <\/p>\n<p>Estas incre\u00edbles siluetas <b>estar\u00e1n a la venta en l\u00ednea hasta el lunes 08 de diciembre<\/b>, as\u00ed que no lo dudes y consigue tu colecci\u00f3n de <b>K-Pop Demon Hunters x Vans.<\/b><\/p>\n<p>De momento no han salido los precios, aunque se espera que tengan un precio ligeramente mayor al de las siluetas cl\u00e1sicas, las cuales rondan los $1,000 pesos, aunque siendo una colecci\u00f3n exclusiva, habr\u00eda que estar al pendiente.<\/p>\n","protected":false},"excerpt":{"rendered":"Recientemente se confirm\u00f3 la colaboraci\u00f3n entre una de las marcas de tenis m\u00e1s reconocidas de todas y la&hellip;\n","protected":false},"author":2,"featured_media":271521,"comment_status":"","ping_status":"","sticky":false,"template":"","format":"standard","meta":{"footnotes":""},"categories":[170],"tags":[66656,146,147,25,24,25993,66654,66655,184,185,23,66657,66658,66659,66660,66661,66662],"class_list":{"0":"post-271520","1":"post","2":"type-post","3":"status-publish","4":"format-standard","5":"has-post-thumbnail","7":"category-musica","8":"tag-donde-comprar-los-vans-de-kpop-demon-hunters","9":"tag-entertainment","10":"tag-entretenimiento","11":"tag-es","12":"tag-espana","13":"tag-kpop-demon-hunters","14":"tag-kpop-demon-hunters-mexico","15":"tag-kpop-demon-hunters-vans","16":"tag-music","17":"tag-musica","18":"tag-spain","19":"tag-tenis-de-kpop-demon-hunters","20":"tag-tenis-de-las-guerreras-del-kpop","21":"tag-tenis-vans-de-kpop-demon-hunters","22":"tag-tenis-vans-de-las-guerreras-del-kpop","23":"tag-vans-de-kpop-demon-hunters-precio","24":"tag-vans-de-las-guerreras-del-kpop"},"share_on_mastodon":{"url":"https:\/\/pubeurope.com\/@es\/115663716322255171","error":""},"_links":{"self":[{"href":"https:\/\/www.europesays.com\/es\/wp-json\/wp\/v2\/posts\/271520","targetHints":{"allow":["GET"]}}],"collection":[{"href":"https:\/\/www.europesays.com\/es\/wp-json\/wp\/v2\/posts"}],"about":[{"href":"https:\/\/www.europesays.com\/es\/wp-json\/wp\/v2\/types\/post"}],"author":[{"embeddable":true,"href":"https:\/\/www.europesays.com\/es\/wp-json\/wp\/v2\/users\/2"}],"replies":[{"embeddable":true,"href":"https:\/\/www.europesays.com\/es\/wp-json\/wp\/v2\/comments?post=271520"}],"version-history":[{"count":0,"href":"https:\/\/www.europesays.com\/es\/wp-json\/wp\/v2\/posts\/271520\/revisions"}],"wp:featuredmedia":[{"embeddable":true,"href":"https:\/\/www.europesays.com\/es\/wp-json\/wp\/v2\/media\/271521"}],"wp:attachment":[{"href":"https:\/\/www.europesays.com\/es\/wp-json\/wp\/v2\/media?parent=271520"}],"wp:term":[{"taxonomy":"category","embeddable":true,"href":"https:\/\/www.europesays.com\/es\/wp-json\/wp\/v2\/categories?post=271520"},{"taxonomy":"post_tag","embeddable":true,"href":"https:\/\/www.europesays.com\/es\/wp-json\/wp\/v2\/tags?post=271520"}],"curies":[{"name":"wp","href":"https:\/\/api.w.org\/{rel}","templated":true}]}}