{"id":271528,"date":"2025-12-04T22:46:07","date_gmt":"2025-12-04T22:46:07","guid":{"rendered":"https:\/\/www.europesays.com\/es\/271528\/"},"modified":"2025-12-04T22:46:07","modified_gmt":"2025-12-04T22:46:07","slug":"la-invasion-publicitaria-de-stranger-things-en-calles-y-edificios-de-madrid-solo-deja-1-528-euros-en-las-arcas-municipales","status":"publish","type":"post","link":"https:\/\/www.europesays.com\/es\/271528\/","title":{"rendered":"La \u00abinvasi\u00f3n\u00bb publicitaria de &#8216;Stranger Things&#8217; en calles y edificios de Madrid solo deja 1.528 euros en las arcas municipales"},"content":{"rendered":"<p class=\"article-text\">\n        Sales de la estaci\u00f3n. La Gran V\u00eda est\u00e1 cortada y el Metro de Madrid, abarrotado. Todo el mundo ha salido de compras por el Black Friday. Cruzas la calle del Postigo de San Mart\u00edn, que desemboca en la plaza de Callao, sorprendida por las nuevas luces que se parecen a una sopa letras. Intuyes que forma parte del alumbrado. Es viernes, se acerca la Navidad y el centro est\u00e1 a reventar. En la estaci\u00f3n de Sol, varios ojos curiosos miran unos extra\u00f1os tent\u00e1culos negros que cubren la placa de la estaci\u00f3n. Arriba hay un r\u00f3tulo publicitario, y eso lo explica todo: es un \u201cportal al mundo del rev\u00e9s\u201d que anuncia la temporada final de Stranger Things.\n    <\/p>\n<p class=\"article-text\">\n        A finales de noviembre se estren\u00f3 la quinta entrega de esta conocida serie de Netflix, en la que unos ni\u00f1os viajan a otro mundo sobrenatural mediante portales como el que se imita a la entrada del suburbano. Desde el jueves previo a las rebajas y hasta el pr\u00f3ximo 13 de diciembre habr\u00e1 otras pistas similares alrededor del edificio de Telef\u00f3nica, en plena Gran V\u00eda, como parte de un evento de la compa\u00f1\u00eda de streaming en el Espacio Movistar. El edificio es privado, pero el juego tambi\u00e9n se extiende a la v\u00eda p\u00fablica.\n    <\/p>\n","protected":false},"excerpt":{"rendered":"Sales de la estaci\u00f3n. La Gran V\u00eda est\u00e1 cortada y el Metro de Madrid, abarrotado. Todo el mundo&hellip;\n","protected":false},"author":2,"featured_media":271529,"comment_status":"","ping_status":"","sticky":false,"template":"","format":"standard","meta":{"footnotes":""},"categories":[91],"tags":[3099,66665,24728,1346,51,11136,146,147,25,24,1557,5955,205,6412,7154,23,52336,17646],"class_list":{"0":"post-271528","1":"post","2":"type-post","3":"status-publish","4":"format-standard","5":"has-post-thumbnail","7":"category-entretenimiento","8":"tag-3099","9":"tag-66665","10":"tag-arcas","11":"tag-calles","12":"tag-deja","13":"tag-edificios","14":"tag-entertainment","15":"tag-entretenimiento","16":"tag-es","17":"tag-espana","18":"tag-euros","19":"tag-invasion","20":"tag-madrid","21":"tag-municipales","22":"tag-publicitaria","23":"tag-spain","24":"tag-stranger","25":"tag-things"},"share_on_mastodon":{"url":"https:\/\/pubeurope.com\/@es\/115663731844310944","error":""},"_links":{"self":[{"href":"https:\/\/www.europesays.com\/es\/wp-json\/wp\/v2\/posts\/271528","targetHints":{"allow":["GET"]}}],"collection":[{"href":"https:\/\/www.europesays.com\/es\/wp-json\/wp\/v2\/posts"}],"about":[{"href":"https:\/\/www.europesays.com\/es\/wp-json\/wp\/v2\/types\/post"}],"author":[{"embeddable":true,"href":"https:\/\/www.europesays.com\/es\/wp-json\/wp\/v2\/users\/2"}],"replies":[{"embeddable":true,"href":"https:\/\/www.europesays.com\/es\/wp-json\/wp\/v2\/comments?post=271528"}],"version-history":[{"count":0,"href":"https:\/\/www.europesays.com\/es\/wp-json\/wp\/v2\/posts\/271528\/revisions"}],"wp:featuredmedia":[{"embeddable":true,"href":"https:\/\/www.europesays.com\/es\/wp-json\/wp\/v2\/media\/271529"}],"wp:attachment":[{"href":"https:\/\/www.europesays.com\/es\/wp-json\/wp\/v2\/media?parent=271528"}],"wp:term":[{"taxonomy":"category","embeddable":true,"href":"https:\/\/www.europesays.com\/es\/wp-json\/wp\/v2\/categories?post=271528"},{"taxonomy":"post_tag","embeddable":true,"href":"https:\/\/www.europesays.com\/es\/wp-json\/wp\/v2\/tags?post=271528"}],"curies":[{"name":"wp","href":"https:\/\/api.w.org\/{rel}","templated":true}]}}