{"id":271536,"date":"2025-12-04T22:50:12","date_gmt":"2025-12-04T22:50:12","guid":{"rendered":"https:\/\/www.europesays.com\/es\/271536\/"},"modified":"2025-12-04T22:50:12","modified_gmt":"2025-12-04T22:50:12","slug":"tertulia-el-caso-de-paco-salazar-los-abusos-sexuales-que-rodean-al-psoe-y-la-salida-de-espana-de-eurovision-04-12-2025-tertulia-de-la-brujula-la-brujula","status":"publish","type":"post","link":"https:\/\/www.europesays.com\/es\/271536\/","title":{"rendered":"Tertulia: El caso de Paco Salazar, los abusos sexuales que rodean al PSOE y la salida de Espa\u00f1a de Eurovisi\u00f3n (04\/12\/2025) &#8211; Tertulia de La Br\u00fajula &#8211; La br\u00fajula"},"content":{"rendered":"<p class=\"article-preTitle\"> 01H 21 MIN<\/p>\n<p><img loading=\"lazy\" decoding=\"async\" title=\"El PSOE re\u00fane de urgencia a las responsables de Igualdad para atajar el esc\u00e1ndalo de Paco Salazar\" alt=\"El PSOE re\u00fane de urgencia a las responsables de Igualdad para atajar el esc\u00e1ndalo de Paco Salazar\" width=\"480\" height=\"270\" src=\"https:\/\/www.europesays.com\/es\/wp-content\/uploads\/2025\/12\/psoe-reune-urgencia-responsables-igualdad-atajar-escandalo-paco-salazar_70.jpg\"\/> Tertulia: El caso de Paco Salazar, los abusos sexuales que rodean al PSOE y la salida de Espa\u00f1a de Eurovisi\u00f3n (04\/12\/2025) <\/p>\n<p class=\"description\"><a href=\"https:\/\/www.ondacero.es\/podcast\/programas\/la-brujula\/tertulia\/tertulia-caso-paco-salazar-abusos-sexuales-que-rodean-psoe-salida-espana-eurovision-04122025_202512046931fe99f22ab0e4cb4587ef.html\" class=\"link link--description\" title=\"Ir al detalle de audio\" rel=\"nofollow noopener\" target=\"_blank\">LA BR\u00daJULA<\/a><\/p>\n<p>Tertulia: El caso de Paco Salazar, los abusos sexuales que rodean al PSOE y la salida de Espa\u00f1a de Eurovisi\u00f3n (04\/12\/2025)<\/p>\n<p class=\"article-subtitle\">David Mej\u00eda, Javier Caraballo, Jorge del Palacio, Jos\u00e9 Ignacio Wert y Rafa Latorre repasan la actualidad pol\u00edtica del d\u00eda. <\/p>\n","protected":false},"excerpt":{"rendered":"01H 21 MIN Tertulia: El caso de Paco Salazar, los abusos sexuales que rodean al PSOE y la&hellip;\n","protected":false},"author":2,"featured_media":271537,"comment_status":"","ping_status":"","sticky":false,"template":"","format":"standard","meta":{"footnotes":""},"categories":[8],"tags":[17,18,25,24,13,14,11,19,20,9,10,15,16,23,12,21,22],"class_list":{"0":"post-271536","1":"post","2":"type-post","3":"status-publish","4":"format-standard","5":"has-post-thumbnail","7":"category-espana","8":"tag-breaking-news","9":"tag-breakingnews","10":"tag-es","11":"tag-espana","12":"tag-featured-news","13":"tag-featurednews","14":"tag-headlines","15":"tag-latest-news","16":"tag-latestnews","17":"tag-news","18":"tag-noticias","19":"tag-noticias-destacadas","20":"tag-noticiasdestacadas","21":"tag-spain","22":"tag-titulares","23":"tag-ultimas-noticias","24":"tag-ultimasnoticias"},"share_on_mastodon":{"url":"https:\/\/pubeurope.com\/@es\/115663747835872081","error":""},"_links":{"self":[{"href":"https:\/\/www.europesays.com\/es\/wp-json\/wp\/v2\/posts\/271536","targetHints":{"allow":["GET"]}}],"collection":[{"href":"https:\/\/www.europesays.com\/es\/wp-json\/wp\/v2\/posts"}],"about":[{"href":"https:\/\/www.europesays.com\/es\/wp-json\/wp\/v2\/types\/post"}],"author":[{"embeddable":true,"href":"https:\/\/www.europesays.com\/es\/wp-json\/wp\/v2\/users\/2"}],"replies":[{"embeddable":true,"href":"https:\/\/www.europesays.com\/es\/wp-json\/wp\/v2\/comments?post=271536"}],"version-history":[{"count":0,"href":"https:\/\/www.europesays.com\/es\/wp-json\/wp\/v2\/posts\/271536\/revisions"}],"wp:featuredmedia":[{"embeddable":true,"href":"https:\/\/www.europesays.com\/es\/wp-json\/wp\/v2\/media\/271537"}],"wp:attachment":[{"href":"https:\/\/www.europesays.com\/es\/wp-json\/wp\/v2\/media?parent=271536"}],"wp:term":[{"taxonomy":"category","embeddable":true,"href":"https:\/\/www.europesays.com\/es\/wp-json\/wp\/v2\/categories?post=271536"},{"taxonomy":"post_tag","embeddable":true,"href":"https:\/\/www.europesays.com\/es\/wp-json\/wp\/v2\/tags?post=271536"}],"curies":[{"name":"wp","href":"https:\/\/api.w.org\/{rel}","templated":true}]}}