{"id":271538,"date":"2025-12-04T22:51:19","date_gmt":"2025-12-04T22:51:19","guid":{"rendered":"https:\/\/www.europesays.com\/es\/271538\/"},"modified":"2025-12-04T22:51:19","modified_gmt":"2025-12-04T22:51:19","slug":"espana-y-marruecos-refuerzan-su-cooperacion-en-materia-de-inversiones-transporte-y-sostenibilidad","status":"publish","type":"post","link":"https:\/\/www.europesays.com\/es\/271538\/","title":{"rendered":"Espa\u00f1a y Marruecos refuerzan su cooperaci\u00f3n en materia de inversiones, transporte y sostenibilidad"},"content":{"rendered":"<p class=\"main-image\">&#13; <img decoding=\"async\" alt=\"El ministro de Transportes y Movilidad Sostenible, \u00d3scar Puente, y su hom\u00f3logo marroqu\u00ed\" title=\"El ministro de Transportes y Movilidad Sostenible, \u00d3scar Puente, y su hom\u00f3logo marroqu\u00ed\" src=\"https:\/\/www.europesays.com\/es\/wp-content\/uploads\/2025\/12\/041225-puete-zidane-marruecos.jpg\"\/>&#13;El ministro de Transportes y Movilidad Sostenible, \u00d3scar Puente, y el ministro delegado de Inversiones, Convergencia y Evaluaci\u00f3n de Pol\u00edticas P\u00fablicas de Marruecos, Karim Zidane, durante la reuni\u00f3n que han mantenido.&#13;&#13;<\/p>\n<p>El encuentro, que ha transcurrido en el Palacio de la Moncloa, ha constatado la excelente sinton\u00eda pol\u00edtica y econ\u00f3mica entre ambos pa\u00edses, fundamental para abordar oportunidades de colaboraci\u00f3n conjuntas que profundicen en la integraci\u00f3n de ambas econom\u00edas en las cadenas de valor regionales, particularmente el Mediterr\u00e1neo y el continente africano.<\/p>\n<p>Ambos mandatarios han destacado el car\u00e1cter estrat\u00e9gico de la relaci\u00f3n bilateral y la importancia de mantener un marco estable que favorezca las inversiones y proyectos conjuntos en sectores clave como el transporte, las infraestructuras y la movilidad sostenible. \u00d3scar Puente ha aprovechado para felicitar a su hom\u00f3logo marroqu\u00ed por su ambicioso plan de inversi\u00f3n en infraestructuras de transporte, que pretende ampliar para 2040 su red ferroviaria de alta velocidad hasta los 1.300 km, y le ha transmitido el gran inter\u00e9s que existe por parte del sector espa\u00f1ol del transporte y las infraestructuras en reforzar su papel como socio clave y de confianza en la transformaci\u00f3n de la movilidad marroqu\u00ed. \u00abNuestras empresas est\u00e1n presentes y desean seguir est\u00e1ndolo, especialmente en lo que se refiere al transporte ferroviario y a la alta velocidad\u00bb ha subrayado.<\/p>\n<p>Asimismo, Espa\u00f1a ha trasladado su inter\u00e9s en promover un comercio m\u00e1s equilibrado y de mayor valor a\u00f1adido, as\u00ed como en acompa\u00f1ar los ambiciosos planes de inversi\u00f3n marroqu\u00ed en infraestructuras portuarias, aeroportuarias, ferroviarias y viales. En este sentido, \u00d3scar Puente ha recordado que las empresas espa\u00f1olas son \u00abl\u00edderes mundiales\u00bb y sus conocimientos y experiencia \u00abson reconocidos en todo el mundo\u00bb, como demuestran los ejemplos de Adif e Ineco, con presencia en el pa\u00eds magreb\u00ed. Ambos gobiernos han expresado tambi\u00e9n su voluntad de favorecer un clima de negocios m\u00e1s estable y de reforzar los mecanismos que permitan resolver de manera \u00e1gil los conflictos administrativos o contractuales<\/p>\n<p>Memor\u00e1ndum de Entendimiento para la monitorizaci\u00f3n s\u00edsmica<\/p>\n<p>En este marco de reuniones de Alto Nivel, Espa\u00f1a y Marruecos han firmado esta ma\u00f1ana un Memor\u00e1ndum de Entendimiento para impulsar la cooperaci\u00f3n cient\u00edfica en el estudio de la sismicidad y la geodin\u00e1mica de la zona del Estrecho de Gibraltar, un \u00e1rea de inter\u00e9s com\u00fan para ambos pa\u00edses y que se sit\u00faa en la zona de colisi\u00f3n de las placas tect\u00f3nicas de Eurasia y \u00c1frica.<\/p>\n<p>El acuerdo ha sido rubricado por el Instituto Geogr\u00e1fico Nacional espa\u00f1ol, dependiente de la Subsecretar\u00eda de Transportes y Movilidad Sostenible, y el Centro Nacional para la Investigaci\u00f3n Cient\u00edfica y T\u00e9cnica de Marruecos (CNRST). En \u00e9l, se establece un marco de colaboraci\u00f3n destinado a mejorar el conocimiento com\u00fan sobre terremotos y posibles tsunamis, para lo que contempla el desarrollo de estudios conjuntos, el intercambio de informaci\u00f3n cient\u00edfica previa y futura y la coordinaci\u00f3n en el despliegue de redes de observaci\u00f3n instrumental. Este memorando tendr\u00e1 una duraci\u00f3n inicial de tres a\u00f1os prorrogables.<\/p>\n","protected":false},"excerpt":{"rendered":"&#13; &#13;El ministro de Transportes y Movilidad Sostenible, \u00d3scar Puente, y el ministro delegado de Inversiones, Convergencia y&hellip;\n","protected":false},"author":2,"featured_media":271539,"comment_status":"","ping_status":"","sticky":false,"template":"","format":"standard","meta":{"footnotes":""},"categories":[5],"tags":[517,17,18,25,24,13,14,11,19,20,9,10,15,16,2330,23,12,58905,21,22],"class_list":{"0":"post-271538","1":"post","2":"type-post","3":"status-publish","4":"format-standard","5":"has-post-thumbnail","7":"category-titulares","8":"tag-actualidad","9":"tag-breaking-news","10":"tag-breakingnews","11":"tag-es","12":"tag-espana","13":"tag-featured-news","14":"tag-featurednews","15":"tag-headlines","16":"tag-latest-news","17":"tag-latestnews","18":"tag-news","19":"tag-noticias","20":"tag-noticias-destacadas","21":"tag-noticiasdestacadas","22":"tag-prensa","23":"tag-spain","24":"tag-titulares","25":"tag-transportes-y-movilidad-sostenible","26":"tag-ultimas-noticias","27":"tag-ultimasnoticias"},"share_on_mastodon":{"url":"https:\/\/pubeurope.com\/@es\/115663751699485226","error":""},"_links":{"self":[{"href":"https:\/\/www.europesays.com\/es\/wp-json\/wp\/v2\/posts\/271538","targetHints":{"allow":["GET"]}}],"collection":[{"href":"https:\/\/www.europesays.com\/es\/wp-json\/wp\/v2\/posts"}],"about":[{"href":"https:\/\/www.europesays.com\/es\/wp-json\/wp\/v2\/types\/post"}],"author":[{"embeddable":true,"href":"https:\/\/www.europesays.com\/es\/wp-json\/wp\/v2\/users\/2"}],"replies":[{"embeddable":true,"href":"https:\/\/www.europesays.com\/es\/wp-json\/wp\/v2\/comments?post=271538"}],"version-history":[{"count":0,"href":"https:\/\/www.europesays.com\/es\/wp-json\/wp\/v2\/posts\/271538\/revisions"}],"wp:featuredmedia":[{"embeddable":true,"href":"https:\/\/www.europesays.com\/es\/wp-json\/wp\/v2\/media\/271539"}],"wp:attachment":[{"href":"https:\/\/www.europesays.com\/es\/wp-json\/wp\/v2\/media?parent=271538"}],"wp:term":[{"taxonomy":"category","embeddable":true,"href":"https:\/\/www.europesays.com\/es\/wp-json\/wp\/v2\/categories?post=271538"},{"taxonomy":"post_tag","embeddable":true,"href":"https:\/\/www.europesays.com\/es\/wp-json\/wp\/v2\/tags?post=271538"}],"curies":[{"name":"wp","href":"https:\/\/api.w.org\/{rel}","templated":true}]}}