{"id":271542,"date":"2025-12-04T22:57:18","date_gmt":"2025-12-04T22:57:18","guid":{"rendered":"https:\/\/www.europesays.com\/es\/271542\/"},"modified":"2025-12-04T22:57:18","modified_gmt":"2025-12-04T22:57:18","slug":"dos-exitos-y-ninguna-caida-el-balance-de-wout-van-aert-en-2025","status":"publish","type":"post","link":"https:\/\/www.europesays.com\/es\/271542\/","title":{"rendered":"Dos \u00e9xitos y ninguna ca\u00edda, el balance de Wout van Aert en 2025"},"content":{"rendered":"<p><img fetchpriority=\"high\" decoding=\"async\" class=\"aligncenter size-full wp-image-67398\" src=\"data:image\/svg+xml,%3Csvg%20xmlns=\" http:=\"\" alt=\"\" width=\"1025\" height=\"400\" data-lazy- data-lazy- data-lazy-src=\"https:\/\/www.europesays.com\/es\/wp-content\/uploads\/2025\/11\/anunci-generic-bla-1-1024x120-px-v3-02.jpg\"\/><\/p>\n<p>Dos \u00e9xitos simb\u00f3licos y ninguna ca\u00edda, el balance de Wout van Aert en 2025<\/p>\n<p>Wout van Aert cerr\u00f3 su temporada con dos triunfos majestuosos, pero detr\u00e1s de esas im\u00e1genes hay un corredor que ha tenido que reinventarse tras un a\u00f1o duro.<\/p>\n<p>Sus dos ca\u00eddas de 2024 \u2014la primera en A trav\u00e9s de Flandes, demoledora; la segunda en la Vuelta, cuando parec\u00eda renacer\u2014 dejaron m\u00e1s huella en su cabeza que en su cuerpo.<\/p>\n<p><a class=\"wppaslink\" href=\"https:\/\/joanseguidor.com\/pas\/ccmm-valenciana\/44016\/0\" target=\"_blank\" rel=\"nofollow noopener\"><img decoding=\"async\" src=\"data:image\/svg+xml,%3Csvg%20xmlns=\" http:=\"\" alt=\"CCMM Valenciana\" border=\"0\" data-lazy-src=\"https:\/\/www.europesays.com\/es\/wp-content\/uploads\/2025\/12\/aralleida-hivern-970x250-crea2-es.jpg\"\/><\/a><\/p>\n<p>Volvi\u00f3 a ganar, s\u00ed, pero el coste emocional fue alto.<\/p>\n<p>Durante meses carg\u00f3 con una duda que no hab\u00eda conocido nunca: la del riesgo.<\/p>\n<p>El ciclista que siempre se lanzaba al hueco empez\u00f3 a frenar instintivamente, a evitar esas posiciones que tantas veces le hab\u00edan llevado a pelear por todo.<\/p>\n<p>Y, en ese limbo extra\u00f1o entre la prudencia y la frustraci\u00f3n, descubri\u00f3 que rodar simplemente \u201cpara estar\u201d ya no le llenaba.<\/p>\n<p><strong>El corredor que era puro fuego se ve\u00eda pedaleando sin chispa<\/strong>, sin ese impulso que define a los m\u00e1s grandes.<\/p>\n<p>El oto\u00f1o lo confirm\u00f3: apenas disfrut\u00f3 de las carreras que disput\u00f3 sin presi\u00f3n.<\/p>\n<p>Y entendi\u00f3 algo esencial para \u00e9l: competir s\u00f3lo tiene sentido si puede exigirse al m\u00e1ximo. Ese es su lugar natural.<\/p>\n<p>A ello se suma otra realidad que a veces se pasa por alto: el peso de la madurez. Van Aert es padre de dos hijos y eso cambia la relaci\u00f3n con el riesgo.<\/p>\n<p>Ya no se lanza sin pensar.<\/p>\n<p>Sabe lo que significa perder semanas por una ca\u00edda, lo que implica volver a casa lesionado.<\/p>\n<p>Y lo acepta sin drama: se puede frenar antes sin que eso te convierta en menos corredor.<\/p>\n<p>Cuando decidi\u00f3 dejar de forzar y permitir que las cosas fluyeran, <strong>lleg\u00f3 el momento que lo recoloc\u00f3 todo: la victoria en Siena durante el Giro<\/strong>.<\/p>\n<p>Un d\u00eda que parec\u00eda otro m\u00e1s en la carrera termin\u00f3 siendo un punto de inflexi\u00f3n emocional.<\/p>\n<p>All\u00ed estaban su familia y los recuerdos de sus primeros grandes d\u00edas.<\/p>\n<p>All\u00ed estaban tambi\u00e9n las piernas justas y el terreno que le favorec\u00eda. Todo encaj\u00f3 y \u00e9l lo sinti\u00f3 como un signo: a\u00fan ten\u00eda ese algo.<\/p>\n<p><strong>Despu\u00e9s vino el Tour, el triunfo en Montmartre<\/strong> y el gesto ins\u00f3lito de dejar atr\u00e1s a Poga\u010dar.<\/p>\n<p>Una victoria inesperada, ba\u00f1ada por la lluvia, que quiz\u00e1 vale m\u00e1s que muchas de las que firm\u00f3 en a\u00f1os de dominio.<\/p>\n<p>Ha ganado menos que en temporadas pasadas, pero ha ganado mejor.<\/p>\n<p>Y, sobre todo, ha aprendido a apreciar lo extraordinario que es seguir ganando cuando la vida te ha recordado lo fr\u00e1gil que puede ser todo.<\/p>\n<p><strong><a href=\"https:\/\/terresdelebre.travel\/cycling\/es\/deportivo\" target=\"_blank\" rel=\"noopener nofollow\"><img loading=\"lazy\" decoding=\"async\" class=\"aligncenter\" src=\"data:image\/svg+xml,%3Csvg%20xmlns=\" http:=\"\" alt=\"\" width=\"1024\" height=\"400\" data-lazy-src=\"https:\/\/www.europesays.com\/es\/wp-content\/uploads\/2025\/10\/1024x400-cicloturisme-joanseguidor.jpg\"\/><\/a><\/strong><\/p>\n","protected":false},"excerpt":{"rendered":"Dos \u00e9xitos simb\u00f3licos y ninguna ca\u00edda, el balance de Wout van Aert en 2025 Wout van Aert cerr\u00f3&hellip;\n","protected":false},"author":2,"featured_media":39878,"comment_status":"","ping_status":"","sticky":false,"template":"","format":"standard","meta":{"footnotes":""},"categories":[273],"tags":[313,312,168,25,24,2548,23,167,6516],"class_list":{"0":"post-271542","1":"post","2":"type-post","3":"status-publish","4":"format-standard","5":"has-post-thumbnail","7":"category-ciclismo","8":"tag-ciclismo","9":"tag-cycling","10":"tag-deportes","11":"tag-es","12":"tag-espana","13":"tag-featured","14":"tag-spain","15":"tag-sports","16":"tag-wout-van-aert"},"share_on_mastodon":{"url":"https:\/\/pubeurope.com\/@es\/115663774886354303","error":""},"_links":{"self":[{"href":"https:\/\/www.europesays.com\/es\/wp-json\/wp\/v2\/posts\/271542","targetHints":{"allow":["GET"]}}],"collection":[{"href":"https:\/\/www.europesays.com\/es\/wp-json\/wp\/v2\/posts"}],"about":[{"href":"https:\/\/www.europesays.com\/es\/wp-json\/wp\/v2\/types\/post"}],"author":[{"embeddable":true,"href":"https:\/\/www.europesays.com\/es\/wp-json\/wp\/v2\/users\/2"}],"replies":[{"embeddable":true,"href":"https:\/\/www.europesays.com\/es\/wp-json\/wp\/v2\/comments?post=271542"}],"version-history":[{"count":0,"href":"https:\/\/www.europesays.com\/es\/wp-json\/wp\/v2\/posts\/271542\/revisions"}],"wp:featuredmedia":[{"embeddable":true,"href":"https:\/\/www.europesays.com\/es\/wp-json\/wp\/v2\/media\/39878"}],"wp:attachment":[{"href":"https:\/\/www.europesays.com\/es\/wp-json\/wp\/v2\/media?parent=271542"}],"wp:term":[{"taxonomy":"category","embeddable":true,"href":"https:\/\/www.europesays.com\/es\/wp-json\/wp\/v2\/categories?post=271542"},{"taxonomy":"post_tag","embeddable":true,"href":"https:\/\/www.europesays.com\/es\/wp-json\/wp\/v2\/tags?post=271542"}],"curies":[{"name":"wp","href":"https:\/\/api.w.org\/{rel}","templated":true}]}}