{"id":271546,"date":"2025-12-04T23:01:05","date_gmt":"2025-12-04T23:01:05","guid":{"rendered":"https:\/\/www.europesays.com\/es\/271546\/"},"modified":"2025-12-04T23:01:05","modified_gmt":"2025-12-04T23:01:05","slug":"naci-con-el-sindrome-de-treacher-collins-pero-me-encanto","status":"publish","type":"post","link":"https:\/\/www.europesays.com\/es\/271546\/","title":{"rendered":"Nac\u00ed con el s\u00edndrome de Treacher Collins, pero me encanto"},"content":{"rendered":"<p><b>Gloria<\/b> ha crecido entre comentarios negativos hacia su f\u00edsico. Desde peque\u00f1a, las ni\u00f1as del pueblo se negaban a ir con ella porque aseguraban que <b>\u00abespantaba a los hombres\u00bb<\/b>. La llamaban \u00ab<b>cara de mono<\/b>\u00bb y le dedicaban tipo de insultos relacionados con el <b>s\u00edndrome de Treacher Collins<\/b> que padece, pero aquello no consegu\u00eda hundirla.<\/p>\n<p>En su casa jam\u00e1s la hicieron sentirse diferente, por lo que, cuando se miraba al espejo, ella<b> siempre se ve\u00eda guapa<\/b>. \u00abNo tengo nada que envidiarle al resto del mundo\u00bb, se\u00f1ala, \u00abme encanto\u00bb.<\/p>\n<p>El apoyo y refuerzo que le dieron su familia y amigos le hicieron desarrollar una seguridad que le ayud\u00f3 a la hora de relacionarse con los hombres. De hecho, se ha casado ya tres veces: <b>\u00abSoy la que m\u00e1s ligo de mis amigas\u00bb. <\/b><\/p>\n<p>Ante los insultos y humillaciones, Gloria descubri\u00f3 que <b>la iron\u00eda era su mejor arma <\/b>y siempre contestaba con el que se ha convertido en su lema de vida: <b>\u00abLa suerte de la fea, la guapa la desea\u00bb<\/b>. Hoy, quiere reivindicar el respeto por las personas que, como ella, sufren una enfermedad rara y son criticadas por ello. \u00a1No te pierdas su historia en el v\u00eddeo de arriba!<\/p>\n","protected":false},"excerpt":{"rendered":"Gloria ha crecido entre comentarios negativos hacia su f\u00edsico. Desde peque\u00f1a, las ni\u00f1as del pueblo se negaban a&hellip;\n","protected":false},"author":2,"featured_media":271547,"comment_status":"","ping_status":"","sticky":false,"template":"","format":"standard","meta":{"footnotes":""},"categories":[174],"tags":[255,146,147,25,24,256,23],"class_list":{"0":"post-271546","1":"post","2":"type-post","3":"status-publish","4":"format-standard","5":"has-post-thumbnail","7":"category-famosos","8":"tag-celebrities","9":"tag-entertainment","10":"tag-entretenimiento","11":"tag-es","12":"tag-espana","13":"tag-famosos","14":"tag-spain"},"share_on_mastodon":{"url":"https:\/\/pubeurope.com\/@es\/115663790685267456","error":""},"_links":{"self":[{"href":"https:\/\/www.europesays.com\/es\/wp-json\/wp\/v2\/posts\/271546","targetHints":{"allow":["GET"]}}],"collection":[{"href":"https:\/\/www.europesays.com\/es\/wp-json\/wp\/v2\/posts"}],"about":[{"href":"https:\/\/www.europesays.com\/es\/wp-json\/wp\/v2\/types\/post"}],"author":[{"embeddable":true,"href":"https:\/\/www.europesays.com\/es\/wp-json\/wp\/v2\/users\/2"}],"replies":[{"embeddable":true,"href":"https:\/\/www.europesays.com\/es\/wp-json\/wp\/v2\/comments?post=271546"}],"version-history":[{"count":0,"href":"https:\/\/www.europesays.com\/es\/wp-json\/wp\/v2\/posts\/271546\/revisions"}],"wp:featuredmedia":[{"embeddable":true,"href":"https:\/\/www.europesays.com\/es\/wp-json\/wp\/v2\/media\/271547"}],"wp:attachment":[{"href":"https:\/\/www.europesays.com\/es\/wp-json\/wp\/v2\/media?parent=271546"}],"wp:term":[{"taxonomy":"category","embeddable":true,"href":"https:\/\/www.europesays.com\/es\/wp-json\/wp\/v2\/categories?post=271546"},{"taxonomy":"post_tag","embeddable":true,"href":"https:\/\/www.europesays.com\/es\/wp-json\/wp\/v2\/tags?post=271546"}],"curies":[{"name":"wp","href":"https:\/\/api.w.org\/{rel}","templated":true}]}}