{"id":271550,"date":"2025-12-04T23:04:07","date_gmt":"2025-12-04T23:04:07","guid":{"rendered":"https:\/\/www.europesays.com\/es\/271550\/"},"modified":"2025-12-04T23:04:07","modified_gmt":"2025-12-04T23:04:07","slug":"soy-muy-motivado-para-estas-cosas-oscar-casas-demuestra-su-lado-mas-atletico-en-el-hormiguero-antena-3","status":"publish","type":"post","link":"https:\/\/www.europesays.com\/es\/271550\/","title":{"rendered":"&quot;Soy muy motivado para estas cosas&quot;: \u00d3scar Casas demuestra su lado m\u00e1s atl\u00e9tico en El Hormiguero &#8211; Antena 3"},"content":{"rendered":"<ol>\n<li><a href=\"https:\/\/news.google.com\/rss\/articles\/CBMi-AFBVV95cUxNVjM4aUVZYlNVUHNIZ2lXMFNRcng5NjN0d05SM2E0Z2YyYXk2VFl5LVlNNjVROHU3NDh4aWx0Q1cydzlwakgxei1IZkd2NXhYYWJXemxTUGpFQVRUVGEtTmpvUzl2QklVeEVjTHlBVWt0WXZOdENGODI0aVV5dVZDSnQ2OUF5bWRXR2lpSEpZUVU2YjVGa2FBM3YyeTRqVjlERzZPNWw4c01MdGJfcWYtdGFjS2lnMFVOd1BfVjJZM3R6bUVxaEFQTkUyaWpfc3VxaTByc1FxdDY5MklfOXk3bUJORjhwanFCbFBkRVRDR244WlVzRTNyUtIB-AFBVV95cUxQMWREQjctcUFMcV9pWjhMUUQxcjdzZk5wMWU4anJBcXhqOUIxVjJPQWtHS2VCSmQ5ZE5CSkhhdzhGSGdnVFJqMmVvUWk1QUotbEdDTVNmenlJLVUwV3JRdHBoSTRLVXN4aERnblRPVWR1YmRxTTBxektlZGxzcUg3UHNDb3pmTlloUzMzVnJRZTRTeGUtczNLay0teE9rM0RGUnR5Q1kxOS1zU3czVFQtZ2xxdEpoODF2cmNaZGVDN1Z0OE1qM2gwRlk5NTNFeS16Z2YyOGdPMlJDNEVLRC1ZcmJxbHk5bzBlWk4ySE12OGEzYjFPbDN3aA?oc=5\" target=\"_blank\" rel=\"nofollow noopener\">\u00abSoy muy motivado para estas cosas\u00bb: \u00d3scar Casas demuestra su lado m\u00e1s atl\u00e9tico en El Hormiguero<\/a>&nbsp;&nbsp;Antena 3<\/li>\n<li><a href=\"https:\/\/news.google.com\/rss\/articles\/CBMiqwFBVV95cUxPZm0xZkRkQXpyRDNtaUFkVmZwVnpuU2w2U19FWDRIbGF1YWtWcFdmb1FDc1RuOVUtQXd3eU1wS0pwU0ZOV3JyTWQ0X2VDYXMxaE8xcV81MklMd1hwbl9RSDZpSWM5dDhlQURVYVpGLXA2dTVzd2pmbGJIWm5DTy1nbGY5bUdsU0pmUF9tdHczdlRiY3BScVVfdTlqakV3Y3NPNEMwSFR6Wlp0YlHSAasBQVVfeXFMUDJlemdlNWV6cHRnVG9JZnR3VHByTkIyVnI5YUVNVktoVHR0cDU5Vlh0OVRTZHotM0ZmWFV2ZWpsTU9laDczX2hmS2wyMEJ5NmpzV3ZBTkdVWkI4V2JvaUtTSEo1TkVqUHBuWXdkazRZMkJQeFU0NUF1RkdENHVoTmZjVHo5WVlvTkgxUFVkNGVnNU5RZFZTZ3gtaHNmXzk5aUsySVp1S3JYXzJj?oc=5\" target=\"_blank\" rel=\"nofollow noopener\">Hoy, \u00d3scar Casas pondr\u00e1 el broche de oro a la semana en El Hormiguero<\/a>&nbsp;&nbsp;Antena 3<\/li>\n<li><a href=\"https:\/\/news.google.com\/rss\/articles\/CBMigAFBVV95cUxOY3Y5ZFd0X1MtVnE1aHplYXRPUmpNdEFvWlhucGYyb2JlTE1qMm5sODJHMWNhY3MxTGpZUlJjaUxPcUdjTWtfY1FWcng5TlZDZ29JOWw5NThaTGpaWUZoNVRld2QzUWhGaWIxSWtaYzloamFqN1FPYlhFVHhhMUUxOdIBgAFBVV95cUxPUHlrNjdNZHl4eWxKaUFQLVp5V2Z5cTRadGgtMXhLeFQtdDdrQmJFbW5rRTRjRWhIa1ROQWFmUVNfRjJGcDB3Qy1mcEZfSldqVFV3VGd2MHNQZlZBVVFjcHhPVm9YNVdDYWxKNHAtNWhIeEdWejc3TFdsZWFVbmlibg?oc=5\" target=\"_blank\" rel=\"nofollow noopener\">Una actriz, una artista que debut\u00f3 en el cine con \u00e9l y la cantante de moda: las relaciones de \u00d3scar Casas<\/a>&nbsp;&nbsp;El Mundo<\/li>\n<li><a href=\"https:\/\/news.google.com\/rss\/articles\/CBMikAFBVV95cUxPX3MtOUdKZUtyMXFEYTRXekFrVGpWbV9nRXM4cVFxYlFPNllwNm9jUlRtYWF4THpHb0stSVdUeVpNWmVfVWx2aEZyRWlWRW5vT3dzMDhQS1JPdC1QdFFwTXEwY2JFX2Y2dHJEUXJKRUNzbFlUeExIQmFEdUx4NjdEczZyUC13aHZRdzB4Y3c3Z2w?oc=5\" target=\"_blank\" rel=\"nofollow noopener\">\u00d3scar Casas confiesa en &#8216;El Hormiguero&#8217; su mayor locura por amor: \u00abHe robado\u00bb<\/a>&nbsp;&nbsp;HOLA<\/li>\n<li><a href=\"https:\/\/news.google.com\/rss\/articles\/CBMiugFBVV95cUxOWDJFWEI5dTNHbTB2WG9nTzdyS0Z1Q3djdDdEdklzUlBSSlFuWVh6TU1OT3M1NDQzeUs5MGp5aDU0dS1ORkJ3UzBsMVgtTno4QnI5LWZTNzhtQUt6OFMyTklRWDk1V0dZT3dBeEp5MWlTTDJ4aS1DMWN6Mi1NQ0diYjNPYU5BMjZMcU16aTFVNWJLVkNTeGdWYU9FelUwODhFSV93XzNIa2tYa2ZLaFBQZXdqRGFtRzM5N0E?oc=5\" target=\"_blank\" rel=\"nofollow noopener\">Un &#8216;error&#8217; de &#8216;El Hormiguero&#8217; deja estupefacto a \u00d3scar Casas: \u00abSe han equivocado, Pablo\u00bb<\/a>&nbsp;&nbsp;ABC<\/li>\n<\/ol>\n","protected":false},"excerpt":{"rendered":"\u00abSoy muy motivado para estas cosas\u00bb: \u00d3scar Casas demuestra su lado m\u00e1s atl\u00e9tico en El Hormiguero&nbsp;&nbsp;Antena 3 Hoy,&hellip;\n","protected":false},"author":2,"featured_media":248356,"comment_status":"","ping_status":"","sticky":false,"template":"","format":"standard","meta":{"footnotes":""},"categories":[171],"tags":[146,147,25,24,23,214],"class_list":{"0":"post-271550","1":"post","2":"type-post","3":"status-publish","4":"format-standard","5":"has-post-thumbnail","7":"category-tv","8":"tag-entertainment","9":"tag-entretenimiento","10":"tag-es","11":"tag-espana","12":"tag-spain","13":"tag-tv"},"share_on_mastodon":{"url":"https:\/\/pubeurope.com\/@es\/115663802593839564","error":""},"_links":{"self":[{"href":"https:\/\/www.europesays.com\/es\/wp-json\/wp\/v2\/posts\/271550","targetHints":{"allow":["GET"]}}],"collection":[{"href":"https:\/\/www.europesays.com\/es\/wp-json\/wp\/v2\/posts"}],"about":[{"href":"https:\/\/www.europesays.com\/es\/wp-json\/wp\/v2\/types\/post"}],"author":[{"embeddable":true,"href":"https:\/\/www.europesays.com\/es\/wp-json\/wp\/v2\/users\/2"}],"replies":[{"embeddable":true,"href":"https:\/\/www.europesays.com\/es\/wp-json\/wp\/v2\/comments?post=271550"}],"version-history":[{"count":0,"href":"https:\/\/www.europesays.com\/es\/wp-json\/wp\/v2\/posts\/271550\/revisions"}],"wp:featuredmedia":[{"embeddable":true,"href":"https:\/\/www.europesays.com\/es\/wp-json\/wp\/v2\/media\/248356"}],"wp:attachment":[{"href":"https:\/\/www.europesays.com\/es\/wp-json\/wp\/v2\/media?parent=271550"}],"wp:term":[{"taxonomy":"category","embeddable":true,"href":"https:\/\/www.europesays.com\/es\/wp-json\/wp\/v2\/categories?post=271550"},{"taxonomy":"post_tag","embeddable":true,"href":"https:\/\/www.europesays.com\/es\/wp-json\/wp\/v2\/tags?post=271550"}],"curies":[{"name":"wp","href":"https:\/\/api.w.org\/{rel}","templated":true}]}}