{"id":271553,"date":"2025-12-04T23:06:12","date_gmt":"2025-12-04T23:06:12","guid":{"rendered":"https:\/\/www.europesays.com\/es\/271553\/"},"modified":"2025-12-04T23:06:12","modified_gmt":"2025-12-04T23:06:12","slug":"luis-tosar-y-jesus-carroza-bordan-el-duelo-entre-hermanos-en-el-gran-thriller-golpes-libertad-digital","status":"publish","type":"post","link":"https:\/\/www.europesays.com\/es\/271553\/","title":{"rendered":"Luis Tosar y Jes\u00fas Carroza bordan el duelo entre hermanos en el gran thriller &#8216;Golpes&#8217; &#8211; Libertad Digital"},"content":{"rendered":"<p>Esta semana os quiero hablar de <strong>Golpes<\/strong>, toda una sorpresa. La pel\u00edcula fue presentada en el Festival de Cine de Valladolid, Seminci, con muy buena acogida tanto de p\u00fablico como de cr\u00edtica. La pel\u00edcula re\u00fane lo mejor del thriller gracias a un buen guion.<\/p>\n<p>Golpes supone el debut en la direcci\u00f3n cinematogr\u00e1fica de <strong>Rafa Cobos,<\/strong> el guionista habitual de Alberto Rodr\u00edguez. La historia sigue a <strong>dos hermanos totalmente opuestos<\/strong>: un<strong> polic\u00eda <\/strong>(<strong>Luis Tosar<\/strong>) y un <strong>ladr\u00f3n <\/strong>(<strong>Jes\u00fas Carroza<\/strong>). Este segundo acaba de salir de la c\u00e1rcel y para conseguir dinero llevar\u00e1 a cabo diferentes golpes a bancos y joyer\u00edas. El caso caer\u00e1 en manos de su hermano polic\u00eda. Lo importante de este thriller es que no olvida de d\u00f3nde parten los personajes, qu\u00e9 les pas\u00f3 de ni\u00f1os, con la desaparici\u00f3n de su padre, y lo que ha supuesto ese largo camino tan distinto que han vivido.<\/p>\n<p><strong>Pincha en el v\u00eddeo <\/strong>para descubrir todos los detalles de <strong>Golpes<\/strong> sin spoilers. La pel\u00edcula se estrena en los cines de toda Espa\u00f1a este <strong>viernes 5 de diciembre<\/strong>.<\/p>\n","protected":false},"excerpt":{"rendered":"Esta semana os quiero hablar de Golpes, toda una sorpresa. La pel\u00edcula fue presentada en el Festival de&hellip;\n","protected":false},"author":2,"featured_media":271554,"comment_status":"","ping_status":"","sticky":false,"template":"","format":"standard","meta":{"footnotes":""},"categories":[169],"tags":[177,146,147,25,24,176,12677,66666,15752,175,3889,23,6668],"class_list":{"0":"post-271553","1":"post","2":"type-post","3":"status-publish","4":"format-standard","5":"has-post-thumbnail","7":"category-cine","8":"tag-cine","9":"tag-entertainment","10":"tag-entretenimiento","11":"tag-es","12":"tag-espana","13":"tag-film","14":"tag-golpes","15":"tag-jesus-carroza","16":"tag-luis-tosar","17":"tag-movies","18":"tag-sector-del-cine","19":"tag-spain","20":"tag-thriller"},"share_on_mastodon":{"url":"https:\/\/pubeurope.com\/@es\/115663810399074889","error":""},"_links":{"self":[{"href":"https:\/\/www.europesays.com\/es\/wp-json\/wp\/v2\/posts\/271553","targetHints":{"allow":["GET"]}}],"collection":[{"href":"https:\/\/www.europesays.com\/es\/wp-json\/wp\/v2\/posts"}],"about":[{"href":"https:\/\/www.europesays.com\/es\/wp-json\/wp\/v2\/types\/post"}],"author":[{"embeddable":true,"href":"https:\/\/www.europesays.com\/es\/wp-json\/wp\/v2\/users\/2"}],"replies":[{"embeddable":true,"href":"https:\/\/www.europesays.com\/es\/wp-json\/wp\/v2\/comments?post=271553"}],"version-history":[{"count":0,"href":"https:\/\/www.europesays.com\/es\/wp-json\/wp\/v2\/posts\/271553\/revisions"}],"wp:featuredmedia":[{"embeddable":true,"href":"https:\/\/www.europesays.com\/es\/wp-json\/wp\/v2\/media\/271554"}],"wp:attachment":[{"href":"https:\/\/www.europesays.com\/es\/wp-json\/wp\/v2\/media?parent=271553"}],"wp:term":[{"taxonomy":"category","embeddable":true,"href":"https:\/\/www.europesays.com\/es\/wp-json\/wp\/v2\/categories?post=271553"},{"taxonomy":"post_tag","embeddable":true,"href":"https:\/\/www.europesays.com\/es\/wp-json\/wp\/v2\/tags?post=271553"}],"curies":[{"name":"wp","href":"https:\/\/api.w.org\/{rel}","templated":true}]}}