{"id":271563,"date":"2025-12-04T23:12:09","date_gmt":"2025-12-04T23:12:09","guid":{"rendered":"https:\/\/www.europesays.com\/es\/271563\/"},"modified":"2025-12-04T23:12:09","modified_gmt":"2025-12-04T23:12:09","slug":"muere-un-hombre-tras-sufrir-un-infarto-en-pleno-directo-mientras-le-hacian-una-entrevista-en-la-television","status":"publish","type":"post","link":"https:\/\/www.europesays.com\/es\/271563\/","title":{"rendered":"Muere un hombre tras sufrir un infarto en pleno directo mientras le hac\u00edan una entrevista en la televisi\u00f3n"},"content":{"rendered":"<p style=\"\">Mario Ure\u00f1a, era un conocido representante del transporte p\u00fablico en Santiago Oeste (Rep\u00fablica Dominicana), falleci\u00f3 este mi\u00e9rcoles tras desplomarse de forma repentina en el plat\u00f3 del programa &#8216;Caf\u00e9 de Diario 55&#8217;.<strong> El suceso tuvo lugar mientras esperaba su turno para intervenir en un debate <\/strong> &#8230; sobre la tensi\u00f3n creciente entre &#8216;choferes&#8217; de la zona.<\/p>\n<p class=\"voc-p\" style=\"\">El programa llevaba algo m\u00e1s de media hora en emisi\u00f3n cuando Ure\u00f1a, sentado junto a otros invitados estaba totalmente quieto, incluso parec\u00eda estar dormido y de repente <a href=\"https:\/\/www.abc.es\/deportes\/futbol\/muere-entrenador-infarto-mitad-partido-20251104174156-nt.html\" title=\"www.abc.es\" data-voc-vtm-id=\"in-text-traffic\" data-mrf-link=\"www.abc.es\" rel=\"nofollow noopener\" target=\"_blank\">sufri\u00f3 un espasmo inesperado.<\/a> El movimiento brusco hizo caer varios objetos del decorado antes de que el dirigente quedara inm\u00f3vil en el sill\u00f3n. Su compa\u00f1ero de asiento, visiblemente sorprendido, se qued\u00f3 paralizado mientras miembros del equipo t\u00e9cnico corr\u00edan hacia \u00e9l para auxiliarlo.<\/p>\n<blockquote class=\"twitter-tweet\">\n<p lang=\"es\" dir=\"ltr\">\ud83d\udcfa || El comunicador y promotor tur\u00edstico Mario Ure\u00f1a falleci\u00f3 este 3 de diciembre durante una transmisi\u00f3n en vivo en la televisi\u00f3n dominicana, tras presentar un paro card\u00edaco.<br \/>\ud83d\udd4a\ufe0f La noticia gener\u00f3 gran impacto en medios y audiencia. <a href=\"https:\/\/t.co\/Wo4pff1ewB\" rel=\"nofollow\">pic.twitter.com\/Wo4pff1ewB<\/a><\/p>\n<p>\u2014 Cinco Radio Oficial (@laredcincoradio) <a href=\"https:\/\/twitter.com\/laredcincoradio\/status\/1996467002115043752?ref_src=twsrc%5Etfw\" rel=\"nofollow noopener\" target=\"_blank\">December 4, 2025<\/a><\/p><\/blockquote>\n<p class=\"voc-p\" style=\"\">En el directo se observa como r\u00e1pidamnete las c\u00e1maras de televisi\u00f3n dejan de grabar y <strong>el presentador pidi\u00f3 inmediatamente cortar la emisi\u00f3n<\/strong> y dar paso a publicidad mientras varias personas entraban en el set para intentar reanimarlo.<\/p>\n<p>\nEra un referente en el pa\u00eds dominicano\n<\/p>\n<p class=\"voc-p\" style=\"\">Ure\u00f1a era<strong> una figura conocida en Rp\u00fablica Dominicana<\/strong> por su papel en el movimiento social Ruta SO, donde sol\u00eda mediar en los conflictos por rutas, paradas y permisos de operaci\u00f3n. Su trabajo hab\u00eda sido especialmente relevante en los \u00faltimos meses, marcados por una escalada de enfrentamientos entre conductores.<\/p>\n<p class=\"voc-p\" style=\"\">\u00abMario siempre fue un hombre comprometido con su comunidad y con mejorar el servicio de transporte. Su p\u00e9rdida deja un hueco enorme para todos nosotros\u00bb, lamentaron compa\u00f1eros de la Ruta SO en un comunicado.<\/p>\n<p class=\"voc-p\" style=\"\">Adem\u00e1s de su actividad en el sector del transporte, Ure\u00f1a era <strong>conocido por su labor como comunicador,<\/strong> ya que era un habitual en los programas de televisi\u00f3n, y tambi\u00e9n destacaba por promocionar el turismo y la gastronom\u00eda del pa\u00eds dominicano.<\/p>\n<p><script async src=\"https:\/\/platform.twitter.com\/widgets.js\" charset=\"utf-8\"><\/script><\/p>\n","protected":false},"excerpt":{"rendered":"Mario Ure\u00f1a, era un conocido representante del transporte p\u00fablico en Santiago Oeste (Rep\u00fablica Dominicana), falleci\u00f3 este mi\u00e9rcoles tras&hellip;\n","protected":false},"author":2,"featured_media":271564,"comment_status":"","ping_status":"","sticky":false,"template":"","format":"standard","meta":{"footnotes":""},"categories":[42],"tags":[17,18,2125,3141,13,14,11,366,10578,61,62,63,64,19,20,8938,9,10,15,16,2464,18389,807,12,575,21,22,65,66,67],"class_list":{"0":"post-271563","1":"post","2":"type-post","3":"status-publish","4":"format-standard","5":"has-post-thumbnail","7":"category-internacional","8":"tag-breaking-news","9":"tag-breakingnews","10":"tag-directo","11":"tag-entrevista","12":"tag-featured-news","13":"tag-featurednews","14":"tag-headlines","15":"tag-hombre","16":"tag-infarto","17":"tag-internacional","18":"tag-international","19":"tag-international-news","20":"tag-internationalnews","21":"tag-latest-news","22":"tag-latestnews","23":"tag-muere","24":"tag-news","25":"tag-noticias","26":"tag-noticias-destacadas","27":"tag-noticiasdestacadas","28":"tag-pleno","29":"tag-sufrir","30":"tag-television","31":"tag-titulares","32":"tag-tras","33":"tag-ultimas-noticias","34":"tag-ultimasnoticias","35":"tag-world","36":"tag-world-news","37":"tag-worldnews"},"share_on_mastodon":{"url":"https:\/\/pubeurope.com\/@es\/115663833996810092","error":""},"_links":{"self":[{"href":"https:\/\/www.europesays.com\/es\/wp-json\/wp\/v2\/posts\/271563","targetHints":{"allow":["GET"]}}],"collection":[{"href":"https:\/\/www.europesays.com\/es\/wp-json\/wp\/v2\/posts"}],"about":[{"href":"https:\/\/www.europesays.com\/es\/wp-json\/wp\/v2\/types\/post"}],"author":[{"embeddable":true,"href":"https:\/\/www.europesays.com\/es\/wp-json\/wp\/v2\/users\/2"}],"replies":[{"embeddable":true,"href":"https:\/\/www.europesays.com\/es\/wp-json\/wp\/v2\/comments?post=271563"}],"version-history":[{"count":0,"href":"https:\/\/www.europesays.com\/es\/wp-json\/wp\/v2\/posts\/271563\/revisions"}],"wp:featuredmedia":[{"embeddable":true,"href":"https:\/\/www.europesays.com\/es\/wp-json\/wp\/v2\/media\/271564"}],"wp:attachment":[{"href":"https:\/\/www.europesays.com\/es\/wp-json\/wp\/v2\/media?parent=271563"}],"wp:term":[{"taxonomy":"category","embeddable":true,"href":"https:\/\/www.europesays.com\/es\/wp-json\/wp\/v2\/categories?post=271563"},{"taxonomy":"post_tag","embeddable":true,"href":"https:\/\/www.europesays.com\/es\/wp-json\/wp\/v2\/tags?post=271563"}],"curies":[{"name":"wp","href":"https:\/\/api.w.org\/{rel}","templated":true}]}}