{"id":271565,"date":"2025-12-04T23:13:10","date_gmt":"2025-12-04T23:13:10","guid":{"rendered":"https:\/\/www.europesays.com\/es\/271565\/"},"modified":"2025-12-04T23:13:10","modified_gmt":"2025-12-04T23:13:10","slug":"donde-se-podra-ver-en-television-y-online-el-festival-de-eurovision-2026-en-espana-tras-la-renuncia-de-rtve","status":"publish","type":"post","link":"https:\/\/www.europesays.com\/es\/271565\/","title":{"rendered":"D\u00f3nde se podr\u00e1 ver en televisi\u00f3n y online el Festival de Eurovisi\u00f3n 2026 en Espa\u00f1a tras la renuncia de RTVE"},"content":{"rendered":"<p style=\"\">La decisi\u00f3n de RTVE de abandonar Eurovisi\u00f3n 2026, despu\u00e9s de que la 95\u00aa Asamblea General de la Uni\u00f3n Europea de Radiodifusi\u00f3n (UER), celebrada en Ginebra, confirmase la participaci\u00f3n de Israel, ha provocado un cambio en el formato: por primera vez desde su debut, <strong>Espa\u00f1a no <\/strong> &#8230; <strong>acudir\u00e1 ni emitir\u00e1 la final prevista para el 16 de mayo en Viena, <\/strong>y las semifinales del 12 y 14 de mayo del certamen.<\/p>\n<p class=\"voc-p\" style=\"\">El actual presidente de la Corporaci\u00f3n de Radio y Televisi\u00f3n Espa\u00f1ola (RTVE), <a href=\"https:\/\/www.abc.es\/play\/television\/eurovision\/jose-pablo-lopez-tras-retirada-rtve-eurovision-20251204193836-nt.html\" title=\"www.abc.es\" data-voc-vtm-id=\"in-text-traffic\" data-mrf-link=\"www.abc.es\" rel=\"nofollow noopener\" target=\"_blank\">Jos\u00e9 Pablo L\u00f3pez, ha denunciado por medio de las redes sociales un ambiente de falta de transparencia en la Asamblea:<\/a> \u00abLo sucedido en la Asamblea de UER confirma que Eurovisi\u00f3n no es un concurso de canciones sino un festival dominado por intereses geopol\u00edticos y fracturado\u00bb.<\/p>\n<p>\nD\u00f3nde ver el Festival de Eurovisi\u00f3n 2026 en Espa\u00f1a en televisi\u00f3n y online\n<\/p>\n<p class=\"voc-p\" style=\"\">A d\u00eda de hoy, la respuesta no est\u00e1 cerrada. La emisi\u00f3n del certamen suele estar <strong>reservada a las televisiones p\u00fablicas de los pa\u00edses participantes,<\/strong> lo que complica que una cadena privada espa\u00f1ola pueda adquirir los derechos. Aun as\u00ed, el enorme inter\u00e9s que genera Eurovisi\u00f3n en nuestro pa\u00eds hace que ninguna posibilidad est\u00e9 completamente descartada.<\/p>\n<p class=\"voc-p\" style=\"\">Por ahora, RTVE ha sacado un comunicado en el que aseguran que no emitiran el \u00faltimo tramo del festival: \u00abLa salida del Festival implica que RTVE no emitir\u00e1 la final de Eurovisi\u00f3n 2026, que se celebrar\u00e1 en Viena (Austria) el pr\u00f3ximo 16 de mayo, ni las semifinales previas del concurso, que se realizar\u00e1n los d\u00edas 12 y 14.\u00bb. <\/p>\n<p class=\"voc-p\" style=\"\">Los derechos televisivos siguen perteneciendo a la Corporaci\u00f3n de Radio y Televisi\u00f3n Espa\u00f1ola, por lo que estos <strong>podr\u00e1n ceder o vender estos derechos a cadenas privadas. <\/strong><\/p>\n<p class=\"voc-p\" style=\"\">Otra opci\u00f3n pasa por <strong>recurrir a canales internacionales que s\u00ed cuenten con los derechos oficiales<\/strong> y que ofrezcan se\u00f1ales accesibles online, especialmente aquellos con presencia en Latinoam\u00e9rica y que tradicionalmente facilitan su streaming en abierto. <\/p>\n<p class=\"voc-p\" style=\"\">Habr\u00e1 que esperar las pr\u00f3ximas semanas hasta que la UER concrete si permitir\u00e1 alternativas oficiales para territorios no participante, o ver si RTVE saca alg\u00fan comunicado haciendo oficial el cese o venta de estos derechos.<\/p>\n","protected":false},"excerpt":{"rendered":"La decisi\u00f3n de RTVE de abandonar Eurovisi\u00f3n 2026, despu\u00e9s de que la 95\u00aa Asamblea General de la Uni\u00f3n&hellip;\n","protected":false},"author":2,"featured_media":271566,"comment_status":"","ping_status":"","sticky":false,"template":"","format":"standard","meta":{"footnotes":""},"categories":[8],"tags":[3076,17,18,25,24,24121,13,14,3931,11,19,20,9,10,15,16,133,15870,17243,518,23,807,12,575,21,22,809],"class_list":{"0":"post-271565","1":"post","2":"type-post","3":"status-publish","4":"format-standard","5":"has-post-thumbnail","7":"category-espana","8":"tag-3076","9":"tag-breaking-news","10":"tag-breakingnews","11":"tag-es","12":"tag-espana","13":"tag-eurovision","14":"tag-featured-news","15":"tag-featurednews","16":"tag-festival","17":"tag-headlines","18":"tag-latest-news","19":"tag-latestnews","20":"tag-news","21":"tag-noticias","22":"tag-noticias-destacadas","23":"tag-noticiasdestacadas","24":"tag-online","25":"tag-podra","26":"tag-renuncia","27":"tag-rtve","28":"tag-spain","29":"tag-television","30":"tag-titulares","31":"tag-tras","32":"tag-ultimas-noticias","33":"tag-ultimasnoticias","34":"tag-ver"},"share_on_mastodon":{"url":"https:\/\/pubeurope.com\/@es\/115663838008754941","error":""},"_links":{"self":[{"href":"https:\/\/www.europesays.com\/es\/wp-json\/wp\/v2\/posts\/271565","targetHints":{"allow":["GET"]}}],"collection":[{"href":"https:\/\/www.europesays.com\/es\/wp-json\/wp\/v2\/posts"}],"about":[{"href":"https:\/\/www.europesays.com\/es\/wp-json\/wp\/v2\/types\/post"}],"author":[{"embeddable":true,"href":"https:\/\/www.europesays.com\/es\/wp-json\/wp\/v2\/users\/2"}],"replies":[{"embeddable":true,"href":"https:\/\/www.europesays.com\/es\/wp-json\/wp\/v2\/comments?post=271565"}],"version-history":[{"count":0,"href":"https:\/\/www.europesays.com\/es\/wp-json\/wp\/v2\/posts\/271565\/revisions"}],"wp:featuredmedia":[{"embeddable":true,"href":"https:\/\/www.europesays.com\/es\/wp-json\/wp\/v2\/media\/271566"}],"wp:attachment":[{"href":"https:\/\/www.europesays.com\/es\/wp-json\/wp\/v2\/media?parent=271565"}],"wp:term":[{"taxonomy":"category","embeddable":true,"href":"https:\/\/www.europesays.com\/es\/wp-json\/wp\/v2\/categories?post=271565"},{"taxonomy":"post_tag","embeddable":true,"href":"https:\/\/www.europesays.com\/es\/wp-json\/wp\/v2\/tags?post=271565"}],"curies":[{"name":"wp","href":"https:\/\/api.w.org\/{rel}","templated":true}]}}