{"id":271567,"date":"2025-12-04T23:14:19","date_gmt":"2025-12-04T23:14:19","guid":{"rendered":"https:\/\/www.europesays.com\/es\/271567\/"},"modified":"2025-12-04T23:14:19","modified_gmt":"2025-12-04T23:14:19","slug":"el-psoe-no-preve-trasladar-a-la-fiscalia-el-caso-salazar-y-busca-una-solucion-de-urgencia-con-la-que-zanjarlo","status":"publish","type":"post","link":"https:\/\/www.europesays.com\/es\/271567\/","title":{"rendered":"El PSOE no prev\u00e9 trasladar a la Fiscal\u00eda el caso Salazar y busca una soluci\u00f3n de urgencia con la que zanjarlo"},"content":{"rendered":"<p class=\"article-text\">\n        El PSOE no tiene previsto remitir a la Fiscal\u00eda el \u201ccaso Salazar\u201d, pese a <a href=\"https:\/\/www.eldiario.es\/politica\/indignacion-interna-ferraz-caso-salazar-recorre-federaciones-psoe_1_12818632.html\" data-mrf-recirculation=\"links-noticia\" class=\"link\" rel=\"nofollow noopener\" target=\"_blank\">las reiteradas demandas de algunas de las secretarias de Igualdad de diferentes territorios.<\/a> La direcci\u00f3n federal entiende que precisar\u00eda para ello autorizaci\u00f3n de las denunciantes, cuya identidad se desconoce, una explicaci\u00f3n que no convence a algunas feministas del partido, que s\u00ed creen que \u201chabiendo indicios serios de un posible delito de acoso sexual y abuso de poder\u201d, el Ministerio Fiscal puede actuar de oficio o a instancia de parte, que en este caso ser\u00eda el partido.\n    <\/p>\n<p class=\"article-text\">\n        No lo creen as\u00ed en la calle Ferraz, que ahora busca una soluci\u00f3n de urgencia para acabar con el procedimiento reactivado despu\u00e9s de que <a href=\"http:\/\/eldiario.es\" target=\"_blank\" data-mrf-recirculation=\"links-noticia\" class=\"link\" rel=\"nofollow noopener\">elDiario.es<\/a> sacara a la luz la desaparici\u00f3n de las denuncias presentadas por dos v\u00edctimas del que fuera asesor de Pedro S\u00e1nchez en Moncloa y miembro de la Ejecutiva Federal.\u00a0Es m\u00e1s, instan a sus dirigentes a mantener la prudencia en sus declaraciones p\u00fablicas y a \u201cno opinar gratuitamente\u201d hasta que se conozca el resultado final de la investigaci\u00f3n.\n    <\/p>\n<p class=\"article-text\">\n        Especial malestar han causado las declaraciones de la delegada del Gobierno en Asturias, Adriana Lastra, que este jueves, como otras socialistas, volvi\u00f3 a reiterar que \u201cla comisi\u00f3n ejecutiva federal,  en el momento en que acabe los trabajos, ponga los hechos en conocimiento de la Fiscal\u00eda de manera inmediata\u201d. \u201cPorque estamos hablando\u201d, a\u00f1adi\u00f3, \u201cde violencia contra las mujeres\u201d.\n    <\/p>\n<p class=\"article-text\">\n        Adem\u00e1s de contra Rebeca Torr\u00f3, secretaria de Organizaci\u00f3n y contra Pilar Bernab\u00e9, secretaria federal de Igualdad, las feministas del partido apuntan tambi\u00e9n contra Mar\u00eda Jes\u00fas Montero por ser la l\u00edder del socialismo andaluz, donde Salazar ha mantenido sus anclajes a trav\u00e9s del secretario de Organizaci\u00f3n del PSOE-A, Francisco Rodr\u00edguez. Precisamente Montero y Rodr\u00edguez fueron los primeros que pusieron en duda las denuncias y pusieron en valor la decisi\u00f3n de su correligionario de dar un paso atr\u00e1s y renunciar a su cargo en el partido.\n    <\/p>\n<p class=\"article-text\">\n        La vicesecretaria general de los socialistas andaluces, que ahora ofrece protecci\u00f3n a las v\u00edctimas y rechaza las actitudes machistas, lleg\u00f3 a achacar la ca\u00edda de Salazar a \u201cinformaciones imprecisas\u201d. Preguntada por alguna posible relaci\u00f3n contractual o laboral del PSOE de Andaluc\u00eda con Salazar, Montero ha rechazado este jueves cualquier tipo de v\u00ednculo con \u201cesa persona\u201d. En su mitin de arranque de campa\u00f1a en Extremadura, el presidente del Gobierno no hizo menci\u00f3n alguna al caso ni siquiera de manera velada como respuesta a la indignaci\u00f3n de las mujeres de su partido.\n    <\/p>\n<p>    El sistema solo \u201cse ofusc\u00f3\u201d con el ex asesor de Moncloa<\/p>\n<p class=\"article-text\">\n        Y es que en mitad del esc\u00e1ndalo de Francisco Salazar, al Partido Socialista le ha estallado el caso del l\u00edder del PSOE de Torremolinos, Antonio Navarro. La Fiscal\u00eda investiga la denuncia contra \u00e9l por presunto acoso sexual de una militante que ha aportado mensajes \u201cde contenido sexual, insinuaciones y proposiciones no deseadas ni consentidas\u201d. Antes de dar ese paso, la mujer hab\u00eda trasladado la denuncia a su partido mediante el canal interno antiacoso. Y, a diferencia de las denunciantes de Paco Salazar, en su caso la investigaci\u00f3n s\u00ed se llev\u00f3 a cabo.\n    <\/p>\n<p class=\"article-text\">\n        Con el testimonio de Torremolinos no existi\u00f3 ni la \u201cofuscaci\u00f3n del sistema\u201d que hizo desaparecer las denuncias contra el ex alto cargo de Moncloa ni pasaron cinco meses sin tramitarse. El propio Partido Socialista admite que el tr\u00e1mite del \u00f3rgano antiacoso estaba activo desde \u201chace tiempo\u201d y que ya hab\u00eda avanzado hasta el punto de que se hab\u00eda \u201cvisto\u201d a las partes y les hab\u00eda permitido registrar alegaciones.\n    <\/p>\n<p class=\"article-text\">\n        En el PSOE explican, de hecho, que esa investigaci\u00f3n interna hab\u00eda llegado pr\u00e1cticamente hasta el final y que solo estaba a expensas del dictamen definitivo. Pero que la mujer militante decidi\u00f3 acudir a la Fiscal\u00eda a interponer su denuncia por acoso sexual antes de esperar la resoluci\u00f3n de su partido. Un caso que, m\u00e1s all\u00e1 de la gravedad de los hechos, demuestra que la comisi\u00f3n antiacoso s\u00ed actu\u00f3 en este caso que conoci\u00f3 a trav\u00e9s del mismo canal que usaron las mujeres que denunciaron a Paco Salazar sin que recibieran siquiera notificaci\u00f3n de que sus escritos, que llegaron a desaparecer del sistema, hubieran sido admitidos a tr\u00e1mite.\n    <\/p>\n<p class=\"article-text\">\n        La denuncia ha sido derivada a la secci\u00f3n de Violencia sobre la Mujer de la Fiscal\u00eda de M\u00e1laga, que investigar\u00e1 el caso, y la direcci\u00f3n provincial del PSOE ha emitido un comunicado anunciando que \u201clos hechos denunciados est\u00e1n siendo objeto de examen e investigaci\u00f3n por el \u00d3rgano contra el Acoso nombrado por ejecutiva federal del partido\u201d. \u201cSi la Fiscal\u00eda abriese diligencias, esta direcci\u00f3n provincial formular\u00eda a la Comisi\u00f3n Ejecutiva Federal la solicitud de suspensi\u00f3n cautelar de militancia de acuerdo a nuestros Estatutos y Reglamento\u201d, reza el escrito.\n    <\/p>\n<p class=\"article-text\">\n        La militante socialista ha adjuntado en su denuncia mensajes de WhatsApp de Navarro que se remontan a 2021, conversaciones sobre temas de pol\u00edtica municipal, donde se intercalan comentarios sexuales por parte del diputado, seg\u00fan ha adelantado el diario Sur.\n    <\/p>\n<p>    <a href=\"https:\/\/www.eldiario.es\/politica\/indignacion-interna-ferraz-caso-salazar-recorre-federaciones-psoe_1_12818632.html\" data-mrf-recirculation=\"saber-mas-abajo\" data-dl-event=\"saber-mas-abajo\" rel=\"nofollow noopener\" target=\"_blank\"><\/p>\n<p class=\"know-more__title\">Responsables de Igualdad del PSOE reclaman a Ferraz que lleven el caso Salazar ante la Fiscal\u00eda\n<\/p>\n<p>            <img decoding=\"async\" class=\"lazy\" loading=\"lazy\" data-src=\"https:\/\/static.eldiario.es\/clip\/7b1c702f-aaa8-4142-89d3-ce57d85ae3fa_16-9-aspect-ratio_default_0.jpg\" src=\"data:image\/svg+xml,%3Csvg xmlns=\" http:=\"\" viewbox=\"0 0 880 495\" alt=\"Responsables de Igualdad del PSOE reclaman a Ferraz que lleven el caso Salazar ante la Fiscal\u00eda\"\/><\/p>\n<p>                        <\/a><\/p>\n<p class=\"article-text\">\n        Algunos de los mensajes de Navarro reproducidos por el diario son estos: \u201cNo me esquives, que te quiero meter ficha\u201d; \u201cYo s\u00e9 c\u00f3mo quitarte el dolor de cabeza\u201d; \u201cLo a gusto que estar\u00edamos ahora con una copa de vino y un sof\u00e1\u201d; \u201cEst\u00e1s muy buena\u201d; \u201c\u00bfEse escote lo has tenido siempre?\u201d; \u201cAunque te pusieras cuello vuelto ibas a estar igual de buena\u201d. La mujer ha presentado las conversaciones completas que intercambia con el l\u00edder del PSOE de Torremolinos, donde \u00e9l insiste con estos comentarios sexuales, mientras ella trata de volver una y otra vez a una charla sobre asuntos municipales.\n    <\/p>\n","protected":false},"excerpt":{"rendered":"El PSOE no tiene previsto remitir a la Fiscal\u00eda el \u201ccaso Salazar\u201d, pese a las reiteradas demandas de&hellip;\n","protected":false},"author":2,"featured_media":271568,"comment_status":"","ping_status":"","sticky":false,"template":"","format":"standard","meta":{"footnotes":""},"categories":[5],"tags":[61957,17,18,331,6985,25,24,13,14,4767,11,19,20,9,689,10,15,16,7380,1699,11827,15428,23,12,1245,21,22,9849,66667],"class_list":{"0":"post-271567","1":"post","2":"type-post","3":"status-publish","4":"format-standard","5":"has-post-thumbnail","7":"category-titulares","8":"tag-asunto","9":"tag-breaking-news","10":"tag-breakingnews","11":"tag-busca","12":"tag-caso","13":"tag-es","14":"tag-espana","15":"tag-featured-news","16":"tag-featurednews","17":"tag-fiscalia","18":"tag-headlines","19":"tag-latest-news","20":"tag-latestnews","21":"tag-news","22":"tag-no","23":"tag-noticias","24":"tag-noticias-destacadas","25":"tag-noticiasdestacadas","26":"tag-preve","27":"tag-psoe","28":"tag-salazar","29":"tag-solucion","30":"tag-spain","31":"tag-titulares","32":"tag-trasladar","33":"tag-ultimas-noticias","34":"tag-ultimasnoticias","35":"tag-urgencia","36":"tag-zanjar"},"share_on_mastodon":{"url":"https:\/\/pubeurope.com\/@es\/115663841745932108","error":""},"_links":{"self":[{"href":"https:\/\/www.europesays.com\/es\/wp-json\/wp\/v2\/posts\/271567","targetHints":{"allow":["GET"]}}],"collection":[{"href":"https:\/\/www.europesays.com\/es\/wp-json\/wp\/v2\/posts"}],"about":[{"href":"https:\/\/www.europesays.com\/es\/wp-json\/wp\/v2\/types\/post"}],"author":[{"embeddable":true,"href":"https:\/\/www.europesays.com\/es\/wp-json\/wp\/v2\/users\/2"}],"replies":[{"embeddable":true,"href":"https:\/\/www.europesays.com\/es\/wp-json\/wp\/v2\/comments?post=271567"}],"version-history":[{"count":0,"href":"https:\/\/www.europesays.com\/es\/wp-json\/wp\/v2\/posts\/271567\/revisions"}],"wp:featuredmedia":[{"embeddable":true,"href":"https:\/\/www.europesays.com\/es\/wp-json\/wp\/v2\/media\/271568"}],"wp:attachment":[{"href":"https:\/\/www.europesays.com\/es\/wp-json\/wp\/v2\/media?parent=271567"}],"wp:term":[{"taxonomy":"category","embeddable":true,"href":"https:\/\/www.europesays.com\/es\/wp-json\/wp\/v2\/categories?post=271567"},{"taxonomy":"post_tag","embeddable":true,"href":"https:\/\/www.europesays.com\/es\/wp-json\/wp\/v2\/tags?post=271567"}],"curies":[{"name":"wp","href":"https:\/\/api.w.org\/{rel}","templated":true}]}}