{"id":271569,"date":"2025-12-04T23:18:10","date_gmt":"2025-12-04T23:18:10","guid":{"rendered":"https:\/\/www.europesays.com\/es\/271569\/"},"modified":"2025-12-04T23:18:10","modified_gmt":"2025-12-04T23:18:10","slug":"el-gary-player-country-club-dicta-su-abrupta-y-habitual-sentencia","status":"publish","type":"post","link":"https:\/\/www.europesays.com\/es\/271569\/","title":{"rendered":"El Gary Player Country Club dicta su abrupta (y habitual) sentencia"},"content":{"rendered":"<p>&#13;<br \/>\n        &#13;<br \/>\n&#13;<br \/>\n        &#13;<\/p>\n<p>            <a href=\"https:\/\/ten-golf.com\/wp-content\/uploads\/2025\/12\/BMW-International-Open-SF-_A936077.jpg\" data-caption=\"Kristoffer Reitan. \u00a9 Golffile | Steve Flynn\" rel=\"nofollow noopener\" target=\"_blank\"><img decoding=\"async\" loading=\"lazy\" width=\"666\" height=\"444\" class=\"entry-thumb td-modal-image\" src=\"https:\/\/www.europesays.com\/es\/wp-content\/uploads\/2025\/12\/BMW-International-Open-SF-_A936077-666x444.jpg\"   alt=\"Kristoffer Reitan. \u00a9 Golffile | Steve Flynn\" title=\"Kristoffer Reitan. \u00a9 Golffile | Steve Flynn BMW International Open 2025\"\/><\/a>Kristoffer Reitan. \u00a9 Golffile | Steve Flynn<\/p>\n<p>            &#8211; Ha finalizado la primera ronda del Nedbank Golf Challenge y el Gary Player Country Club ha dictado una abrupta (y habitual) sentencia: la diferencia entre el l\u00edder, el noruego Kristoffer Reitan (-9), y el \u00faltimo clasificado, el ingl\u00e9s Daniel Gavins (+9), es exactamente <\/p>\n<p>Para seguir leyendo, Suscr\u00edbete<\/p>\n<p>    Subscription OptionsMENSUAL<\/p>\n<p>Unlimited  Entradas<\/p>\n<p>Unlimited  Galer\u00edas<\/p>\n<p>Unlimited  \u00c1lbumes<\/p>\n<p>Unlimited  P\u00e1ginas<\/p>\n<p>ANUAL + LIBRO<\/p>\n<p>Unlimited  Entradas<\/p>\n<p>Unlimited  Galer\u00edas<\/p>\n<p>Unlimited  \u00c1lbumes<\/p>\n<p>Unlimited  P\u00e1ginas<\/p>\n<p>ANUAL<\/p>\n<p>Unlimited  Entradas<\/p>\n<p>Unlimited  Galer\u00edas<\/p>\n<p>Unlimited  \u00c1lbumes<\/p>\n<p>Unlimited  P\u00e1ginas<\/p>\n<p>    Recibe 30 mulligans para gastar en <a href=\"https:\/\/thegame.ten-golf.com\" target=\"_blank\" rel=\"nofollow noopener\">TheGame<\/a> junto a tu suscripci\u00f3n anual (al final de la temporada se quitar\u00e1n los mulligans no gastados)<\/p>\n<p>    Pincha <a href=\"https:\/\/ten-golf.com\/tengolf-pone-en-marcha-el-muro-de-pago-y-crea-el-club-tengolf\" target=\"_blank\" rel=\"nofollow noopener\">aqu\u00ed<\/a> para saber m\u00e1s sobre las distintas suscripciones<\/p>\n<p>        &#13;<br \/>\n&#13;<br \/>\n        &#13;<br \/>\n            &#13;<br \/>\n            &#13;<br \/>\n&#13;<\/p>\n<p class=\"join-telegram\"><img decoding=\"async\" class=\"loading\" src=\"https:\/\/www.europesays.com\/es\/wp-content\/uploads\/2025\/11\/telegram-icon.png\" alt=\"\"\/> S\u00edguenos tambi\u00e9n en <a href=\"https:\/\/telegram.org\/\" target=\"_blank\" style=\"font-weight: normal;\" rel=\"nofollow noopener\">Telegram<\/a> en el canal <a href=\"https:\/\/t.me\/tengolf\" target=\"_blank\" rel=\"nofollow\">@tengolf<\/a><\/p>\n<p>        &#13;<br \/>\n        <a class=\"will-load\" name=\"end-article\" data-id=\"post-213046\"\/>&#13;<\/p>\n","protected":false},"excerpt":{"rendered":"&#13; &#13; &#13; &#13; Kristoffer Reitan. \u00a9 Golffile | Steve Flynn &#8211; Ha finalizado la primera ronda del&hellip;\n","protected":false},"author":2,"featured_media":271570,"comment_status":"","ping_status":"","sticky":false,"template":"","format":"standard","meta":{"footnotes":""},"categories":[275],"tags":[31166,168,7316,25,24,66028,329,17651,20507,66507,336,339,340,1909,1910,23,167,24005],"class_list":{"0":"post-271569","1":"post","2":"type-post","3":"status-publish","4":"format-standard","5":"has-post-thumbnail","7":"category-golf","8":"tag-alejandro-del-rey","9":"tag-deportes","10":"tag-dp-world-tour","11":"tag-es","12":"tag-espana","13":"tag-gary-player-country-club","14":"tag-golf","15":"tag-jorge-campillo","16":"tag-kristoffer-reitan","17":"tag-nedbank-golf-challenge-in-honour-of-gary-player","18":"tag-notificacion","19":"tag-portada-america","20":"tag-portada-global","21":"tag-portada-top","22":"tag-portada-top-america","23":"tag-spain","24":"tag-sports","25":"tag-viktor-hovland"},"share_on_mastodon":{"url":"https:\/\/pubeurope.com\/@es\/115663858217509600","error":""},"_links":{"self":[{"href":"https:\/\/www.europesays.com\/es\/wp-json\/wp\/v2\/posts\/271569","targetHints":{"allow":["GET"]}}],"collection":[{"href":"https:\/\/www.europesays.com\/es\/wp-json\/wp\/v2\/posts"}],"about":[{"href":"https:\/\/www.europesays.com\/es\/wp-json\/wp\/v2\/types\/post"}],"author":[{"embeddable":true,"href":"https:\/\/www.europesays.com\/es\/wp-json\/wp\/v2\/users\/2"}],"replies":[{"embeddable":true,"href":"https:\/\/www.europesays.com\/es\/wp-json\/wp\/v2\/comments?post=271569"}],"version-history":[{"count":0,"href":"https:\/\/www.europesays.com\/es\/wp-json\/wp\/v2\/posts\/271569\/revisions"}],"wp:featuredmedia":[{"embeddable":true,"href":"https:\/\/www.europesays.com\/es\/wp-json\/wp\/v2\/media\/271570"}],"wp:attachment":[{"href":"https:\/\/www.europesays.com\/es\/wp-json\/wp\/v2\/media?parent=271569"}],"wp:term":[{"taxonomy":"category","embeddable":true,"href":"https:\/\/www.europesays.com\/es\/wp-json\/wp\/v2\/categories?post=271569"},{"taxonomy":"post_tag","embeddable":true,"href":"https:\/\/www.europesays.com\/es\/wp-json\/wp\/v2\/tags?post=271569"}],"curies":[{"name":"wp","href":"https:\/\/api.w.org\/{rel}","templated":true}]}}