{"id":271577,"date":"2025-12-04T23:23:12","date_gmt":"2025-12-04T23:23:12","guid":{"rendered":"https:\/\/www.europesays.com\/es\/271577\/"},"modified":"2025-12-04T23:23:12","modified_gmt":"2025-12-04T23:23:12","slug":"miguel-loureiro-samu-fernandez-el-hoy-y-el-manana-del-depor-se-entienden-en-sabadell-la-voz-de-galicia","status":"publish","type":"post","link":"https:\/\/www.europesays.com\/es\/271577\/","title":{"rendered":"Miguel Loureiro &#8211; Samu Fern\u00e1ndez, el hoy y el ma\u00f1ana del D\u00e9por se entienden en Sabadell &#8211; La Voz de Galicia"},"content":{"rendered":"<ol>\n<li><a href=\"https:\/\/news.google.com\/rss\/articles\/CBMi7gFBVV95cUxNRndDMk0xSEFsSXBZT05vLVZKOWZXMFdqUnV1U1cwT0o4dkpiV0IxWXRqdVR6R0VnV1NIR1A1SXRlR05DNTRiZm9fd0R6c2UzcGVUSEY1a1ZlWklRbFZDaFhsdlJpTnR3RE1wYzZDSUlDbkNBQ3h4c1o4dVZrb0dyNGZGNUtkWFA0eWcwMGRFaXdjNmZuTUdvd211SVRBcmlkbjJoaU9TVFB5UjhqR3VFRkdPUEpFb0FPSExveXdESE5zRnlfQzlwZ3JvOVZZNGFtTlpsdjlvQ05MVFlnaUNCVmUwQ1RjbDl2Ri1fSktB0gGKAkFVX3lxTE1zTTVPYVQ4bm5XY2dHQ3hZQ3NTM1BQQXR2amhxb1hqQ1FqZ0pmdmNQeE1BcHhKQkJadkVLZl9wQzVXX3hIemFEMmFQcUNCTkRRU3JQVmZ2WTI1QUkya1daUEltNXpVbUNFQWc3b3ltQkN2QVo1QlN4NnphbUpJWkJzWnd0VjB3eWVOSEhtMzZFRmtEZ3Jxbzg4Ykl0d3NKa0VYZE4tdjJEVHNhaUNNU2JkbUpGM0FiRkhEQ3U2eEwzYmZSdmg3S3QyYVZBYmxfUnV0XzZQdXpVTnRhTmpfN1JDSjIyV0VYd1ViaFJDM0Q1aGhUUldOZ3F1TDlsV2MzQU5aZVBGU09OZ0FB?oc=5\" target=\"_blank\" rel=\"nofollow noopener\">Miguel Loureiro &#8211; Samu Fern\u00e1ndez, el hoy y el ma\u00f1ana del D\u00e9por se entienden en Sabadell<\/a>&nbsp;&nbsp;La Voz de Galicia<\/li>\n<li><a href=\"https:\/\/news.google.com\/rss\/articles\/CBMiigFBVV95cUxNNzR1WjdrTExqN2FHOGJvOW1rUWVKaUU1VFNoMHg1anFSaVVlYzdJS0VmWTlPUFVDMVpNOTZGRmQ0RXA3aXNqUFc0b0NrTWVzMDVUUFhONFdjMm1iOFczNGc5U1RWQVZjQTZrU2RaZU9NZ2Y4bnZaVktnVTlEeFpJN3lBYVNhV2JvV0HSAY8BQVVfeXFMTmc5Si1hNXdHTHlER1pYdExZbG96Rjl4bGFfUjhjMjY0cV9iQzZJdHJDVkxrek5YdFgzTldBREFmbzh5S292Uk9nNFhuVGhISkZIekxadEpQSWc2R01YRjdvVGZnWDJhOC1KeTE3UWxwOHdqZmdCMzVHQUFWUnFzbkJfNU1QSGN0SFA2LXh6WDQ?oc=5\" target=\"_blank\" rel=\"nofollow noopener\">Para Samu cada jugada es el fin del mundo<\/a>&nbsp;&nbsp;La Opini\u00f3n A Coru\u00f1a<\/li>\n<li><a href=\"https:\/\/news.google.com\/rss\/articles\/CBMioAFBVV95cUxPUF9iVVZocGhfN1YyS09RazJJUWlHcU9Vd1Vod01YeGtjRm5JV0s1X0hDZGRsekRsbHp2eXNnSWRMSk5MT0YxZmt4dGFCRlhxSTBJdW1EZ0taNnF1aS1SQUUxNDZyRkNKLUp0LW9ZanJfMXh0c0N4MlZvRzRRYnEyVG9LeFVLcFpCLXJURFNsNzdDQmlOZ0VRRDVaSlhZMTc50gGmAUFVX3lxTE0zVWxVWjJ5aG05Vl9zWHhOVFRCc1pySThFMXR3anZjQl9wZ05RYjJGbnJsanlxQURDdjdsTklLcUdBQTQyVUdNZDJmR2RlOGdORTVpX0ZoOVljc2Z4RnJkangwVkp1V3VfZkFBUXVpSWtSN3lrZXFfanYxNTFnY0FlUG02ZkdTUWFkWlJncEZwbURpelNQeUNkSEJPRFE5TGVNeFVYSVE?oc=5\" target=\"_blank\" rel=\"nofollow noopener\">Samu Fern\u00e1ndez, Dami\u00e1n Canedo y Bil Nsongo debutan en el Deportivo en la Copa del Rey<\/a>&nbsp;&nbsp;La Opini\u00f3n A Coru\u00f1a<\/li>\n<li><a href=\"https:\/\/news.google.com\/rss\/articles\/CBMikAFBVV95cUxPbVEyMUtTb0dUVWpNM1N5NXJsRTh5Sjg0NmtjR2VHODNvN2tPVHcyR0VQNVY4Z3FFT3lLV3JWbk9yazZKVXk3bGFnX3FUMjVJdy1VRm8wZmNoYm5LOG9rTGoyMERzMFBTb2g2Ymo2VmY5QXVwY0xkeW5Sb0R5N2xLRzJTb0N5Z1NwR2VnUlpXWGI?oc=5\" target=\"_blank\" rel=\"nofollow noopener\">Samu: \u00abHicimos el partido largo y fue nuestro\u00bb<\/a>&nbsp;&nbsp;La Opini\u00f3n A Coru\u00f1a<\/li>\n<\/ol>\n","protected":false},"excerpt":{"rendered":"Miguel Loureiro &#8211; Samu Fern\u00e1ndez, el hoy y el ma\u00f1ana del D\u00e9por se entienden en Sabadell&nbsp;&nbsp;La Voz de&hellip;\n","protected":false},"author":2,"featured_media":271578,"comment_status":"","ping_status":"","sticky":false,"template":"","format":"standard","meta":{"footnotes":""},"categories":[268],"tags":[168,412,25,24,280,282,66668,281,23,167],"class_list":{"0":"post-271577","1":"post","2":"type-post","3":"status-publish","4":"format-standard","5":"has-post-thumbnail","7":"category-futbol","8":"tag-deportes","9":"tag-deportivo","10":"tag-es","11":"tag-espana","12":"tag-football","13":"tag-futbol","14":"tag-miguel-loureiro","15":"tag-soccer","16":"tag-spain","17":"tag-sports"},"share_on_mastodon":{"url":"https:\/\/pubeurope.com\/@es\/115663877078577200","error":""},"_links":{"self":[{"href":"https:\/\/www.europesays.com\/es\/wp-json\/wp\/v2\/posts\/271577","targetHints":{"allow":["GET"]}}],"collection":[{"href":"https:\/\/www.europesays.com\/es\/wp-json\/wp\/v2\/posts"}],"about":[{"href":"https:\/\/www.europesays.com\/es\/wp-json\/wp\/v2\/types\/post"}],"author":[{"embeddable":true,"href":"https:\/\/www.europesays.com\/es\/wp-json\/wp\/v2\/users\/2"}],"replies":[{"embeddable":true,"href":"https:\/\/www.europesays.com\/es\/wp-json\/wp\/v2\/comments?post=271577"}],"version-history":[{"count":0,"href":"https:\/\/www.europesays.com\/es\/wp-json\/wp\/v2\/posts\/271577\/revisions"}],"wp:featuredmedia":[{"embeddable":true,"href":"https:\/\/www.europesays.com\/es\/wp-json\/wp\/v2\/media\/271578"}],"wp:attachment":[{"href":"https:\/\/www.europesays.com\/es\/wp-json\/wp\/v2\/media?parent=271577"}],"wp:term":[{"taxonomy":"category","embeddable":true,"href":"https:\/\/www.europesays.com\/es\/wp-json\/wp\/v2\/categories?post=271577"},{"taxonomy":"post_tag","embeddable":true,"href":"https:\/\/www.europesays.com\/es\/wp-json\/wp\/v2\/tags?post=271577"}],"curies":[{"name":"wp","href":"https:\/\/api.w.org\/{rel}","templated":true}]}}