{"id":271579,"date":"2025-12-04T23:24:12","date_gmt":"2025-12-04T23:24:12","guid":{"rendered":"https:\/\/www.europesays.com\/es\/271579\/"},"modified":"2025-12-04T23:24:12","modified_gmt":"2025-12-04T23:24:12","slug":"rocio-flores-le-devuelve-el-zasca-a-su-madre-rocio-carrasco-soy-mas-de-netflix","status":"publish","type":"post","link":"https:\/\/www.europesays.com\/es\/271579\/","title":{"rendered":"Roc\u00edo Flores le devuelve el zasca a su madre, Roc\u00edo Carrasco: \u00abSoy m\u00e1s de Netflix\u00bb"},"content":{"rendered":"<p>\u00a0\u00a0\u00a0MADRID, 4 Dic. (CHANCE) &#8211;<\/p>\n<p>\u00a0\u00a0\u00a0<strong>Roc\u00edo Flores<\/strong> ha reaparecido ante las c\u00e1maras en la fiesta de Navidad del peri\u00f3dico &#8216;La Raz\u00f3n&#8217; acompa\u00f1ada por su t\u00eda <strong>Gloria Camila<\/strong> y all\u00ed ha hecho balance del a\u00f1o que est\u00e1 a punto de terminar y de sus mejores deseos para el 2026&#8230; aunque lo que m\u00e1s ha sorprendido ha sido el zasca que le ha dado a <strong>Roc\u00edo Carrasco<\/strong>.<\/p>\n<p> \u00abEsta \u00e9poca es mi favorita\u00bb, comenzaba diciendo la joven cuando le preguntaban por la Navidad y aseguraba que las va a pasar \u00aben familia\u00bb. En cuanto al balance que hace de este 2025<strong>, Roc\u00edo<\/strong> desvelaba que es \u00abpositivo\u00bb y que \u00abcierro el a\u00f1o muy bien\u00bb.<\/p>\n<p>\u00a0\u00a0\u00a0Adem\u00e1s, aseguraba que termina el a\u00f1o \u00abcontenta y alegre\u00bb. Una afirmaci\u00f3n que ha hecho d\u00edas despu\u00e9s de conocer la sentencia que reconoce que <strong>\u00d3scar Cornejo<\/strong> y <strong>Adri\u00e1n Madrid<\/strong> -los productores de la serie documental &#8216;Roc\u00edo, contar la verdad para seguir viva&#8217;- se extralimitaron al publicar informes sobre su vida y su salud cuando era menor de edad.<\/p>\n<p>\u00a0\u00a0\u00a0\u00abComo he pasado a\u00f1os tan complicados, la verdad que este en concreto no ha sido de los peores\u00bb, afirmaba, pero a\u00fan as\u00ed lo \u00fanico que desea para el 2026 es \u00abtranquilidad, salud y que todo vaya bien\u00bb.<\/p>\n<p><strong>\u00a0 \u00a0Roc\u00edo<\/strong> tambi\u00e9n ha querido desmentir que est\u00e9 trabajando en grabar un documental hablando de su vida y de todo lo que ha ocurrido en su familia: \u00abNo, ahora mismo no\u00bb&#8230; pero la contestaci\u00f3n que ha dejado sin palabras a la prensa ha sido la que ha dado cuando le han preguntado si est\u00e1 siguiendo el programa donde est\u00e1 participando su madre.<\/p>\n<p>\u00a0\u00a0\u00a0\u00abSoy m\u00e1s de Netflix\u00bb, respond\u00eda<strong> Flores<\/strong> al mencionarle la aventura televisiva en la que <strong>Roc\u00edo Carrasco<\/strong> se ha aventurado con TVE, &#8216;Hasta el fin del mundo&#8217;. La misma contestaci\u00f3n que dio su madre cuando le preguntaron en una rueda de prensa si iba a seguir el concurso de su hija en &#8216;Supervivientes&#8217;.<\/p>\n","protected":false},"excerpt":{"rendered":"\u00a0\u00a0\u00a0MADRID, 4 Dic. (CHANCE) &#8211; \u00a0\u00a0\u00a0Roc\u00edo Flores ha reaparecido ante las c\u00e1maras en la fiesta de Navidad del&hellip;\n","protected":false},"author":2,"featured_media":271580,"comment_status":"","ping_status":"","sticky":false,"template":"","format":"standard","meta":{"footnotes":""},"categories":[174],"tags":[255,146,147,25,24,256,23],"class_list":{"0":"post-271579","1":"post","2":"type-post","3":"status-publish","4":"format-standard","5":"has-post-thumbnail","7":"category-famosos","8":"tag-celebrities","9":"tag-entertainment","10":"tag-entretenimiento","11":"tag-es","12":"tag-espana","13":"tag-famosos","14":"tag-spain"},"share_on_mastodon":{"url":"https:\/\/pubeurope.com\/@es\/115663881133253972","error":""},"_links":{"self":[{"href":"https:\/\/www.europesays.com\/es\/wp-json\/wp\/v2\/posts\/271579","targetHints":{"allow":["GET"]}}],"collection":[{"href":"https:\/\/www.europesays.com\/es\/wp-json\/wp\/v2\/posts"}],"about":[{"href":"https:\/\/www.europesays.com\/es\/wp-json\/wp\/v2\/types\/post"}],"author":[{"embeddable":true,"href":"https:\/\/www.europesays.com\/es\/wp-json\/wp\/v2\/users\/2"}],"replies":[{"embeddable":true,"href":"https:\/\/www.europesays.com\/es\/wp-json\/wp\/v2\/comments?post=271579"}],"version-history":[{"count":0,"href":"https:\/\/www.europesays.com\/es\/wp-json\/wp\/v2\/posts\/271579\/revisions"}],"wp:featuredmedia":[{"embeddable":true,"href":"https:\/\/www.europesays.com\/es\/wp-json\/wp\/v2\/media\/271580"}],"wp:attachment":[{"href":"https:\/\/www.europesays.com\/es\/wp-json\/wp\/v2\/media?parent=271579"}],"wp:term":[{"taxonomy":"category","embeddable":true,"href":"https:\/\/www.europesays.com\/es\/wp-json\/wp\/v2\/categories?post=271579"},{"taxonomy":"post_tag","embeddable":true,"href":"https:\/\/www.europesays.com\/es\/wp-json\/wp\/v2\/tags?post=271579"}],"curies":[{"name":"wp","href":"https:\/\/api.w.org\/{rel}","templated":true}]}}