{"id":271594,"date":"2025-12-04T23:35:12","date_gmt":"2025-12-04T23:35:12","guid":{"rendered":"https:\/\/www.europesays.com\/es\/271594\/"},"modified":"2025-12-04T23:35:12","modified_gmt":"2025-12-04T23:35:12","slug":"una-serie-de-erupciones-volcanicas-desencadenaron-la-llegada-de-la-peste-negra-a-la-europa-medieval","status":"publish","type":"post","link":"https:\/\/www.europesays.com\/es\/271594\/","title":{"rendered":"Una serie de erupciones volc\u00e1nicas desencadenaron la llegada de la Peste Negra a la Europa medieval"},"content":{"rendered":"<p class=\"article-text\">\n        Una erupci\u00f3n volc\u00e1nica, o una serie de erupciones producidas alrededor de 1345, fue probablemente el primer paso de una secuencia que finalmente condujo a la <a href=\"https:\/\/es.wikipedia.org\/wiki\/Peste_negra\" target=\"_blank\" data-mrf-recirculation=\"links-noticia\" class=\"link\" rel=\"nofollow noopener\">Peste Negra<\/a> que mat\u00f3 a entre 80 y 200 millones de personas en Europa y Asia. Es la principal conclusi\u00f3n de un estudio publicado este jueves en la revista\u00a0<a href=\"https:\/\/www.nature.com\/articles\/s43247-025-02964-0\" target=\"_blank\" data-mrf-recirculation=\"links-noticia\" class=\"link\" rel=\"nofollow noopener\">Communications Earth &amp; Environment<\/a>, que ahonda en\u00a0las razones del inicio y propagaci\u00f3n de una plaga que se extendi\u00f3 por Europa entre 1347 y 1353 d. C. y tuvo <a href=\"https:\/\/www.eldiario.es\/sociedad\/descubren-truco-permitio-peste-negra-modular-virulencia-extender-zarpazo-durante-siglos_1_12334343.html\" target=\"_blank\" data-mrf-recirculation=\"links-noticia\" class=\"link\" rel=\"nofollow noopener\">una tasa de mortalidad de hasta el 60%<\/a> en algunas regiones.\u00a0\n    <\/p>\n<p>    <a href=\"https:\/\/www.eldiario.es\/sociedad\/descubren-truco-permitio-peste-negra-modular-virulencia-extender-zarpazo-durante-siglos_1_12334343.html\" data-mrf-recirculation=\"saber-mas\" data-dl-event=\"saber-mas\" rel=\"nofollow noopener\" target=\"_blank\"><\/p>\n<p class=\"know-more__title\">Descubren el &#8216;truco&#8217; que permiti\u00f3 a la peste negra modular su virulencia y extender su zarpazo durante siglos<\/p>\n<p>            <img decoding=\"async\" class=\"lazy\" loading=\"lazy\" data-src=\"https:\/\/static.eldiario.es\/clip\/3c93f564-61ae-45c6-9ae9-0005f154162b_16-9-aspect-ratio_default_0.jpg\" src=\"data:image\/svg+xml,%3Csvg xmlns=\" http:=\"\" viewbox=\"0 0 880 495\" alt=\"Descubren el 'truco' que permiti\u00f3 a la peste negra modular su virulencia y extender su zarpazo durante siglos\"\/><\/p>\n<p>                        <\/a><\/p>\n<p class=\"article-text\">\n        Para el trabajo, <a href=\"https:\/\/www.leibniz-gwzo.de\/en\/institute\/team-z\/martin-bauch\" target=\"_blank\" data-mrf-recirculation=\"links-noticia\" class=\"link\" rel=\"nofollow noopener\">Martin Bauch<\/a>, del Instituto Leibniz de Historia y Cultura de Europa del Este (GWZO) y <a href=\"https:\/\/www.geog.cam.ac.uk\/people\/buentgen\/\" target=\"_blank\" data-mrf-recirculation=\"links-noticia\" class=\"link\" rel=\"nofollow noopener\">Ulf B\u00fcntgen<\/a>, de la Universidad de Cambridge, han revisado datos previamente publicados de anillos de \u00e1rboles de ocho regiones europeas, estimaciones de los niveles de azufre volc\u00e1nico derivadas de n\u00facleos de hielo recolectados en la Ant\u00e1rtida y Groenlandia, y documentaci\u00f3n escrita de la \u00e9poca.\n    <\/p>\n<p class=\"article-text\">\n        \u00bfQu\u00e9 relaci\u00f3n puede tener una erupci\u00f3n volc\u00e1nica con la peste? La evidencia combinada hallada por los autores sugiere que la actividad volc\u00e1nica en un lugar desconocido de los tr\u00f3picos alrededor del a\u00f1o 1345 provoc\u00f3 un aumento de los niveles de azufre y cenizas en la atm\u00f3sfera, as\u00ed como condiciones de humedad y fr\u00edo en todo el sur de Europa y la regi\u00f3n mediterr\u00e1nea.\n    <\/p>\n<p class=\"article-text\">\n        Los investigadores pudieron estimar esta erupci\u00f3n mediante la informaci\u00f3n contenida en los anillos de los \u00e1rboles de los Pirineos espa\u00f1oles, donde qued\u00f3 registro de veranos inusualmente fr\u00edos y h\u00famedos en 1345, 1346 y 1347 en gran parte del sur de Europa. Si bien un solo a\u00f1o fr\u00edo no es infrecuente, los veranos fr\u00edos consecutivos son muy inusuales. La evidencia documental del mismo per\u00edodo se\u00f1ala nubosidad inusual y eclipses lunares oscuros, lo que tambi\u00e9n sugiere actividad volc\u00e1nica.\n    <\/p>\n<p class=\"article-text\">\n        El nexo final con la epidemia es que este enfriamiento clim\u00e1tico debido a la actividad volc\u00e1nica y la posterior hambruna llevaron a las ciudades-estado italianas a importar cargamentos de grano de la regi\u00f3n del Mar Negro que podr\u00edan haber contenido la bacteria de la peste,\u00a0Yersinia pestis.\n    <\/p>\n<p class=\"article-text\">\n        No ser\u00eda la primera vez que las erupciones tienen un impacto directo en la historia humana. Un estudio reciente propon\u00eda, por ejemplo, que la actividad volc\u00e1nica pudo <a href=\"https:\/\/www.nature.com\/articles\/s43247-021-00284-7\" target=\"_blank\" data-mrf-recirculation=\"links-noticia\" class=\"link\" rel=\"nofollow noopener\">contribuir al colapso de varias dinast\u00edas chinas<\/a>. Y es bien conocido que la erupci\u00f3n en 1783 en una fisura islandesa conocida como\u00a0<a href=\"https:\/\/es.wikipedia.org\/wiki\/Laki\" target=\"_blank\" data-mrf-recirculation=\"links-noticia\" class=\"link\" rel=\"nofollow noopener\">Laki<\/a> cubri\u00f3 los cielos de Europa de ceniza y produjo una escasez de cosechas que, seg\u00fan algunos historiadores, tuvo un papel determinante en el estallido de la revoluci\u00f3n francesa.\u00a0\n    <\/p>\n<p>    Necesidad de m\u00e1s grano<\/p>\n<p class=\"article-text\">\n        Seg\u00fan la evidencia escrita recopilada en el estudio, estas condiciones provocaron simult\u00e1neamente malas cosechas y hambrunas en amplias zonas de Espa\u00f1a, el sur de Francia, el norte y centro de Italia, Egipto y el Levante. Esto llev\u00f3 a las ciudades-estado mar\u00edtimas italianas, como Venecia y G\u00e9nova, a negociar un alto el fuego en un conflicto en curso con los mongoles de la Horda de Oro y a importar grandes cantidades de grano de la zona del Mar Negro aproximadamente en el a\u00f1o 1347 d. C.\u00a0\n    <\/p>\n<p class=\"article-text\">\n        Aunque las fuentes escritas venecianas informan de que este comercio de grano salv\u00f3 a sus residentes de la hambruna, la \u00e9poca de llegada de los barcos de grano y los brotes de peste en las ciudades importadoras de grano sugieren que tambi\u00e9n pudo haber tra\u00eddo pulgas infectadas con la bacteria de la peste. Es posible que estas pulgas infectadas se hayan distribuido luego en env\u00edos de grano a otras partes de Italia, como Padua, lo que exacerb\u00f3 la propagaci\u00f3n de la Peste Negra en toda Europa.\n    <\/p>\n<blockquote class=\"quote\">\n<p class=\"quote-text\">Estas poderosas ciudades-estado italianas establecieron rutas que les permitieron prevenir la hambruna, pero les conducir\u00eda a una cat\u00e1strofe mucho mayor\n<\/p>\n<p>\n                        Martin Bauch<br \/>\n                                        \u2014 Investigador del Instituto Leibniz de Historia y Cultura de Europa del Este (GWZO) y autor principal\n                      <\/p>\n<\/blockquote>\n<p class=\"article-text\">\n        \u201cDurante m\u00e1s de un siglo, estas poderosas ciudades-estado italianas establecieron rutas comerciales de larga distancia a trav\u00e9s del Mediterr\u00e1neo y el Mar Negro, lo que les permiti\u00f3 activar un sistema altamente eficiente para prevenir la hambruna\u201d, asegura Bauch. \u201cPero, en \u00faltima instancia, esto, sin querer, conducir\u00eda a una cat\u00e1strofe mucho mayor\u201d.\n    <\/p>\n<p class=\"article-text\">\n        Una vez que las pulgas infectadas con la peste llegaron a los puertos mediterr\u00e1neos del siglo XIV\u00a0en\u00a0barcos de grano, se convirtieron en un vector de transmisi\u00f3n de enfermedades, lo que permiti\u00f3 que la bacteria pasara de hu\u00e9spedes mam\u00edferos \u2014principalmente roedores, pero que potencialmente inclu\u00edan animales dom\u00e9sticos\u2014 a los humanos. Despu\u00e9s, la enfermedad se extendi\u00f3 r\u00e1pidamente por Europa, devastando la poblaci\u00f3n.\n    <\/p>\n<p class=\"article-text\">\n        \u201cTambi\u00e9n pudimos demostrar que muchas ciudades italianas, incluso grandes como Mil\u00e1n y Roma, probablemente no se vieron afectadas por la Peste Negra, aparentemente porque no necesitaron importar grano despu\u00e9s de 1345\u201d, se\u00f1ala Bauch. \u201cLa conexi\u00f3n entre el clima, la hambruna y el grano podr\u00eda explicar otras oleadas de peste\u201d.\n    <\/p>\n<p class=\"article-text\">\n        Los investigadores dicen que la tormenta perfecta de factores clim\u00e1ticos, agr\u00edcolas, sociales y econ\u00f3micos despu\u00e9s de 1345 que condujo a la Peste Negra tambi\u00e9n puede considerarse un ejemplo temprano de las consecuencias de la globalizaci\u00f3n. \u201cAunque la coincidencia de factores que contribuyeron a la Peste Negra parece poco com\u00fan, es probable que la probabilidad de que surjan enfermedades zoon\u00f3ticas debido al cambio clim\u00e1tico y se traduzcan en pandemias aumente en un mundo globalizado\u201d, concluye B\u00fcntgen. \u201cEsto es especialmente relevante dadas nuestras recientes experiencias con la COVID-19\u201d.\n    <\/p>\n<p>    Cambiar el curso de la historia<\/p>\n<p class=\"article-text\">\n        <a href=\"https:\/\/www.naturalis.nl\/en\/marta-dominguez-delmas\" target=\"_blank\" data-mrf-recirculation=\"links-noticia\" class=\"link\" rel=\"nofollow noopener\">Marta Dom\u00ednguez Delm\u00e1s<\/a>, experta del Naturalis Biodiversity Center de Pa\u00edses Bajos, destaca que, gracias a informaci\u00f3n que proporcionan los \u00e1rboles, el estudio relaciona fen\u00f3menos climatol\u00f3gicos con eventos que alteraron el curso de la historia humana.\n    <\/p>\n<p class=\"article-text\">\n        \u201cLa reconstrucci\u00f3n basada en los anillos de los \u00e1rboles demuestra un repentino y dr\u00e1stico descenso de las temperaturas veraniegas durante tres a\u00f1os seguidos, lo cual debi\u00f3 tener influencias devastadoras en las cosechas y, por tanto, en el abastecimiento de grano en el Mediterr\u00e1neo, como sugiere el estudio\u201d, se\u00f1ala la especialista.\u00a0\n    <\/p>\n<blockquote class=\"quote\">\n<p class=\"quote-text\">La reconstrucci\u00f3n basada en los anillos de los \u00e1rboles demuestra un repentino y dr\u00e1stico descenso de las temperaturas que debi\u00f3 tener influencias devastadoras en las cosechas<\/p>\n<p>\n                         Marta Dom\u00ednguez Delm\u00e1s<br \/>\n                                        \u2014 Experta en dendrocronolog\u00eda del centro Naturalis de Pa\u00edses Bajos\n                      <\/p>\n<\/blockquote>\n<p class=\"article-text\">\n        En opini\u00f3n de Dom\u00ednguez Delm\u00e1s tiene sentido que, vi\u00e9ndose forzados a buscar nuevas fuentes de abastecimiento de grano, los barcos mercantes llegaran a puertos donde los roedores portadores de la bacteria de la peste tambi\u00e9n campaban, trayendo de vuelta al Mediterr\u00e1neo no s\u00f3lo grano, sino tambi\u00e9n la peste.\n    <\/p>\n<p class=\"article-text\">\n        <a href=\"https:\/\/www.creaf.cat\/es\/sobre-nosotros\/nuestra-gente\/laia-andreu-hayles\" target=\"_blank\" data-mrf-recirculation=\"links-noticia\" class=\"link\" rel=\"nofollow noopener\">Laia Andreu Hayles<\/a>, investigadora ICREA experta en dendrocronolog\u00eda, cree que los autores han acertado al elegir los anillos de los \u00e1rboles. \u201cSolo estos puede proporcionar una resoluci\u00f3n anual de temperatura asociada a un a\u00f1o de calendario concreto, aunque ellos mismos reconocen que los datos de humedad no son tan precisos\u201d, se\u00f1ala. En su opini\u00f3n, el trabajo es un buen ejemplo de c\u00f3mo los cambios clim\u00e1ticos se tienen que tener en cuenta a la hora de estudiar los hechos hist\u00f3ricos. E incide en que no es que los volcanes potenciaran directamente la peste, sino que crearon las condiciones que luego acabaron en una cascada de eventos.\n    <\/p>\n<p class=\"article-text\">\n        El ge\u00f3logo y divulgador\u00a0<a href=\"https:\/\/www.ungeologoenapuros.es\/acerca-de\/\" target=\"_blank\" data-mrf-recirculation=\"links-noticia\" class=\"link\" rel=\"nofollow noopener\">Nah\u00fam M\u00e9ndez Chazarra<\/a> recalca que este nexo de uni\u00f3n entre las erupciones volc\u00e1nicas y los cambios sociales era, hasta hace pocos a\u00f1os, muy dif\u00edcil de encontrar, pero gracias a nuevas t\u00e9cnicas que nos permitan mejores an\u00e1lisis y dataciones, es posible que en el futuro sigamos viendo estudios como estos en los cuales podamos explicar transiciones o cambios entre periodos hist\u00f3ricos relacionados con el funcionamiento natural de nuestro planeta.\u00a0\n    <\/p>\n<p class=\"article-text\">\n        Para M\u00e9ndez Chazarra, cada vez va quedando m\u00e1s claro que hay una importante relaci\u00f3n entre pulsos importantes de actividad volc\u00e1nica y la ocurrencia de cambios sociales, econ\u00f3micos e incluso en la transmisi\u00f3n de enfermedades. \u201cEstos cambios son suficientes para generar una gran inestabilidad social en momentos donde no hab\u00eda m\u00e9todos para preservar algo tan importante como eran los alimentos y la vida humana depend\u00eda principalmente de las cosechas anuales para poder sobrevivir\u201d, sostiene.\u00a0\n    <\/p>\n<p>    <a href=\"https:\/\/www.eldiario.es\/sociedad\/miedo-volcanes-islandia-justificado-pusieron-mundo-patas-pasado_1_10684806.html\" data-mrf-recirculation=\"saber-mas-abajo\" data-dl-event=\"saber-mas-abajo\" rel=\"nofollow noopener\" target=\"_blank\"><\/p>\n<p class=\"know-more__title\">El miedo a los volcanes de Islandia est\u00e1 justificado: as\u00ed pusieron el mundo patas arriba en el pasado\n<\/p>\n<p>            <img decoding=\"async\" class=\"lazy\" loading=\"lazy\" data-src=\"https:\/\/static.eldiario.es\/clip\/9df52e62-3743-4947-adc0-969812a26952_16-9-aspect-ratio_default_0.jpg\" src=\"data:image\/svg+xml,%3Csvg xmlns=\" http:=\"\" viewbox=\"0 0 880 495\" alt=\"El miedo a los volcanes de Islandia est\u00e1 justificado: as\u00ed pusieron el mundo patas arriba en el pasado\"\/><\/p>\n<p>                        <\/a><\/p>\n<p class=\"article-text\">\n        \u201cLos paralelismos con el panorama global actual son abrumadores\u201d, concluye Dom\u00ednguez Delm\u00e1s. \u201cCambio clim\u00e1tico, inestabilidad pol\u00edtica y social a nivel mundial, guerras, y una pandemia reciente que acab\u00f3 con millones de personas en todo el mundo. Los \u00e1rboles que nos sobrevivan contar\u00e1n a la humanidad del futuro lo que pas\u00f3, sin sesgos ni filtros\u201d.\n    <\/p>\n","protected":false},"excerpt":{"rendered":"Una erupci\u00f3n volc\u00e1nica, o una serie de erupciones producidas alrededor de 1345, fue probablemente el primer paso de&hellip;\n","protected":false},"author":2,"featured_media":271595,"comment_status":"","ping_status":"","sticky":false,"template":"","format":"standard","meta":{"footnotes":""},"categories":[42],"tags":[17,18,66673,66671,700,13,14,11,61,62,63,64,19,20,5808,39949,24635,9,10,15,16,54096,156,12,21,22,66672,65,66,67],"class_list":{"0":"post-271594","1":"post","2":"type-post","3":"status-publish","4":"format-standard","5":"has-post-thumbnail","7":"category-internacional","8":"tag-breaking-news","9":"tag-breakingnews","10":"tag-desencadenaron","11":"tag-erupciones","12":"tag-europa","13":"tag-featured-news","14":"tag-featurednews","15":"tag-headlines","16":"tag-internacional","17":"tag-international","18":"tag-international-news","19":"tag-internationalnews","20":"tag-latest-news","21":"tag-latestnews","22":"tag-llegada","23":"tag-medieval","24":"tag-negra","25":"tag-news","26":"tag-noticias","27":"tag-noticias-destacadas","28":"tag-noticiasdestacadas","29":"tag-peste","30":"tag-serie","31":"tag-titulares","32":"tag-ultimas-noticias","33":"tag-ultimasnoticias","34":"tag-volcanicas","35":"tag-world","36":"tag-world-news","37":"tag-worldnews"},"share_on_mastodon":{"url":"https:\/\/pubeurope.com\/@es\/115663924464436224","error":""},"_links":{"self":[{"href":"https:\/\/www.europesays.com\/es\/wp-json\/wp\/v2\/posts\/271594","targetHints":{"allow":["GET"]}}],"collection":[{"href":"https:\/\/www.europesays.com\/es\/wp-json\/wp\/v2\/posts"}],"about":[{"href":"https:\/\/www.europesays.com\/es\/wp-json\/wp\/v2\/types\/post"}],"author":[{"embeddable":true,"href":"https:\/\/www.europesays.com\/es\/wp-json\/wp\/v2\/users\/2"}],"replies":[{"embeddable":true,"href":"https:\/\/www.europesays.com\/es\/wp-json\/wp\/v2\/comments?post=271594"}],"version-history":[{"count":0,"href":"https:\/\/www.europesays.com\/es\/wp-json\/wp\/v2\/posts\/271594\/revisions"}],"wp:featuredmedia":[{"embeddable":true,"href":"https:\/\/www.europesays.com\/es\/wp-json\/wp\/v2\/media\/271595"}],"wp:attachment":[{"href":"https:\/\/www.europesays.com\/es\/wp-json\/wp\/v2\/media?parent=271594"}],"wp:term":[{"taxonomy":"category","embeddable":true,"href":"https:\/\/www.europesays.com\/es\/wp-json\/wp\/v2\/categories?post=271594"},{"taxonomy":"post_tag","embeddable":true,"href":"https:\/\/www.europesays.com\/es\/wp-json\/wp\/v2\/tags?post=271594"}],"curies":[{"name":"wp","href":"https:\/\/api.w.org\/{rel}","templated":true}]}}