{"id":271596,"date":"2025-12-04T23:36:12","date_gmt":"2025-12-04T23:36:12","guid":{"rendered":"https:\/\/www.europesays.com\/es\/271596\/"},"modified":"2025-12-04T23:36:12","modified_gmt":"2025-12-04T23:36:12","slug":"sanchez-se-echa-la-campana-de-extremadura-a-las-espaldas-el-mundo","status":"publish","type":"post","link":"https:\/\/www.europesays.com\/es\/271596\/","title":{"rendered":"S\u00e1nchez se echa la campa\u00f1a de Extremadura a las espaldas &#8211; El Mundo"},"content":{"rendered":"<ol>\n<li><a href=\"https:\/\/news.google.com\/rss\/articles\/CBMiigFBVV95cUxPMkdRcC0xUzkxdlFQaVM4a2RFdUYwN1FEbW1TaXZIeUZVcVBtOFdiTTVmbl9NajVndVpZb0VmMElMa040QXhPUmZMLWpyZlp3cUItWWxpRE11VGVEUURXemlrd1VjQmhJLUJJZlI1UHotb1NYLWQ3OFNNUUtueHgwR2NpRXJOcnpwQlHSAYoBQVVfeXFMTzlhMS1USWUyVTV5UlZET0xXNFF0OTQ1c09qWldHdkNmdmhzZnV6R1JOY2NKcTBxRjRKUGczWmUtRzVOM1d0Y21vRjBaeXRya1R2aHF0eDNod0JjYTZpR0NmZHlLQXV2bl9YNDVlbmZ3WWpSUXlTdVhqT1hNQ1dnOUU5TURXalRNMDZR?oc=5\" target=\"_blank\" rel=\"nofollow noopener\">S\u00e1nchez se echa la campa\u00f1a de Extremadura a las espaldas<\/a>&nbsp;&nbsp;El Mundo<\/li>\n<li><a href=\"https:\/\/news.google.com\/rss\/articles\/CBMigwJBVV95cUxPOEtGTTB3RXA1R1ZsYTNRbGhIXzRianc5aUhvNGRzYnVLSndjVV9KWUpka3lpcHl5ZEFuVDlZajhBdVkxbS1jb1RKc2Rxd3RWMHk4Ry0tcHFiQTY4Q3FxaExXZWhraHhmc0pmb1VKOEdIQk5ZSjdoSGtZR1VqRHp1SFBYMzBhWWxxTlRXTmZ0T19LdkNsSF9pN3kzVXJpRkZoRkdTZmRQU012bFNJcVRtYzJlRUFQNjVWbmNibUlmeWlRd0c5VzQ3OHk5dlBXZElEb2dBVkxldmNSTFBjYnpPVXg1NTdQMFB5VzQzYXc1YWtVODNneEx1M1VRU1ZyekRoNkRr0gGDAkFVX3lxTE9oaDh5OHQ2bEFLYUlyR0dqUmppbEt1WDg1ekl0aFJqb1lRV2poWjVIQnpJV3RBMU9iSVpkQnRXdkFkdkZjZ1VNOXBzXzJDR1U1U1NnRXppWE1VRFNZOVRKMlNiN3FuVS01dDd0ZUZDUnRnMnBRckZiOTNJRzdBWnlCNXYtTnNsZWVQSmVBUVdtbE45YTM3SGFTVHRHSHZuUkVSZDFNTzV5MHN4eEhoc3pIVkxxQ2xCS3dzNWwyTHRGTDdYYUc0bFlnR0Y5SE84SEVLZHNiTTlMWjVieDNaSDdVYWUxa2VObEgyaGdtTlV4QWROc3FFN0NiUVBqcktCdFJ2Yzg?oc=5\" target=\"_blank\" rel=\"nofollow noopener\">Pistoletazo de salida a la campa\u00f1a de las elecciones en Extremadura con PP y PSOE estancados en las encuestas<\/a>&nbsp;&nbsp;LaSexta<\/li>\n<li><a href=\"https:\/\/news.google.com\/rss\/articles\/CBMioAFBVV95cUxNTzhEZ3RTYTQtaEx6YmZoRmtzVWN1dkpBdTZ0OXZVN1UwVzZVcUk4UW9HNVVuWE1IUWxWaExhQlZNM25nanp6WjF6S2NUV1kxOEk0czF3TVNzU0ZNMDFvRHR0eEZBZGc5emZnTjVKMzFGbTNVSk9Sb0tKcUxhR2l0Rm5fX0s4ZWFJM3JtQmljRGdaS1I2aWZOR1VzeUE4TXFw?oc=5\" target=\"_blank\" rel=\"nofollow noopener\">Feij\u00f3o calienta la campa\u00f1a en Extremadura: \u00abEl PSOE es un partido peligroso para las mujeres\u00bb<\/a>&nbsp;&nbsp;El Confidencial<\/li>\n<li><a href=\"https:\/\/news.google.com\/rss\/articles\/CBMiswFBVV95cUxQSXNMal9uOTB1N1lpWFNBM3FUZ185M2NRTjVERnJsbHF4RWl3cVNIX2JJR213QlJfemNBYXNDbmtieWJ4cFpCbVVScWxEZ3ZESGNrMm5uRGZXeWV3N1ZtcTk3UmlXd3I2NHNNQTYyTndGRFQ5LTRWT3AxVDE5Z3VHNzVZNDBqZy1fVUp4QWdvUWhmeC1TV1M4aUJLVGFaeG45QVBsZktZV19vUExGNjBjeEZYZw?oc=5\" target=\"_blank\" rel=\"nofollow noopener\">S\u00e1nchez abre la campa\u00f1a extreme\u00f1a: \u201c\u00a1Quiero que pierda la derecha!\u201d<\/a>&nbsp;&nbsp;La Vanguardia<\/li>\n<li><a href=\"https:\/\/news.google.com\/rss\/articles\/CBMijwFBVV95cUxOSlVqdHpGV1huREI1bUFINXJVZTVuRFFqVkpQeEEySmVDU2lNSWJlVTdNS285MWhBbWxqazFjOVJYQzVqbS0yRGMzNWpxekU3VEFEWGpzWUNUZnhQV29LMU0wYU9BM1VSaTJGaUtmeGxlc2xiSmpBcEpHcDVlWWpiaFF5WVo5cEV3c181dnp6Yw?oc=5\" target=\"_blank\" rel=\"nofollow noopener\">Arranca la campa\u00f1a electoral en Extremadura<\/a>&nbsp;&nbsp;ABC<\/li>\n<\/ol>\n","protected":false},"excerpt":{"rendered":"S\u00e1nchez se echa la campa\u00f1a de Extremadura a las espaldas&nbsp;&nbsp;El Mundo Pistoletazo de salida a la campa\u00f1a de&hellip;\n","protected":false},"author":2,"featured_media":271597,"comment_status":"","ping_status":"","sticky":false,"template":"","format":"standard","meta":{"footnotes":""},"categories":[8],"tags":[17,18,25,24,26920,7234,13,14,11,19,20,9,10,15,16,2959,1699,23,12,21,22],"class_list":{"0":"post-271596","1":"post","2":"type-post","3":"status-publish","4":"format-standard","5":"has-post-thumbnail","7":"category-espana","8":"tag-breaking-news","9":"tag-breakingnews","10":"tag-es","11":"tag-espana","12":"tag-espana-extremadura","13":"tag-extremadura","14":"tag-featured-news","15":"tag-featurednews","16":"tag-headlines","17":"tag-latest-news","18":"tag-latestnews","19":"tag-news","20":"tag-noticias","21":"tag-noticias-destacadas","22":"tag-noticiasdestacadas","23":"tag-pedro-sanchez","24":"tag-psoe","25":"tag-spain","26":"tag-titulares","27":"tag-ultimas-noticias","28":"tag-ultimasnoticias"},"share_on_mastodon":{"url":"https:\/\/pubeurope.com\/@es\/115663928328294429","error":""},"_links":{"self":[{"href":"https:\/\/www.europesays.com\/es\/wp-json\/wp\/v2\/posts\/271596","targetHints":{"allow":["GET"]}}],"collection":[{"href":"https:\/\/www.europesays.com\/es\/wp-json\/wp\/v2\/posts"}],"about":[{"href":"https:\/\/www.europesays.com\/es\/wp-json\/wp\/v2\/types\/post"}],"author":[{"embeddable":true,"href":"https:\/\/www.europesays.com\/es\/wp-json\/wp\/v2\/users\/2"}],"replies":[{"embeddable":true,"href":"https:\/\/www.europesays.com\/es\/wp-json\/wp\/v2\/comments?post=271596"}],"version-history":[{"count":0,"href":"https:\/\/www.europesays.com\/es\/wp-json\/wp\/v2\/posts\/271596\/revisions"}],"wp:featuredmedia":[{"embeddable":true,"href":"https:\/\/www.europesays.com\/es\/wp-json\/wp\/v2\/media\/271597"}],"wp:attachment":[{"href":"https:\/\/www.europesays.com\/es\/wp-json\/wp\/v2\/media?parent=271596"}],"wp:term":[{"taxonomy":"category","embeddable":true,"href":"https:\/\/www.europesays.com\/es\/wp-json\/wp\/v2\/categories?post=271596"},{"taxonomy":"post_tag","embeddable":true,"href":"https:\/\/www.europesays.com\/es\/wp-json\/wp\/v2\/tags?post=271596"}],"curies":[{"name":"wp","href":"https:\/\/api.w.org\/{rel}","templated":true}]}}