{"id":271598,"date":"2025-12-04T23:37:15","date_gmt":"2025-12-04T23:37:15","guid":{"rendered":"https:\/\/www.europesays.com\/es\/271598\/"},"modified":"2025-12-04T23:37:15","modified_gmt":"2025-12-04T23:37:15","slug":"espana-y-otros-paises-anuncian-que-no-participaran-en-eurovision-2026-por-la-presencia-de-israel-en-el-concurso-de-la-cancion","status":"publish","type":"post","link":"https:\/\/www.europesays.com\/es\/271598\/","title":{"rendered":"Espa\u00f1a y otros pa\u00edses anuncian que no participar\u00e1n en Eurovisi\u00f3n 2026 por la presencia de Israel en el concurso de la canci\u00f3n"},"content":{"rendered":"<p><img fetchpriority=\"high\" decoding=\"async\" src=\"https:\/\/www.europesays.com\/es\/wp-content\/uploads\/2025\/12\/236fd580-3374-11f0-8a73-99481eef9f46.jpg.webp.webp\"   alt=\"La cantante Yuval Raphael, representante de Israel\" loading=\"eager\" width=\"1024\" height=\"576\" style=\"aspect-ratio:1024 \/ 576\" class=\"css-1seqhu9\"\/><\/p>\n<p class=\"css-by8ykd\" role=\"text\">Fuente de la imagen, Getty Images<\/p>\n<p>Pie de foto, La cantante Yuval Raphael, representante de Israel, qued\u00f3 en segundo lugar en 2025 lugar tras un certamen cargado de pol\u00e9mica y presiones en torno a su participaci\u00f3n.<strong id=\"article-byline\" aria-hidden=\"true\" class=\"css-2ozlq5\">Informaci\u00f3n del art\u00edculo<\/strong><\/p>\n<ul class=\"css-1dlgp3z\">\n<li class=\"css-1s1df59\">\n<ul role=\"list\" class=\"css-z50d25\">\n<li class=\"css-0\">Autor, Mark Savage<\/li>\n<li class=\"css-k1irjw\">T\u00edtulo del autor,  BBC News<\/li>\n<\/ul>\n<\/li>\n<li>4 diciembre 2025, 18:37 GMT\n<p>Actualizado 4 horas<\/p>\n<\/li>\n<li\/><\/ul>\n<p dir=\"ltr\" class=\"css-s4cjt0 e1yuyadm0\"><b>Irlanda, Espa\u00f1a, Pa\u00edses Bajos y Eslovenia boicotear\u00e1n el Festival de la Canci\u00f3n de Eurovisi\u00f3n de 2026, tras la autorizaci\u00f3n para que Israel participe en el concurso.<\/b><\/p>\n<p dir=\"ltr\" class=\"css-s4cjt0 e1yuyadm0\">Estos pa\u00edses hab\u00edan pedido la exclusi\u00f3n de Israel debido a la guerra en Gaza y a las acusaciones de pr\u00e1cticas irregulares en las votaciones del certamen.<\/p>\n<p dir=\"ltr\" class=\"css-s4cjt0 e1yuyadm0\">A pesar de las peticiones para que se celebrara una votaci\u00f3n sobre la participaci\u00f3n de Israel, los miembros de la Uni\u00f3n Europea de Radiodifusi\u00f3n (UER) se limitaron a aprobar un nuevo conjunto de reglas destinadas a proteger la integridad del concurso.<\/p>\n<p dir=\"ltr\" class=\"css-s4cjt0 e1yuyadm0\">La cadena p\u00fablica espa\u00f1ola RTVE se\u00f1al\u00f3: \u00abEl consejo de administraci\u00f3n de RTVE acord\u00f3 el pasado septiembre que Espa\u00f1a se retirar\u00eda de Eurovisi\u00f3n si Israel participaba\u00bb.<\/p>\n<p dir=\"ltr\" class=\"css-s4cjt0 e1yuyadm0\">\u00abEsta retirada tambi\u00e9n significa que RTVE no emitir\u00e1 la final de Eurovisi\u00f3n 2026&#8230; ni las semifinales preliminares\u00bb.<\/p>\n<p dir=\"ltr\" class=\"css-s4cjt0 e1yuyadm0\">RTVE lider\u00f3 las peticiones de la descalificaci\u00f3n de Israel y solicit\u00f3 una votaci\u00f3n secreta sobre la participaci\u00f3n de este pa\u00eds.<\/p>\n<p dir=\"ltr\" class=\"css-s4cjt0 e1yuyadm0\">Seg\u00fan la cadena, los organizadores \u00abdenegaron la solicitud de RTVE\u00bb, a\u00f1adiendo: \u00abEsta decisi\u00f3n aumenta la desconfianza de RTVE hacia la organizaci\u00f3n del festival y confirma la presi\u00f3n pol\u00edtica que la rodea\u00bb.<\/p>\n<p dir=\"ltr\" class=\"css-s4cjt0 e1yuyadm0\">Por su parte,  la cadena nacional irlandesa RTE declar\u00f3 que consideraba que su \u00abparticipaci\u00f3n sigue siendo inadmisible dada la terrible p\u00e9rdida de vidas en Gaza y la crisis humanitaria que sigue poniendo en peligro la vida de tantos civiles\u00bb.<\/p>\n<p dir=\"ltr\" class=\"css-s4cjt0 e1yuyadm0\">En un comunicado, la cadena neerlandesa Avrotros afirm\u00f3 que \u00abla participaci\u00f3n en las circunstancias actuales es incompatible con los valores p\u00fablicos que son esenciales para nosotros\u00bb.<\/p>\n<p dir=\"ltr\" class=\"css-s4cjt0 e1yuyadm0\">La emisora \u200b\u200beslovena RTV a\u00f1adi\u00f3 que su postura tambi\u00e9n \u00abse mantiene inalterada\u00bb.<\/p>\n<p dir=\"ltr\" class=\"css-s4cjt0 e1yuyadm0\">\u00abLos recientes cambios en las normas no alteran nuestra opini\u00f3n. Como emisora \u200b\u200bp\u00fablica, RTV Eslovenia se compromete a defender los principios \u00e9ticos y espera que se apliquen las mismas normas y est\u00e1ndares a todos los miembros de la UER y a todos los pa\u00edses participantes\u00bb.<\/p>\n<p><img decoding=\"async\" src=\"https:\/\/www.europesays.com\/es\/wp-content\/uploads\/2025\/12\/ddc46010-d13d-11f0-aa84-61163ec45db7.jpg.webp.webp\"   alt=\"Activistas propalestinos protestan en Basilea contra la participaci\u00f3n de Israel.\" loading=\"lazy\" width=\"1024\" height=\"576\" style=\"aspect-ratio:1024 \/ 576\" class=\"css-1seqhu9\"\/><\/p>\n<p class=\"css-by8ykd\" role=\"text\">Fuente de la imagen, Getty Images<\/p>\n<p>Pie de foto, Activistas propalestinos protestaron en Basilea en 2025 contra la participaci\u00f3n de Israel.<\/p>\n<p>\u00abUn valioso gesto de solidaridad\u00bb<\/p>\n<p dir=\"ltr\" class=\"css-s4cjt0 e1yuyadm0\">El presidente de Israel, Isaac Herzog, elogi\u00f3 la decisi\u00f3n de permitir que el pa\u00eds compitiera, calific\u00e1ndola de \u00abun valioso gesto de solidaridad, fraternidad y cooperaci\u00f3n, que simboliza una victoria sobre quienes pretenden silenciar a Israel y propagar el odio\u00bb.<\/p>\n<p dir=\"ltr\" class=\"css-s4cjt0 e1yuyadm0\">Herzog dijo estar \u00abcontento de que Israel vuelva a participar en Eurovisi\u00f3n y espero que el concurso siga siendo un lugar que santifique la cultura, la poes\u00eda, la amistad entre los pueblos y el entendimiento cultural transfronterizo\u00bb.<\/p>\n<p dir=\"ltr\" class=\"css-s4cjt0 e1yuyadm0\">A\u00f1adi\u00f3 que Israel \u00abmerece estar representado en todos los escenarios del mundo, y estoy total y activamente comprometido con ello\u00bb.<\/p>\n<p dir=\"ltr\" class=\"css-s4cjt0 e1yuyadm0\">Se esperaba que Islandia tambi\u00e9n boicoteara el concurso, pero a\u00fan no ha anunciado qu\u00e9 planea hacer.<\/p>\n<p><img decoding=\"async\" src=\"https:\/\/www.europesays.com\/es\/wp-content\/uploads\/2025\/08\/a7c4ec50-2f5d-11f0-b26b-ab62c890638b.png.webp.webp\"   alt=\"linea\" loading=\"lazy\" width=\"800\" height=\"100\" style=\"aspect-ratio:800 \/ 100\" class=\"css-1seqhu9\"\/><\/p>\n<p dir=\"ltr\" class=\"css-s4cjt0 e1yuyadm0\"><a href=\"https:\/\/www.bbc.com\/mundo\/send\/u184973209\" class=\"focusIndicatorReducedWidth css-n8oauk e1h2ur550\" rel=\"nofollow noopener\" target=\"_blank\">Suscr\u00edbete aqu\u00ed<\/a> a nuestro nuevo newsletter para recibir cada viernes una selecci\u00f3n de nuestro mejor contenido de la semana.<\/p>\n<p dir=\"ltr\" class=\"css-s4cjt0 e1yuyadm0\">Y recuerda que puedes recibir notificaciones en nuestra app. Descarga la \u00faltima versi\u00f3n y act\u00edvalas.<\/p>\n","protected":false},"excerpt":{"rendered":"Fuente de la imagen, Getty Images Pie de foto, La cantante Yuval Raphael, representante de Israel, qued\u00f3 en&hellip;\n","protected":false},"author":2,"featured_media":271599,"comment_status":"","ping_status":"","sticky":false,"template":"","format":"standard","meta":{"footnotes":""},"categories":[5],"tags":[17,18,25,24,13,14,11,19,20,9,10,15,16,23,12,21,22],"class_list":{"0":"post-271598","1":"post","2":"type-post","3":"status-publish","4":"format-standard","5":"has-post-thumbnail","7":"category-titulares","8":"tag-breaking-news","9":"tag-breakingnews","10":"tag-es","11":"tag-espana","12":"tag-featured-news","13":"tag-featurednews","14":"tag-headlines","15":"tag-latest-news","16":"tag-latestnews","17":"tag-news","18":"tag-noticias","19":"tag-noticias-destacadas","20":"tag-noticiasdestacadas","21":"tag-spain","22":"tag-titulares","23":"tag-ultimas-noticias","24":"tag-ultimasnoticias"},"share_on_mastodon":{"url":"https:\/\/pubeurope.com\/@es\/115663932628183888","error":""},"_links":{"self":[{"href":"https:\/\/www.europesays.com\/es\/wp-json\/wp\/v2\/posts\/271598","targetHints":{"allow":["GET"]}}],"collection":[{"href":"https:\/\/www.europesays.com\/es\/wp-json\/wp\/v2\/posts"}],"about":[{"href":"https:\/\/www.europesays.com\/es\/wp-json\/wp\/v2\/types\/post"}],"author":[{"embeddable":true,"href":"https:\/\/www.europesays.com\/es\/wp-json\/wp\/v2\/users\/2"}],"replies":[{"embeddable":true,"href":"https:\/\/www.europesays.com\/es\/wp-json\/wp\/v2\/comments?post=271598"}],"version-history":[{"count":0,"href":"https:\/\/www.europesays.com\/es\/wp-json\/wp\/v2\/posts\/271598\/revisions"}],"wp:featuredmedia":[{"embeddable":true,"href":"https:\/\/www.europesays.com\/es\/wp-json\/wp\/v2\/media\/271599"}],"wp:attachment":[{"href":"https:\/\/www.europesays.com\/es\/wp-json\/wp\/v2\/media?parent=271598"}],"wp:term":[{"taxonomy":"category","embeddable":true,"href":"https:\/\/www.europesays.com\/es\/wp-json\/wp\/v2\/categories?post=271598"},{"taxonomy":"post_tag","embeddable":true,"href":"https:\/\/www.europesays.com\/es\/wp-json\/wp\/v2\/tags?post=271598"}],"curies":[{"name":"wp","href":"https:\/\/api.w.org\/{rel}","templated":true}]}}