{"id":271612,"date":"2025-12-04T23:50:09","date_gmt":"2025-12-04T23:50:09","guid":{"rendered":"https:\/\/www.europesays.com\/es\/271612\/"},"modified":"2025-12-04T23:50:09","modified_gmt":"2025-12-04T23:50:09","slug":"era-un-barco-a-la-deriva","status":"publish","type":"post","link":"https:\/\/www.europesays.com\/es\/271612\/","title":{"rendered":"Era un barco a la deriva"},"content":{"rendered":"<p class=\"article-text\">\n        Este jueves, 4 de diciembre, <strong>Dani Rovira<\/strong> acudi\u00f3 a<strong> La Revuelta<\/strong> para promocionar su nueva pel\u00edcula &#8216;Playa de Lobos&#8217;. \u201cEstoy muy contento con este proyecto\u201d repiti\u00f3 en varias ocasiones el actor, y <strong>David Broncano<\/strong> lo celebr\u00f3 porque \u201cen nuestro trabajo no siempre haces algo que te encanta\u201d.\n    <\/p>\n<p>    <a href=\"https:\/\/www.eldiario.es\/vertele\/noticias\/broncano-defiende-libre-rtve-hay-gente-piensa-no-dia-digo-sale-huevos_1_12819818.html\" data-mrf-recirculation=\"saber-mas\" data-dl-event=\"saber-mas\" rel=\"nofollow noopener\" target=\"_blank\"><\/p>\n<p class=\"know-more__title\">Broncano defiende que es libre en RTVE: \u00abHay gente que piensa que no, pero cada d\u00eda digo lo que me sale de los huevos\u00bb<\/p>\n<p>            <img decoding=\"async\" class=\"lazy\" loading=\"lazy\" data-src=\"https:\/\/static.eldiario.es\/clip\/59fbb835-b397-450e-9899-6bd40404f821_16-9-aspect-ratio_default_0.jpg\" src=\"data:image\/svg+xml,%3Csvg xmlns=\" http:=\"\" viewbox=\"0 0 880 495\" alt=\"Broncano defiende que es libre en RTVE: &quot;Hay gente que piensa que no, pero cada d\u00eda digo lo que me sale de los huevos&quot;\"\/><\/p>\n<p>                        <\/a><\/p>\n<p class=\"article-text\">\n        En esa l\u00ednea, el presentador record\u00f3 un programa que hizo junto al c\u00f3mico, en el que tambi\u00e9n pusieron muchas ilusiones, pero no funcion\u00f3 como esperaban: <strong>\u201cT\u00fa y yo hicimos un programa juntos que dur\u00f3 dos semanas, sin exagerar, dos o tres semanas<\/strong>\u201d, coment\u00f3.\n    <\/p>\n<p class=\"article-text\">\n        Rovira se acord\u00f3 y se\u00f1al\u00f3 que tambi\u00e9n \u201cest\u00e1bamos muy contentos con ese programa\u201d. Broncano argument\u00f3 que era \u201cde las primeras cosas que hac\u00edamos de presentadores. Con el m\u00edtico <strong>Txabi Franquesa, en laSexta\u201d. <\/strong>\n    <\/p>\n<p class=\"article-text\">\n        En ese instante, <strong>Miguel Campos<\/strong> proyect\u00f3 en la pantalla una foto promocional de los tres humoristas. Y aunque en ning\u00fan momento dijeron el t\u00edtulo del programa, estaban haciendo referencia a<strong> Alguien ten\u00eda que decirlo<\/strong>, que se estren\u00f3 un 12 de noviembre de 2012 y acab\u00f3 el d\u00eda 30 de ese mismo mes.\n    <\/p>\n<blockquote class=\"twitter-tweet\" data-lang=\"es\"><p><a href=\"https:\/\/twitter.com\/X\/status\/1996694751635005669?ref_src=twsrc%5Etfw\" rel=\"nofollow noopener\" target=\"_blank\"><\/p><\/blockquote>\n<p class=\"article-text\">\n        \u201cEn el programa 12 nos dijeron que en el 15 ya par\u00e1bamos,<strong> hicimos tres programas sabiendo que era un barco a la deriva\u201d <\/strong>lament\u00f3 Rovira, entre bromas. Y acab\u00f3 hablando de que tanto \u00e9l como Broncano son \u201cfeoguapo\u201d, mientras que<strong> Grison <\/strong>es guapo y <strong>Castella<\/strong> \u201ctiene una cara amable\u201d.\n    <\/p>\n<p>    <a href=\"https:\/\/www.eldiario.es\/vertele\/noticias\/espana-retira-eurovision-rtve-anuncia-abandona-festival-confirmarse-participacion-israel_1_12820481.html\" data-mrf-recirculation=\"saber-mas-abajo\" data-dl-event=\"saber-mas-abajo\" rel=\"nofollow noopener\" target=\"_blank\"><\/p>\n<p class=\"know-more__title\">Espa\u00f1a se retira de Eurovisi\u00f3n: RTVE anuncia que abandona el festival tras confirmarse la participaci\u00f3n de Israel<\/p>\n<p>            <img decoding=\"async\" class=\"lazy\" loading=\"lazy\" data-src=\"https:\/\/static.eldiario.es\/clip\/bd68b5bf-5b78-484b-a037-79e1d06c5d0d_16-9-aspect-ratio_default_0.jpg\" src=\"data:image\/svg+xml,%3Csvg xmlns=\" http:=\"\" viewbox=\"0 0 880 495\" alt=\"Espa\u00f1a se retira de Eurovisi\u00f3n: RTVE anuncia que abandona el festival tras confirmarse la participaci\u00f3n de Israel\"\/><\/p>\n<p>                        <\/a><\/p>\n<p class=\"article-text\">\n        Ante tal opini\u00f3n, Grison le interrumpi\u00f3 para hacer un \u00faltimo apunte: \u201cA vosotros los que os pasa es que sois feos con dinero, y ya est\u00e1\u201d.\n    <\/p>\n<p>                                <script async src=\"https:\/\/platform.twitter.com\/widgets.js\" charset=\"utf-8\"><\/script><\/p>\n","protected":false},"excerpt":{"rendered":"Este jueves, 4 de diciembre, Dani Rovira acudi\u00f3 a La Revuelta para promocionar su nueva pel\u00edcula &#8216;Playa de&hellip;\n","protected":false},"author":2,"featured_media":271613,"comment_status":"","ping_status":"","sticky":false,"template":"","format":"standard","meta":{"footnotes":""},"categories":[171],"tags":[5049,13289,64740,1996,13296,146,147,25,24,8505,2145,44743,528,51098,23,214],"class_list":{"0":"post-271612","1":"post","2":"type-post","3":"status-publish","4":"format-standard","5":"has-post-thumbnail","7":"category-tv","8":"tag-barco","9":"tag-broncano","10":"tag-cancelaron","11":"tag-dani","12":"tag-deriva","13":"tag-entertainment","14":"tag-entretenimiento","15":"tag-es","16":"tag-espana","17":"tag-les","18":"tag-programa","19":"tag-recordo","20":"tag-revuelta","21":"tag-rovira","22":"tag-spain","23":"tag-tv"},"share_on_mastodon":{"url":"","error":""},"_links":{"self":[{"href":"https:\/\/www.europesays.com\/es\/wp-json\/wp\/v2\/posts\/271612","targetHints":{"allow":["GET"]}}],"collection":[{"href":"https:\/\/www.europesays.com\/es\/wp-json\/wp\/v2\/posts"}],"about":[{"href":"https:\/\/www.europesays.com\/es\/wp-json\/wp\/v2\/types\/post"}],"author":[{"embeddable":true,"href":"https:\/\/www.europesays.com\/es\/wp-json\/wp\/v2\/users\/2"}],"replies":[{"embeddable":true,"href":"https:\/\/www.europesays.com\/es\/wp-json\/wp\/v2\/comments?post=271612"}],"version-history":[{"count":0,"href":"https:\/\/www.europesays.com\/es\/wp-json\/wp\/v2\/posts\/271612\/revisions"}],"wp:featuredmedia":[{"embeddable":true,"href":"https:\/\/www.europesays.com\/es\/wp-json\/wp\/v2\/media\/271613"}],"wp:attachment":[{"href":"https:\/\/www.europesays.com\/es\/wp-json\/wp\/v2\/media?parent=271612"}],"wp:term":[{"taxonomy":"category","embeddable":true,"href":"https:\/\/www.europesays.com\/es\/wp-json\/wp\/v2\/categories?post=271612"},{"taxonomy":"post_tag","embeddable":true,"href":"https:\/\/www.europesays.com\/es\/wp-json\/wp\/v2\/tags?post=271612"}],"curies":[{"name":"wp","href":"https:\/\/api.w.org\/{rel}","templated":true}]}}