{"id":271618,"date":"2025-12-04T23:55:12","date_gmt":"2025-12-04T23:55:12","guid":{"rendered":"https:\/\/www.europesays.com\/es\/271618\/"},"modified":"2025-12-04T23:55:12","modified_gmt":"2025-12-04T23:55:12","slug":"recuerdo-al-torero-y-escritor-ignacio-sanchez-mejias","status":"publish","type":"post","link":"https:\/\/www.europesays.com\/es\/271618\/","title":{"rendered":"Recuerdo al torero y escritor Ignacio S\u00e1nchez Mej\u00edas"},"content":{"rendered":"<p><a class=\"v-mdl-ath__fig-a\" href=\"https:\/\/www.elnortedecastilla.es\/autor\/el-norte-2102.html\" title=\"El Norte\" rel=\"nofollow noopener\" target=\"_blank\"><br \/>\n<img decoding=\"async\" class=\"v-mdl-ath__img\" src=\"https:\/\/www.europesays.com\/es\/wp-content\/uploads\/2025\/09\/1758600071_110_autor-2102-foto-2.png\" alt=\"El Norte\"\/><br \/>\n<\/a><\/p>\n<p class=\"v-mdl-ath__p v-mdl-ath__p--6\">\nJueves, 4 de diciembre 2025, 22:54<\/p>\n<p class=\"v-p\">La capital record\u00f3 la figura del torero y escritor Ignacio S\u00e1nchez Mej\u00edas un siglo despu\u00e9s de su famosa lidia con seis toros y conferencia en el Ateneo sobre su novela &#8216;La amargura del triunfo&#8217;.<\/p>\n<p class=\"v-p\">El C\u00edrculo del Recreo acogi\u00f3 durante la tarde del jueves, una mesa redonda bajo el t\u00edtulo &#8216;Ignacio S\u00e1nchez Mej\u00edas en Valladolid. Un siglo despu\u00e9s. 1925-2025&#8217; , moderada por el periodista e impulsor de este homenaje, Ignacio Miranda Pe\u00f1a, en la que colabor\u00f3 el Ayuntamiento de Valladolid, a trav\u00e9s del &#8216;Ateneo Cultural Valladolid Ciudad Taurina&#8217;.<\/p>\n<p class=\"v-p\">El acto conmemor\u00f3 una de las gestas m\u00e1s singulares de su trayectoria y que qued\u00f3 ligada para siempre a Valladolid: la lidia de seis toros en la plaza del Paseo de Zorrilla y, apenas dos horas despu\u00e9s, cambiar el traje de luces para impartir una conferencia en el Ateneo sobre su novela,\u00a0&#8216;La amargura del triunfo&#8217;, el 22 de septiembre de 1925.<\/p>\n<p class=\"v-p\">En esta mesa redonda participaron Domingo Delgado, abogado y cr\u00edtico taurino, quien abord\u00f3 la dimensi\u00f3n torera del diestro sevillano; Antonio Ruiz de Alda, bisnieto del homenajeado, que ofreci\u00f3 una mirada \u00edntima a su perfil humano y familiar, y Antonio Fern\u00e1ndez Torres, coautor de su biograf\u00eda junto con Andr\u00e9s Amor\u00f3s, encargado de analizar su faceta cultural y su papel como gran promotor de la Generaci\u00f3n del 27.<\/p>\n<p class=\"v-p\">Este homenaje supone un acto de ciudad y de agradecimiento de Valladolid a la figura de S\u00e1nchez Mej\u00edas, polifac\u00e9tico intelectual, que dej\u00f3 su impronta en Valladolid en una jornada legendaria de toros y literatura.<\/p>\n<p class=\"v-p\">Torero y escritor, fue presidente del Betis, aviador, jugador de polo, colaborador de prensa, hermano de La Macarena y presidente de Cruz Roja de Sevilla. <\/p>\n<p class=\"v-p\">Ignacio S\u00e1nchez Mej\u00edas, mecenas de la Generaci\u00f3n del 27, dej\u00f3 un legado de la faceta cultural y art\u00edstica de lo que significa la tauromaquia que nadie puede negar. Durante el acto, la librera y bibliotecaria Charo Vergaz ley\u00f3 la eleg\u00eda que Federico Garc\u00eda Lorca dedic\u00f3 en 1934 a su gran amigo Ignacio S\u00e1nchez Mej\u00edas, considerada una de los mayores exponentes de la poes\u00eda vinculada al arte del toreo y una de las mejores de la literatura espa\u00f1ola. La profunda amistad entre Federico Garc\u00eda Lorca e Ignacio S\u00e1nchez Mej\u00edas tuvo su expresi\u00f3n m\u00e1s c\u00e9lebre en esta eleg\u00eda, escrita tras la muerte del torero, fallecido el 13 de agosto de 1934, a causa de la gangrena provocada por una cornada recibida dos d\u00edas antes en la plaza de toros de de Manzanares (Ciudad Real).<\/p>\n<p>Reporta un error<\/p>\n","protected":false},"excerpt":{"rendered":"Jueves, 4 de diciembre 2025, 22:54 La capital record\u00f3 la figura del torero y escritor Ignacio S\u00e1nchez Mej\u00edas&hellip;\n","protected":false},"author":2,"featured_media":271619,"comment_status":"","ping_status":"","sticky":false,"template":"","format":"standard","meta":{"footnotes":""},"categories":[91],"tags":[146,147,25,5235,24,10619,32304,910,199,23,1570],"class_list":{"0":"post-271618","1":"post","2":"type-post","3":"status-publish","4":"format-standard","5":"has-post-thumbnail","7":"category-entretenimiento","8":"tag-entertainment","9":"tag-entretenimiento","10":"tag-es","11":"tag-escritor","12":"tag-espana","13":"tag-ignacio","14":"tag-mejias","15":"tag-recuerdo","16":"tag-sanchez","17":"tag-spain","18":"tag-torero"},"share_on_mastodon":{"url":"https:\/\/pubeurope.com\/@es\/115664003578908746","error":""},"_links":{"self":[{"href":"https:\/\/www.europesays.com\/es\/wp-json\/wp\/v2\/posts\/271618","targetHints":{"allow":["GET"]}}],"collection":[{"href":"https:\/\/www.europesays.com\/es\/wp-json\/wp\/v2\/posts"}],"about":[{"href":"https:\/\/www.europesays.com\/es\/wp-json\/wp\/v2\/types\/post"}],"author":[{"embeddable":true,"href":"https:\/\/www.europesays.com\/es\/wp-json\/wp\/v2\/users\/2"}],"replies":[{"embeddable":true,"href":"https:\/\/www.europesays.com\/es\/wp-json\/wp\/v2\/comments?post=271618"}],"version-history":[{"count":0,"href":"https:\/\/www.europesays.com\/es\/wp-json\/wp\/v2\/posts\/271618\/revisions"}],"wp:featuredmedia":[{"embeddable":true,"href":"https:\/\/www.europesays.com\/es\/wp-json\/wp\/v2\/media\/271619"}],"wp:attachment":[{"href":"https:\/\/www.europesays.com\/es\/wp-json\/wp\/v2\/media?parent=271618"}],"wp:term":[{"taxonomy":"category","embeddable":true,"href":"https:\/\/www.europesays.com\/es\/wp-json\/wp\/v2\/categories?post=271618"},{"taxonomy":"post_tag","embeddable":true,"href":"https:\/\/www.europesays.com\/es\/wp-json\/wp\/v2\/tags?post=271618"}],"curies":[{"name":"wp","href":"https:\/\/api.w.org\/{rel}","templated":true}]}}