{"id":271624,"date":"2025-12-04T23:58:10","date_gmt":"2025-12-04T23:58:10","guid":{"rendered":"https:\/\/www.europesays.com\/es\/271624\/"},"modified":"2025-12-04T23:58:10","modified_gmt":"2025-12-04T23:58:10","slug":"una-erupcion-volcanica-abrio-las-puertas-de-europa-a-la-peor-pandemia-de-la-historia-ciencia","status":"publish","type":"post","link":"https:\/\/www.europesays.com\/es\/271624\/","title":{"rendered":"Una erupci\u00f3n volc\u00e1nica abri\u00f3 las puertas de Europa a la peor pandemia de la historia | Ciencia"},"content":{"rendered":"<p class=\"\">De la <a href=\"https:\/\/elpais.com\/noticias\/peste-negra\/\" target=\"_self\" rel=\"nofollow noopener\" title=\"https:\/\/elpais.com\/noticias\/peste-negra\/\">Peste Negra<\/a> se sabe casi todo. Que fue la peor pandemia de la historia (algunos ponen por delante a la gripe de 1918). Que a Europa lleg\u00f3 primero a las ciudades portuarias del Mediterr\u00e1neo. Que vino en barcos cargados de grano, pero tambi\u00e9n de ratas y pulgas, vectores de la bacteria causante, la Yersinia pestis. Que los nav\u00edos proced\u00edan de puertos de los mares Negro y el Azov, puertas de salida de las estepas de Asia central. Y que la gen\u00e9tica apunta a que la mort\u00edfera cepa tuvo su origen en roedores salvajes de las laderas de las monta\u00f1as Tian Shan, <a href=\"https:\/\/elpais.com\/ciencia\/2022-06-15\/dientes-de-personas-enterradas-hace-700-anos-senalan-el-origen-de-la-peste-negra-la-mayor-pandemia-de-la-historia.html\" target=\"_self\" rel=\"nofollow noopener\" title=\"https:\/\/elpais.com\/ciencia\/2022-06-15\/dientes-de-personas-enterradas-hace-700-anos-senalan-el-origen-de-la-peste-negra-la-mayor-pandemia-de-la-historia.html\">en la actual Kirguist\u00e1n<\/a>. Pero, \u00bfPor qu\u00e9 se desat\u00f3 en 1347? \u00bfPor qu\u00e9 no en 1348, 1350 o 10 a\u00f1os m\u00e1s tarde? La respuesta est\u00e1 escrita en unos pinos del Pirineo.<\/p>\n<p class=\"\">Investigadores de la Universidad de Cambridge (Reino Unido) y del Instituto Leibniz para la Historia y la Cultura de Europa del Este (GWZO, por sus siglas en alem\u00e1n) creen haber encontrado no el origen de la peste bub\u00f3nica, que emergi\u00f3 <a href=\"https:\/\/elpais.com\/elpais\/2015\/02\/23\/ciencia\/1424711968_164020.html\" target=\"_self\" rel=\"nofollow noopener\" title=\"https:\/\/elpais.com\/elpais\/2015\/02\/23\/ciencia\/1424711968_164020.html\">en Asia central<\/a>, sino por qu\u00e9 castig\u00f3 tanto a Europa y por qu\u00e9 lo hizo cuando lo hizo. La pandemia tuvo su cl\u00edmax entre 1347 y 1353, siete a\u00f1os en los que murieron entre 80 y 200 millones de personas y cambi\u00f3 para siempre la historia europea. En la pen\u00ednsula ib\u00e9rica, por ejemplo, mat\u00f3 hasta el 65% de la poblaci\u00f3n. En un trabajo publicado en la revista cient\u00edfica <a href=\"https:\/\/www.dx.doi.org\/10.1038\/s43247-025-02964-0\" target=\"_self\" rel=\"nofollow noopener\" title=\"https:\/\/www.dx.doi.org\/10.1038\/s43247-025-02964-0\">Communications Earth &amp; Environment<\/a> detallan la sucesi\u00f3n de eventos que llevaron al desastre.<\/p>\n<p>M\u00e1s informaci\u00f3n<\/p>\n<p class=\"\">El principio de todo lo han encontrado en varios pinos de los Pirineos centrales. Solo crecen en verano y lo vigoroso o magro de ese crecimiento se ve en los anillos de sus troncos. Lo que han detectado es que se detuvo al menos durante tres veranos consecutivos desde el de 1345. Ra\u00fal S\u00e1nchez, de la Universidad Pablo de Olavide se dedica a la dendroclimatolog\u00eda. \u201cCon el avance del verano, los \u00e1rboles generan lignina, un pol\u00edmero, para engrosar las paredes de sus c\u00e9lulas, para no tener una embolia\u201d, explica S\u00e1nchez, no relacionado con el estudio. \u201cCuando hay una anomal\u00eda t\u00e9rmica fr\u00eda, su densidad baja\u201d. Eso es lo que vieron los autores en \u00e1rboles muestreados en el norte de Europa, los Alpes o Grecia. \u201cPero cuando es muy extrema, dejan de fabricar lignina\u201d. Y esto solo lo han visto en los pinos pirenaicos. <\/p>\n<p class=\"\">\u00bfQu\u00e9 provoc\u00f3 aquel enfriamiento? Buceando en los registros hist\u00f3ricos han encontrado referencias en japon\u00e9s, chino, y en escritos alemanes o ingleses de un oscurecimiento del cielo muy prolongado. Descartada una anomal\u00eda solar, vieron en n\u00facleos de hielo la se\u00f1al de varias erupciones volc\u00e1nicas justo en los a\u00f1os previos al inicio de la pandemia, una marca que coincide con la atrofia de los anillos de los \u00e1rboles. En concreto, un volc\u00e1n por identificar entr\u00f3 en erupci\u00f3n en el verano de 1345. Aquella erupci\u00f3n lanz\u00f3 a la atm\u00f3sfera 14 millones de toneladas de sulfuros. Por comparaci\u00f3n, la del Pinatubo (Filipinas) de 1991 emiti\u00f3 seis millones y provoc\u00f3 un descenso global medio de la temperatura de 1,5\u00ba. En los a\u00f1os inmediatamente anteriores y posteriores a la principal hubo otras tres erupciones en el hemisferio norte, aunque de menor magnitud.<\/p>\n<p class=\"\">La agricultura europea no pudo aguantar tres a\u00f1os tan fr\u00edos. Hay registros que muestran que la producci\u00f3n de uva para el vino se perdi\u00f3 en la mayor parte de la Europa meridional. Lo peor se lo llevaron las malogradas cosechas de grano y sin trigo o cebada, lleg\u00f3 el hambre, en especial a las ciudades. Por entonces, la Italia septentrional estaba entre las regiones m\u00e1s urbanizadas. Fueron en estas ciudades, aut\u00e9nticas potencias de la \u00e9poca, como G\u00e9nova o Venecia, donde aparecieron los primeros brotes de peste. \u00bfPor qu\u00e9?<\/p>\n<p><img decoding=\"auto\" class=\"_re lazyload a_m-h\" height=\"257\"  width=\"414\"  src=\"https:\/\/www.europesays.com\/es\/wp-content\/uploads\/2025\/12\/V3HRJE2SSFHRLGY7KEJ7NOCFQQ.jpg\" loading=\"lazy\"\/>Los dendroclimat\u00f3logos usan tinciones para estudiar los anillos de los \u00e1rboles. Cuando encuentran paredes celulares de un azul brillante, est\u00e1 ante la marca de un verano anormalmente fr\u00edo en el que deja de fabricar lignina. En la imagen, la marca azul de 1345-1347 en un pino del Pirineo.Ulf B\u00fcntgen<\/p>\n<p class=\"\">\u201cUna ciudad como Florencia pod\u00eda autoabastecerse con su propia producci\u00f3n solo cinco meses al a\u00f1o y ten\u00eda que importar grano incluso en a\u00f1os de bonanza\u201d, recuerda Martin Bauch, historiador de la Edad Media en el GWZO y coautor del estudio. \u201cOtras ciudades m\u00e1s peque\u00f1as, como Siena, sol\u00edan autoabastecerse con sus territorios circundantes, pero en caso de una mala cosecha, era necesario importar\u201d, a\u00f1ade Bauch. Sin embargo, tambi\u00e9n hubo grandes ciudades como Mil\u00e1n o Roma que controlaban territorios tan extensos que pr\u00e1cticamente nunca tuvieron que importar grano. \u201cResulta significativo que estas fueran las ciudades donde no se desat\u00f3 la Peste Negra\u201d, completa.<\/p>\n<p class=\"\">Ante la escasez y el riesgo de levantamientos, los europeos miraron al este, a las estepas que, ayer como hoy, eran grandes productoras de grano. El problema es que entonces mandaba la Horda de Oro y las dos potencias italianas, G\u00e9nova y Venecia, guerreaban con los mongoles. \u201cLos Consejos de ambas ciudades presionaron en el segundo trimestre de 1347 para una r\u00e1pida paz\u201d, recuerda Bauch. Ya en el tercer trimestre, empezaron a llegar los barcos cargados de grano a los puertos de la Europa mediterr\u00e1nea. Y, con ellos, la peste. Las fechas encajan. Todos los primeros brotes se dieron en ciudades portuarias. En G\u00e9nova, la pesadilla empez\u00f3 en noviembre. En Palma de Mallorca y Marsella en diciembre y ya en enero del 48 en Venecia. La apertura del comercio al este evit\u00f3 la muerte por hambre, pero trajo la muerte negra.<\/p>\n<p class=\"\">Hannah Barker es historiadora en la Universidad Estatal de Arizona. Experta en las relaciones comerciales entre la Europa medieval y el Asia central, coincide con los autores: \u201cEn el per\u00edodo previo a la Peste Negra, del oto\u00f1o de 1343 a la primavera de 1347, se produjo un conflicto entre los comerciantes italianos (genoveses y venecianos) y el gobernante mongol de la Horda de Oro (Janibek Khan) sobre qui\u00e9n deb\u00eda controlar los puertos del Mar Negro\u201d, dice Barker, que no ha intervenido en el estudio. \u201cEl conflicto termin\u00f3 en la primavera de 1347 debido a la combinaci\u00f3n de hambruna (presi\u00f3n sobre los italianos para reabrir el comercio de grano a toda costa) y peste (presi\u00f3n sobre los mongoles para que cesaran la lucha y se centraran en otras prioridades). La importante contribuci\u00f3n de este nuevo art\u00edculo es explicar por qu\u00e9 la presi\u00f3n de la hambruna sobre los italianos fue tan fuerte en 1347, a diferencia de cualquier otro a\u00f1o\u201d, termina. <\/p>\n<p class=\"\">Hace unos a\u00f1os, el noruego Nils Stenseth lider\u00f3 un trabajo que mostr\u00f3 como la <a href=\"https:\/\/elpais.com\/elpais\/2015\/02\/23\/ciencia\/1424711968_164020.html\" target=\"_self\" rel=\"nofollow noopener\" title=\"https:\/\/elpais.com\/elpais\/2015\/02\/23\/ciencia\/1424711968_164020.html\">peste lleg\u00f3 a Europa en oleadas desde Asia<\/a>, empujada por el clima a lo largo de la historia. Sobre la Peste Negra, dice que \u201cuna sequ\u00eda en Asia Central pudo provocar el salto de la bacteria de la peste de roedores silvestres a personas\u201d. No relacionado con el nuevo estudio, cree que \u201cel aumento del transporte de grano desde Asia Central a Europa pudo haber desempe\u00f1ado un papel clave\u201d. Y desde las ciudades portuarias tard\u00f3 poco en propagarse por todo un continente poblado por gentes castigadas ya por el fr\u00edo y el hambre. <\/p>\n","protected":false},"excerpt":{"rendered":"De la Peste Negra se sabe casi todo. Que fue la peor pandemia de la historia (algunos ponen&hellip;\n","protected":false},"author":2,"featured_media":271625,"comment_status":"","ping_status":"","sticky":false,"template":"","format":"standard","meta":{"footnotes":""},"categories":[42],"tags":[16227,17048,17,18,119,24344,21303,700,13,14,11,448,61,62,63,64,19,20,9,10,15,16,54096,66676,12,21,22,65,66,67],"class_list":{"0":"post-271624","1":"post","2":"type-post","3":"status-publish","4":"format-standard","5":"has-post-thumbnail","7":"category-internacional","8":"tag-arqueologia","9":"tag-asia-central","10":"tag-breaking-news","11":"tag-breakingnews","12":"tag-ciencia","13":"tag-edad-media","14":"tag-epidemia","15":"tag-europa","16":"tag-featured-news","17":"tag-featurednews","18":"tag-headlines","19":"tag-historia","20":"tag-internacional","21":"tag-international","22":"tag-international-news","23":"tag-internationalnews","24":"tag-latest-news","25":"tag-latestnews","26":"tag-news","27":"tag-noticias","28":"tag-noticias-destacadas","29":"tag-noticiasdestacadas","30":"tag-peste","31":"tag-peste-negra","32":"tag-titulares","33":"tag-ultimas-noticias","34":"tag-ultimasnoticias","35":"tag-world","36":"tag-world-news","37":"tag-worldnews"},"share_on_mastodon":{"url":"https:\/\/pubeurope.com\/@es\/115664015282146532","error":""},"_links":{"self":[{"href":"https:\/\/www.europesays.com\/es\/wp-json\/wp\/v2\/posts\/271624","targetHints":{"allow":["GET"]}}],"collection":[{"href":"https:\/\/www.europesays.com\/es\/wp-json\/wp\/v2\/posts"}],"about":[{"href":"https:\/\/www.europesays.com\/es\/wp-json\/wp\/v2\/types\/post"}],"author":[{"embeddable":true,"href":"https:\/\/www.europesays.com\/es\/wp-json\/wp\/v2\/users\/2"}],"replies":[{"embeddable":true,"href":"https:\/\/www.europesays.com\/es\/wp-json\/wp\/v2\/comments?post=271624"}],"version-history":[{"count":0,"href":"https:\/\/www.europesays.com\/es\/wp-json\/wp\/v2\/posts\/271624\/revisions"}],"wp:featuredmedia":[{"embeddable":true,"href":"https:\/\/www.europesays.com\/es\/wp-json\/wp\/v2\/media\/271625"}],"wp:attachment":[{"href":"https:\/\/www.europesays.com\/es\/wp-json\/wp\/v2\/media?parent=271624"}],"wp:term":[{"taxonomy":"category","embeddable":true,"href":"https:\/\/www.europesays.com\/es\/wp-json\/wp\/v2\/categories?post=271624"},{"taxonomy":"post_tag","embeddable":true,"href":"https:\/\/www.europesays.com\/es\/wp-json\/wp\/v2\/tags?post=271624"}],"curies":[{"name":"wp","href":"https:\/\/api.w.org\/{rel}","templated":true}]}}