{"id":271626,"date":"2025-12-04T23:59:10","date_gmt":"2025-12-04T23:59:10","guid":{"rendered":"https:\/\/www.europesays.com\/es\/271626\/"},"modified":"2025-12-04T23:59:10","modified_gmt":"2025-12-04T23:59:10","slug":"detienen-al-jefe-de-estupefacientes-de-la-policia-nacional-de-valladolid-2","status":"publish","type":"post","link":"https:\/\/www.europesays.com\/es\/271626\/","title":{"rendered":"Detienen al jefe de Estupefacientes de la Polic\u00eda Nacional de Valladolid"},"content":{"rendered":"<p>Valladolid (EFE).- El jefe del grupo de Estupefacientes de la Polic\u00eda Nacional en Valladolid ha sido detenido este jueves en una operaci\u00f3n desarrollada por el departamento de Asuntos Internos, han informado a EFE fuentes pr\u00f3ximas al caso.<\/p>\n<p>Fuentes pr\u00f3ximas a la investigaci\u00f3n han explicado a EFE que el detenido, un inspector, est\u00e1 acusado de quedarse con parte de los alijos de droga incautados y que llevaba un alto tren de vida.<\/p>\n<p>Agentes de Asuntos Internos han registrado su casa, su despacho y su taquilla en la comisar\u00eda de Delicias y han tomado declaraci\u00f3n a varios compa\u00f1eros. Adem\u00e1s han precintado parte de algunas zonas de la comisar\u00eda.<\/p>\n<p>Asuntos Internos est\u00e1 tambi\u00e9n tomando declaraci\u00f3n a otros polic\u00edas como testigos dentro del dispositivo establecido, al parecer relacionado con el trafico de drogas, sin que por el momento hayan trascendido m\u00e1s detalles acerca de una operaci\u00f3n que contin\u00faa abierta y que est\u00e1 bajo secreto de sumario.<\/p>\n","protected":false},"excerpt":{"rendered":"Valladolid (EFE).- El jefe del grupo de Estupefacientes de la Polic\u00eda Nacional en Valladolid ha sido detenido este&hellip;\n","protected":false},"author":2,"featured_media":271627,"comment_status":"","ping_status":"","sticky":false,"template":"","format":"standard","meta":{"footnotes":""},"categories":[8],"tags":[17,18,33813,25,24,13,14,11,19,20,7337,9,10,15,16,23,257,12,21,22],"class_list":{"0":"post-271626","1":"post","2":"type-post","3":"status-publish","4":"format-standard","5":"has-post-thumbnail","7":"category-espana","8":"tag-breaking-news","9":"tag-breakingnews","10":"tag-criminalidad","11":"tag-es","12":"tag-espana","13":"tag-featured-news","14":"tag-featurednews","15":"tag-headlines","16":"tag-latest-news","17":"tag-latestnews","18":"tag-narcotrafico","19":"tag-news","20":"tag-noticias","21":"tag-noticias-destacadas","22":"tag-noticiasdestacadas","23":"tag-spain","24":"tag-sucesos","25":"tag-titulares","26":"tag-ultimas-noticias","27":"tag-ultimasnoticias"},"share_on_mastodon":{"url":"https:\/\/pubeurope.com\/@es\/115664018790391819","error":""},"_links":{"self":[{"href":"https:\/\/www.europesays.com\/es\/wp-json\/wp\/v2\/posts\/271626","targetHints":{"allow":["GET"]}}],"collection":[{"href":"https:\/\/www.europesays.com\/es\/wp-json\/wp\/v2\/posts"}],"about":[{"href":"https:\/\/www.europesays.com\/es\/wp-json\/wp\/v2\/types\/post"}],"author":[{"embeddable":true,"href":"https:\/\/www.europesays.com\/es\/wp-json\/wp\/v2\/users\/2"}],"replies":[{"embeddable":true,"href":"https:\/\/www.europesays.com\/es\/wp-json\/wp\/v2\/comments?post=271626"}],"version-history":[{"count":0,"href":"https:\/\/www.europesays.com\/es\/wp-json\/wp\/v2\/posts\/271626\/revisions"}],"wp:featuredmedia":[{"embeddable":true,"href":"https:\/\/www.europesays.com\/es\/wp-json\/wp\/v2\/media\/271627"}],"wp:attachment":[{"href":"https:\/\/www.europesays.com\/es\/wp-json\/wp\/v2\/media?parent=271626"}],"wp:term":[{"taxonomy":"category","embeddable":true,"href":"https:\/\/www.europesays.com\/es\/wp-json\/wp\/v2\/categories?post=271626"},{"taxonomy":"post_tag","embeddable":true,"href":"https:\/\/www.europesays.com\/es\/wp-json\/wp\/v2\/tags?post=271626"}],"curies":[{"name":"wp","href":"https:\/\/api.w.org\/{rel}","templated":true}]}}