{"id":271637,"date":"2025-12-05T00:10:11","date_gmt":"2025-12-05T00:10:11","guid":{"rendered":"https:\/\/www.europesays.com\/es\/271637\/"},"modified":"2025-12-05T00:10:11","modified_gmt":"2025-12-05T00:10:11","slug":"esta-es-la-condicion-que-impusieron-a-la-entrevista-televisada-de-su-padre","status":"publish","type":"post","link":"https:\/\/www.europesays.com\/es\/271637\/","title":{"rendered":"esta es la condici\u00f3n que impusieron a la entrevista televisada de su padre"},"content":{"rendered":"<p><img loading=\"lazy\" decoding=\"async\" src=\"https:\/\/www.europesays.com\/es\/wp-content\/uploads\/2025\/12\/100x100_informalia-logo.jpg\" itemtype=\"\/\/schema.org\/ImageObject\" itemprop=\"url\" alt=\"Informalia\" width=\"64\" height=\"64\" pinger-seen=\"true\"\/><\/p>\n<p>El ex marido de la <b>infanta Cristina<\/b> har\u00e1 <a href=\"https:\/\/www.eleconomista.es\/informalia\/casas-reales\/noticias\/13659946\/11\/25\/inaki-urdangarin-da-el-salto-a-la-television-y-concede-su-primera-entrevista-tras-salir-de-la-carcel-tienes-que-hacerlo-bien.html\" rel=\"nofollow noopener\" target=\"_blank\">su primera incursi\u00f3n televisiva tras su salida de prisi\u00f3n y su divorcio el pr\u00f3ximo 11 de diciembre.<\/a> Ser\u00e1 en la televisi\u00f3n catalana, concretamente en el programa Pla Seq\u00fc\u00e8ncia, donde el presentador Jordi Bast\u00e9 mantiene una conversaci\u00f3n intimista y sin cortes con sus invitados. Asegura el entorno de <b>I\u00f1aki Urdangarin<\/b> que acept\u00f3 la propuesta por su amistad con el periodista y tras haber establecido unas l\u00edneas rojas que habr\u00edan impuesto sus propios hijos: <b>Juan, Pablo, Miguel e Irene.<\/b><\/p>\n<p>Los hermanos Urdangarin saben bien lo que es estar en el ojo del hurac\u00e1n. El Caso No\u00f3s, por el que su padre cumpli\u00f3 condena en la c\u00e1rcel de Brieva, los puso en la primera l\u00ednea medi\u00e1tica y su situaci\u00f3n, en una edad especialmente delicada, fue muy complicada. De ah\u00ed aprendieron que la discreci\u00f3n era una m\u00e1xima importante y desde entonces han hecho gala de ella, alej\u00e1ndose todo lo posible de esc\u00e1ndalos o pol\u00e9micas. Por este motivo no quer\u00edan que la entrevista de su padre los devolviera a los titulares y le pidieron que no hablara de ellos durante la misma, una petici\u00f3n que I\u00f1aki cumpli\u00f3 a rajatabla, seg\u00fan la revista Hola.<\/p>\n<p>El que fuera duque de Palma no nombra a ninguno de sus hijos en su charla con Bast\u00e9 pero s\u00ed hace menci\u00f3n de su ex mujer, la infanta Cristina, asegurando que el fin de su matrimonio con ella fue la peor consecuencia de su paso por prisi\u00f3n. Habla tambi\u00e9n de su actual pareja, <b>Ainhoa Armentia<\/b>:<a href=\"https:\/\/www.eleconomista.es\/informalia\/casas-reales\/noticias\/13673699\/12\/25\/urdangarin-confiesa-que-esta-enamorado-de-ainhoa-armentia-es-la-mujer-que-me-ha-amado-sin-pedir-nada-a-cambio.html\" rel=\"nofollow noopener\" target=\"_blank\"> \u00abEs la mujer que me ha amado sin pedir nada a cambio\u00bb.<\/a><\/p>\n<p>WhatsApp<a href=\"https:\/\/api.whatsapp.com\/send?text=https:\/\/www.eleconomista.es\/informalia\/casas-reales\/noticias\/13677649\/12\/25\/los-hijos-de-inaki-urdangarin-se-cierran-en-banda-esta-es-la-condicion-que-impusieron-a-la-entrevista-televisada-de-su-padre.html?utm_source%3Dwhatsapp%26utm_medium%3Dshare_button&amp;id=1648118629957_whatsapp\" target=\"_blank\" data-action=\"share\/whatsapp\/share\" aria-label=\"Compartir en Whatsapp\" rel=\"nofollow noopener\"><\/a>Facebook<a id=\"fb-share\" href=\"#\" target=\"_blank\" rel=\"noopener noreferrer\" aria-label=\"Compartir en Facebook\"><\/a>Twitter<a href=\"https:\/\/twitter.com\/share?text=Los+hijos+de+I%C3%B1aki+Urdangarin+se+cierran+en+banda%3A+esta+es+la+condici%C3%B3n+que+impusieron+a+la+entrevista+televisada+de+su+padre&amp;url=https:\/\/www.eleconomista.es\/informalia\/casas-reales\/noticias\/13677649\/12\/25\/los-hijos-de-inaki-urdangarin-se-cierran-en-banda-esta-es-la-condicion-que-impusieron-a-la-entrevista-televisada-de-su-padre.html&amp;via=Informalia&amp;id=1648118839245_twitter\" target=\"_blank\" aria-label=\"Compartir en Twitter\" rel=\"nofollow noopener\"><\/a>Linkedin<a onclick=\"return abrirLinkedin();\" href=\"https:\/\/www.linkedin.com\/shareArticle?text=Los+hijos+de+I%C3%B1aki+Urdangarin+se+cierran+en+banda%3A+esta+es+la+condici%C3%B3n+que+impusieron+a+la+entrevista+televisada+de+su+padre&amp;url=https:\/\/www.eleconomista.es\/informalia\/casas-reales\/noticias\/13677649\/12\/25\/los-hijos-de-inaki-urdangarin-se-cierran-en-banda-esta-es-la-condicion-que-impusieron-a-la-entrevista-televisada-de-su-padre.html&amp;mini=true\" target=\"_blank\" aria-label=\"Compartir en linkedin\" rel=\"nofollow noopener\"><\/a>Beloud<a href=\"https:\/\/beloud.com\/share?text=Los+hijos+de+I%C3%B1aki+Urdangarin+se+cierran+en+banda%3A+esta+es+la+condici%C3%B3n+que+impusieron+a+la+entrevista+televisada+de+su+padre&amp;url=https:\/\/www.eleconomista.es\/informalia\/casas-reales\/noticias\/13677649\/12\/25\/los-hijos-de-inaki-urdangarin-se-cierran-en-banda-esta-es-la-condicion-que-impusieron-a-la-entrevista-televisada-de-su-padre.html&amp;via=Informalia&amp;id=1648118839245_beloud\" target=\"_blank\" aria-label=\"Compartir en beloud\" rel=\"nofollow noopener\"><\/a>Bluesky<a href=\"https:\/\/bsky.app\/intent\/compose?text=https:\/\/bsky.app\/intent\/compose?text=https:\/\/www.eleconomista.es\/informalia\/casas-reales\/noticias\/13677649\/12\/25\/los-hijos-de-inaki-urdangarin-se-cierran-en-banda-esta-es-la-condicion-que-impusieron-a-la-entrevista-televisada-de-su-padre.html&amp;url=https:\/\/www.eleconomista.es\/informalia\/casas-reales\/noticias\/13677649\/12\/25\/los-hijos-de-inaki-urdangarin-se-cierran-en-banda-esta-es-la-condicion-que-impusieron-a-la-entrevista-televisada-de-su-padre.html&amp;via=elEconomistaes&amp;id=1648118839245_bluesky\" target=\"_blank\" aria-label=\"Compartir en bluesky\" rel=\"nofollow noopener\"><\/a><\/p>\n<p><script async src=\"https:\/\/platform.twitter.com\/widgets.js\" charset=\"utf-8\"><\/script><\/p>\n","protected":false},"excerpt":{"rendered":"El ex marido de la infanta Cristina har\u00e1 su primera incursi\u00f3n televisiva tras su salida de prisi\u00f3n y&hellip;\n","protected":false},"author":2,"featured_media":271638,"comment_status":"","ping_status":"","sticky":false,"template":"","format":"standard","meta":{"footnotes":""},"categories":[174],"tags":[14486,255,146,147,25,24,256,23],"class_list":{"0":"post-271637","1":"post","2":"type-post","3":"status-publish","4":"format-standard","5":"has-post-thumbnail","7":"category-famosos","8":"tag-casas-reales","9":"tag-celebrities","10":"tag-entertainment","11":"tag-entretenimiento","12":"tag-es","13":"tag-espana","14":"tag-famosos","15":"tag-spain"},"share_on_mastodon":{"url":"https:\/\/pubeurope.com\/@es\/115664062981189250","error":""},"_links":{"self":[{"href":"https:\/\/www.europesays.com\/es\/wp-json\/wp\/v2\/posts\/271637","targetHints":{"allow":["GET"]}}],"collection":[{"href":"https:\/\/www.europesays.com\/es\/wp-json\/wp\/v2\/posts"}],"about":[{"href":"https:\/\/www.europesays.com\/es\/wp-json\/wp\/v2\/types\/post"}],"author":[{"embeddable":true,"href":"https:\/\/www.europesays.com\/es\/wp-json\/wp\/v2\/users\/2"}],"replies":[{"embeddable":true,"href":"https:\/\/www.europesays.com\/es\/wp-json\/wp\/v2\/comments?post=271637"}],"version-history":[{"count":0,"href":"https:\/\/www.europesays.com\/es\/wp-json\/wp\/v2\/posts\/271637\/revisions"}],"wp:featuredmedia":[{"embeddable":true,"href":"https:\/\/www.europesays.com\/es\/wp-json\/wp\/v2\/media\/271638"}],"wp:attachment":[{"href":"https:\/\/www.europesays.com\/es\/wp-json\/wp\/v2\/media?parent=271637"}],"wp:term":[{"taxonomy":"category","embeddable":true,"href":"https:\/\/www.europesays.com\/es\/wp-json\/wp\/v2\/categories?post=271637"},{"taxonomy":"post_tag","embeddable":true,"href":"https:\/\/www.europesays.com\/es\/wp-json\/wp\/v2\/tags?post=271637"}],"curies":[{"name":"wp","href":"https:\/\/api.w.org\/{rel}","templated":true}]}}