{"id":271639,"date":"2025-12-05T00:11:22","date_gmt":"2025-12-05T00:11:22","guid":{"rendered":"https:\/\/www.europesays.com\/es\/271639\/"},"modified":"2025-12-05T00:11:22","modified_gmt":"2025-12-05T00:11:22","slug":"casa-rl-17-lap","status":"publish","type":"post","link":"https:\/\/www.europesays.com\/es\/271639\/","title":{"rendered":"Casa RL &#8211; 17 \/ LAP"},"content":{"rendered":"<p><a class=\"js-image-size__link lazy-anchor\" href=\"https:\/\/www.archdaily.cl\/cl\/1036664\/casa-rl-17-lap\/69315458243c4d5a49876613-casa-rl-17-lap-foto\" rel=\"nofollow noopener\" target=\"_blank\"><img decoding=\"async\" alt=\"Casa RL - 17 \/ LAP - Fotograf\u00eda exterior, Patio interior\" data-nr-picture-id=\"69315458243c4d5a49876613\" height=\"427\" itemprop=\"image\" loading=\"lazy\" longdesc=\"https:\/\/www.archdaily.cl\/cl\/1036664\/casa-rl-17-lap\/69315458243c4d5a49876613-casa-rl-17-lap-foto\" src=\"https:\/\/www.europesays.com\/es\/wp-content\/uploads\/2025\/12\/casa-rl-17-lap_22.jpg\" width=\"640\"\/>\u00a9 Monica Barreneche<\/a><\/p>\n<p class=\"thumbs afd-desktop-e clearfix\"><a class=\"thumbs__link\" data-nr-picture-id=\"69315454243c4d5a49876608\" href=\"https:\/\/www.archdaily.cl\/cl\/1036664\/casa-rl-17-lap\/69315454243c4d5a49876608-casa-rl-17-lap-foto\" rel=\"attachment nofollow noopener\" target=\"_blank\"><img loading=\"lazy\" decoding=\"async\" alt=\"Casa RL - 17 \/ LAP - Imagen 2 de 32\" class=\"thumbs__img b-lazy\" data-nr-picture-id=\"69315454243c4d5a49876608\" data-pin-nopin=\"true\" src=\"https:\/\/www.europesays.com\/es\/wp-content\/uploads\/2025\/12\/casa-rl-17-lap_4.jpg\" height=\"125\" longdesc=\"https:\/\/www.archdaily.cl\/cl\/1036664\/casa-rl-17-lap\/69315454243c4d5a49876608-casa-rl-17-lap-foto\" title=\"\u00a9 Monica Barreneche\" width=\"125\"\/><\/a><a class=\"thumbs__link\" data-nr-picture-id=\"69315459243c4d5a49876616\" href=\"https:\/\/www.archdaily.cl\/cl\/1036664\/casa-rl-17-lap\/69315459243c4d5a49876616-casa-rl-17-lap-foto\" rel=\"attachment nofollow noopener\" target=\"_blank\"><img loading=\"lazy\" decoding=\"async\" alt=\"Casa RL - 17 \/ LAP - Imagen 3 de 32\" class=\"thumbs__img b-lazy\" data-nr-picture-id=\"69315459243c4d5a49876616\" data-pin-nopin=\"true\" src=\"https:\/\/www.europesays.com\/es\/wp-content\/uploads\/2025\/12\/casa-rl-17-lap_40.jpg\" height=\"125\" longdesc=\"https:\/\/www.archdaily.cl\/cl\/1036664\/casa-rl-17-lap\/69315459243c4d5a49876616-casa-rl-17-lap-foto\" title=\"\u00a9 Monica Barreneche\" width=\"125\"\/><\/a><a class=\"thumbs__link\" data-nr-picture-id=\"69315455d7d6cc3396686da4\" href=\"https:\/\/www.archdaily.cl\/cl\/1036664\/casa-rl-17-lap\/69315455d7d6cc3396686da4-casa-rl-17-lap-foto\" rel=\"attachment nofollow noopener\" target=\"_blank\"><img loading=\"lazy\" decoding=\"async\" alt=\"Casa RL - 17 \/ LAP - Fotograf\u00eda interior, Sala de estar, Concreto, Patio interior\" class=\"thumbs__img b-lazy\" data-nr-picture-id=\"69315455d7d6cc3396686da4\" data-pin-nopin=\"true\" src=\"https:\/\/www.europesays.com\/es\/wp-content\/uploads\/2025\/12\/casa-rl-17-lap_19.jpg\" height=\"125\" longdesc=\"https:\/\/www.archdaily.cl\/cl\/1036664\/casa-rl-17-lap\/69315455d7d6cc3396686da4-casa-rl-17-lap-foto\" title=\"\u00a9 Monica Barreneche\" width=\"125\"\/><\/a><a class=\"thumbs__link\" data-nr-picture-id=\"69315458d7d6cc59e9edc007\" href=\"https:\/\/www.archdaily.cl\/cl\/1036664\/casa-rl-17-lap\/69315458d7d6cc59e9edc007-casa-rl-17-lap-foto\" rel=\"attachment nofollow noopener\" target=\"_blank\"><img loading=\"lazy\" decoding=\"async\" alt=\"Casa RL - 17 \/ LAP - Fotograf\u00eda interior, Cocina, Madera, Encimera, Vidrio\" class=\"thumbs__img b-lazy\" data-nr-picture-id=\"69315458d7d6cc59e9edc007\" data-pin-nopin=\"true\" src=\"https:\/\/www.europesays.com\/es\/wp-content\/uploads\/2025\/12\/casa-rl-17-lap_31.jpg\" height=\"125\" longdesc=\"https:\/\/www.archdaily.cl\/cl\/1036664\/casa-rl-17-lap\/69315458d7d6cc59e9edc007-casa-rl-17-lap-foto\" title=\"\u00a9 Monica Barreneche\" width=\"125\"\/><\/a><a class=\"gallery-link afd-desktop-e\" href=\"https:\/\/www.archdaily.cl\/cl\/1036664\/casa-rl-17-lap\/69315549d7d6cc59e9edc013-casa-rl-17-lap-foto\" rel=\"nofollow noopener\" target=\"_blank\"><img decoding=\"async\" alt=\"Casa RL - 17 \/ LAP - M\u00e1s Im\u00e1genes\" class=\"thumbs__img b-lazy\" src=\"https:\/\/www.europesays.com\/es\/wp-content\/uploads\/2025\/12\/casa-rl-17-lap_1.jpg\" itemprop=\"image\" bad-src=\"data:image\/gif;base64,R0lGODlhAQABAIAAAAUEBAAAACwAAAAAAQABAAACAkQBADs=\"\/>+ 27<\/a><\/p>\n<p>    Compartir<\/p>\n<p>Compartir<\/p>\n<ul class=\"afd-share__networks clearfix\">\n<li class=\"afd-share__social\"><a aria-label=\"Facebook\" class=\"afd-share__button\" data-insights-category=\"share\" data-insights-label=\"facebook_sharing_options\" data-insights-value=\"1036664\" data-social=\"facebook\" href=\"https:\/\/www.facebook.com\/sharer\/sharer.php?u=https:\/\/www.archdaily.cl\/cl\/1036664\/casa-rl-17-lap\" rel=\"nofollow noopener\" target=\"_blank\"><\/a>\n<p>Facebook<\/p>\n<\/li>\n<li class=\"afd-share__social\"><a aria-label=\"Twitter\" class=\"afd-share__button\" data-insights-category=\"share\" data-insights-label=\"twitter_sharing_options\" data-insights-value=\"1036664\" data-social=\"twitter\" href=\"https:\/\/twitter.com\/intent\/tweet?text=Casa%20RL%20-%2017%20%2F%20LAP&amp;url=https:\/\/www.archdaily.cl\/cl\/1036664\/casa-rl-17-lap&amp;via=parq\" rel=\"nofollow noopener\" target=\"_blank\"><\/a>\n<p>Twitter<\/p>\n<\/li>\n<li class=\"afd-share__social\"><a class=\"afd-share__button\" data-insights-category=\"share\" data-insights-label=\"email_sharing_options\" data-insights-value=\"1036664\" data-social=\"email\" href=\"mailto:?subject=Casa RL - 17 \/ LAP&amp;body=https:\/\/www.archdaily.cl\/cl\/1036664\/casa-rl-17-lap\"><\/a>\n<p>Mail<\/p>\n<\/li>\n<li class=\"afd-share__social\"><a aria-label=\"Pinterest\" class=\"afd-share__button\" data-insights-category=\"share\" data-insights-label=\"pinterest_sharing_options\" data-insights-value=\"1036664\" data-social=\"pinterest\" href=\"https:\/\/pinterest.com\/pin\/create\/button\/?url=https%3A%2F%2Fwww.archdaily.cl%2Fcl%2F1036664%2Fcasa-rl-17-lap&amp;media=https%3A%2F%2Fimages.adsttc.com%2Fmedia%2Fimages%2F6931%2F5549%2Fd7d6%2Fcc59%2Fe9ed%2Fc013%2Flarge_jpg%2Fcasa-rl-17-lap_1.jpg%3F1764840798&amp;description=Casa%20RL%20-%2017%20%2F%20LAP\" rel=\"nofollow noopener\" target=\"_blank\"><\/a>\n<p>Pinterest<\/p>\n<\/li>\n<li class=\"afd-share__social\"><a aria-label=\"Whatsapp\" class=\"afd-share__button\" data-action=\"share\/whatsapp\/share\" data-insights-category=\"share\" data-insights-label=\"whatsapp_sharing_options\" data-insights-value=\"1036664\" data-social=\"whatsapp\" href=\"whatsapp:\/\/send?text=Casa+RL+-+17+%2F+LAP+%7C+https%3A%2F%2Fwww.archdaily.cl%2Fcl%2F1036664%2Fcasa-rl-17-lap%3Futm_source%3DWhatsapp%26utm_medium%3DIM%26utm_campaign%3Dshare-button\" rel=\"nofollow\"><\/a>\n<p>Whatsapp<\/p>\n<\/li>\n<\/ul>\n<p>O<\/p>\n<p>https:\/\/www.archdaily.cl\/cl\/1036664\/casa-rl-17-lap<\/p>\n<p>  Portapapeles<\/p>\n<p>              \u00abCOPY\u00bb<\/p>\n<p>Copiar<br \/>\n<a class=\"js-image-size__link lazy-anchor\" href=\"https:\/\/www.archdaily.cl\/cl\/1036664\/casa-rl-17-lap\/69315455d7d6cc59e9edc000-casa-rl-17-lap-foto\" rel=\"nofollow noopener\" target=\"_blank\"><img decoding=\"async\" alt=\"Casa RL - 17 \/ LAP - Fotograf\u00eda exterior\" data-nr-picture-id=\"69315455d7d6cc59e9edc000\" height=\"427\" itemprop=\"image\" loading=\"lazy\" longdesc=\"https:\/\/www.archdaily.cl\/cl\/1036664\/casa-rl-17-lap\/69315455d7d6cc59e9edc000-casa-rl-17-lap-foto\" src=\"https:\/\/www.europesays.com\/es\/wp-content\/uploads\/2025\/12\/casa-rl-17-lap_2.jpg\" width=\"640\"\/>\u00a9 Monica Barreneche<\/a><\/p>\n<p>Este proyecto representa una nueva visi\u00f3n arquitect\u00f3nica que desaf\u00eda los conceptos tradicionales de lo que deber\u00eda ser la casa de descanso colombiana.<\/p>\n<p><a class=\"js-image-size__link lazy-anchor\" href=\"https:\/\/www.archdaily.cl\/cl\/1036664\/casa-rl-17-lap\/69315454243c4d5a49876608-casa-rl-17-lap-foto\" rel=\"nofollow noopener\" target=\"_blank\"><img decoding=\"async\" alt=\"Casa RL - 17 \/ LAP - Imagen 2 de 32\" data-nr-picture-id=\"69315454243c4d5a49876608\" height=\"427\" itemprop=\"image\" loading=\"lazy\" longdesc=\"https:\/\/www.archdaily.cl\/cl\/1036664\/casa-rl-17-lap\/69315454243c4d5a49876608-casa-rl-17-lap-foto\" src=\"https:\/\/www.europesays.com\/es\/wp-content\/uploads\/2025\/12\/1764893476_953_casa-rl-17-lap_4.jpg\" width=\"640\"\/>\u00a9 Monica Barreneche<\/a><\/p>\n<p>\u00abLa casa no es solo un resguardo; es un conjunto de espacios que, a trav\u00e9s de gestos arquitect\u00f3nicos, debe permitir el tr\u00e1nsito entre distintas sensaciones\u00bb. Esta filosof\u00eda se refleja claramente en el trabajo arquitect\u00f3nico de LAP &#8211; Left Angle Partnership-.<\/p>\n<p><a class=\"js-image-size__link lazy-anchor\" href=\"https:\/\/www.archdaily.cl\/cl\/1036664\/casa-rl-17-lap\/69315455d7d6cc3396686da4-casa-rl-17-lap-foto\" rel=\"nofollow noopener\" target=\"_blank\"><img decoding=\"async\" alt=\"Casa RL - 17 \/ LAP - Fotograf\u00eda interior, Sala de estar, Concreto, Patio interior\" data-nr-picture-id=\"69315455d7d6cc3396686da4\" height=\"427\" itemprop=\"image\" loading=\"lazy\" longdesc=\"https:\/\/www.archdaily.cl\/cl\/1036664\/casa-rl-17-lap\/69315455d7d6cc3396686da4-casa-rl-17-lap-foto\" src=\"https:\/\/www.europesays.com\/es\/wp-content\/uploads\/2025\/12\/1764893476_985_casa-rl-17-lap_19.jpg\" width=\"640\"\/>\u00a9 Monica Barreneche<\/a><\/p>\n<p>Un ejemplo destacado es la casa RL17, ubicada en la periferia de Anapoima, Colombia un pueblo de clima c\u00e1lido y abundante vegetaci\u00f3n tropical a pocas horas en autom\u00f3vil de Bogot\u00e1. La topolog\u00eda de la zona ofrece infinitas posibilidades para dialogar con el terreno, creando refugios veraniegos que conviven con la naturaleza y enaltecen las sensibilidades humanas. Este proyecto se desarrolla dentro de un plan urban\u00edstico con estilos arquitect\u00f3nicos comunes preestablecidos que podr\u00edan limitar la creatividad del arquitecto al dise\u00f1ar la casa. Sin embargo, para Juan Carlos Naranjo de LAP, estas restricciones en lugar de una limitaci\u00f3n, representaron una oportunidad para innovar.<\/p>\n<p><a class=\"js-image-size__link lazy-anchor\" href=\"https:\/\/www.archdaily.cl\/cl\/1036664\/casa-rl-17-lap\/69315456affedb01884b79e0-casa-rl-17-lap-foto\" rel=\"nofollow noopener\" target=\"_blank\"><img decoding=\"async\" alt=\"Casa RL - 17 \/ LAP - Imagen 11 de 32\" data-nr-picture-id=\"69315456affedb01884b79e0\" height=\"427\" itemprop=\"image\" loading=\"lazy\" longdesc=\"https:\/\/www.archdaily.cl\/cl\/1036664\/casa-rl-17-lap\/69315456affedb01884b79e0-casa-rl-17-lap-foto\" src=\"https:\/\/www.europesays.com\/es\/wp-content\/uploads\/2025\/12\/casa-rl-17-lap_24.jpg\" width=\"640\"\/>\u00a9 Monica Barreneche<\/a><\/p>\n<p>Camuflados dentro de la vegetaci\u00f3n de tr\u00f3pico templado, dos bloques asim\u00e9tricos de concreto verde cipr\u00e9s rompen con el estereotipo arquitect\u00f3nico del lugar. \u00abLa casa de dos pisos, cuenta con un canal axial que abre el espacio entre dos vol\u00famenes laterales para crear una corriente de ventilaci\u00f3n cruzada y protecci\u00f3n contra la intensa luz solar. La fachada frontal, con un gesto denso de mamposter\u00eda, se amarra al suelo con aperturas estrat\u00e9gicamente ubicadas y se contrapone a una fachada posterior que sin columnas crea un efecto de placas flotantes\u00bb, un breve descripci\u00f3n por parte de Naranjo, de la primera impresi\u00f3n arquitect\u00f3nica que genera el conocer la casa.<\/p>\n<p><a class=\"js-image-size__link lazy-anchor\" href=\"https:\/\/www.archdaily.cl\/cl\/1036664\/casa-rl-17-lap\/693152efaffedb01884b79ce-casa-rl-17-lap-planta-primer-piso\" rel=\"nofollow noopener\" target=\"_blank\"><img decoding=\"async\" alt=\"Casa RL - 17 \/ LAP - Imagen 30 de 32\" data-nr-picture-id=\"693152efaffedb01884b79ce\" height=\"427\" itemprop=\"image\" loading=\"lazy\" longdesc=\"https:\/\/www.archdaily.cl\/cl\/1036664\/casa-rl-17-lap\/693152efaffedb01884b79ce-casa-rl-17-lap-planta-primer-piso\" src=\"https:\/\/www.europesays.com\/es\/wp-content\/uploads\/2025\/12\/planta-piso-1-result-2.jpg\" width=\"640\"\/>Planta Primer Piso<\/a><a class=\"js-image-size__link lazy-anchor\" href=\"https:\/\/www.archdaily.cl\/cl\/1036664\/casa-rl-17-lap\/693152eed7d6cc59e9edbff2-casa-rl-17-lap-corte-longitudinal\" rel=\"nofollow noopener\" target=\"_blank\"><img decoding=\"async\" alt=\"Casa RL - 17 \/ LAP - Imagen 32 de 32\" data-nr-picture-id=\"693152eed7d6cc59e9edbff2\" height=\"427\" itemprop=\"image\" loading=\"lazy\" longdesc=\"https:\/\/www.archdaily.cl\/cl\/1036664\/casa-rl-17-lap\/693152eed7d6cc59e9edbff2-casa-rl-17-lap-corte-longitudinal\" src=\"https:\/\/www.europesays.com\/es\/wp-content\/uploads\/2025\/12\/corte-longitudinal-result-1.jpg\" width=\"640\"\/>Corte Longitudinal<\/a><a class=\"js-image-size__link lazy-anchor\" href=\"https:\/\/www.archdaily.cl\/cl\/1036664\/casa-rl-17-lap\/693152efd7d6cc59e9edbff3-casa-rl-17-lap-planta-segundo-piso\" rel=\"nofollow noopener\" target=\"_blank\"><img decoding=\"async\" alt=\"Casa RL - 17 \/ LAP - Imagen 31 de 32\" data-nr-picture-id=\"693152efd7d6cc59e9edbff3\" height=\"427\" itemprop=\"image\" loading=\"lazy\" longdesc=\"https:\/\/www.archdaily.cl\/cl\/1036664\/casa-rl-17-lap\/693152efd7d6cc59e9edbff3-casa-rl-17-lap-planta-segundo-piso\" src=\"https:\/\/www.europesays.com\/es\/wp-content\/uploads\/2025\/12\/planta-piso-2-result-3.jpg\" width=\"640\"\/>Planta Segundo Piso<\/a><\/p>\n<p>Este proyecto no se revela a simple vista; requiere ser recorrido en su totalidad para comprender su verdadera espacialidad. Es precisamente esta complejidad, que se presenta de manera sencilla, lo que lo hace a\u00fan m\u00e1s fascinante. Cada una de sus cuatro fachadas representa una faceta diferente de la misma estructura.<\/p>\n<p><a class=\"js-image-size__link lazy-anchor\" href=\"https:\/\/www.archdaily.cl\/cl\/1036664\/casa-rl-17-lap\/69315457d7d6cc59e9edc005-casa-rl-17-lap-foto\" rel=\"nofollow noopener\" target=\"_blank\"><img decoding=\"async\" alt=\"Casa RL - 17 \/ LAP - Fotograf\u00eda interior\" data-nr-picture-id=\"69315457d7d6cc59e9edc005\" height=\"427\" itemprop=\"image\" loading=\"lazy\" longdesc=\"https:\/\/www.archdaily.cl\/cl\/1036664\/casa-rl-17-lap\/69315457d7d6cc59e9edc005-casa-rl-17-lap-foto\" src=\"https:\/\/www.europesays.com\/es\/wp-content\/uploads\/2025\/12\/casa-rl-17-lap_26.jpg\" width=\"640\"\/>\u00a9 Monica Barreneche<\/a><\/p>\n<p>La fachada frontal, limpia y privada, deja ver los dos vol\u00famenes entrelazados por una p\u00e9rgola met\u00e1lica que se convierte en el eje visual del proyecto, evocando la entrada de un museo por su monumentalidad y minimalismo. La fachada posterior, en contraste, habla un lenguaje abierto y revelador. Desde aqu\u00ed se puede visualizar la funcionalidad de la casa, con los dos vol\u00famenes terminados en voladizos, una sala abierta y generosa, la zona social, una escalera transversal en mamposter\u00eda blanca y un mezanine que une la habitaci\u00f3n principal con un estudio en la segunda planta.<\/p>\n<p><a class=\"js-image-size__link lazy-anchor\" href=\"https:\/\/www.archdaily.cl\/cl\/1036664\/casa-rl-17-lap\/69315458d7d6cc59e9edc007-casa-rl-17-lap-foto\" rel=\"nofollow noopener\" target=\"_blank\"><img decoding=\"async\" alt=\"Casa RL - 17 \/ LAP - Fotograf\u00eda interior, Cocina, Madera, Encimera, Vidrio\" data-nr-picture-id=\"69315458d7d6cc59e9edc007\" height=\"427\" itemprop=\"image\" loading=\"lazy\" longdesc=\"https:\/\/www.archdaily.cl\/cl\/1036664\/casa-rl-17-lap\/69315458d7d6cc59e9edc007-casa-rl-17-lap-foto\" src=\"https:\/\/www.europesays.com\/es\/wp-content\/uploads\/2025\/12\/1764893479_789_casa-rl-17-lap_31.jpg\" width=\"640\"\/>\u00a9 Monica Barreneche<\/a><\/p>\n<p>Las fachadas laterales proponen una conversaci\u00f3n abierta con la arquitectura preexistente, incorporando muros de piedra, bloques verdes y abundante vegetaci\u00f3n. Su honestidad material se integra armoniosamente con el terreno, gracias a la propuesta paisaj\u00edstica tambi\u00e9n desarrollada por LAP.<\/p>\n<p><a class=\"js-image-size__link lazy-anchor\" href=\"https:\/\/www.archdaily.cl\/cl\/1036664\/casa-rl-17-lap\/69315455affedb01884b79de-casa-rl-17-lap-foto\" rel=\"nofollow noopener\" target=\"_blank\"><img decoding=\"async\" alt=\"Casa RL - 17 \/ LAP - Fotograf\u00eda interior, Ba\u00f1o, Tarjas, Vidrio\" data-nr-picture-id=\"69315455affedb01884b79de\" height=\"427\" itemprop=\"image\" loading=\"lazy\" longdesc=\"https:\/\/www.archdaily.cl\/cl\/1036664\/casa-rl-17-lap\/69315455affedb01884b79de-casa-rl-17-lap-foto\" src=\"https:\/\/www.europesays.com\/es\/wp-content\/uploads\/2025\/12\/casa-rl-17-lap_25.jpg\" width=\"640\"\/>\u00a9 Monica Barreneche<\/a><a class=\"js-image-size__link lazy-anchor\" href=\"https:\/\/www.archdaily.cl\/cl\/1036664\/casa-rl-17-lap\/69315457243c4d5a49876611-casa-rl-17-lap-foto\" rel=\"nofollow noopener\" target=\"_blank\"><img decoding=\"async\" alt=\"Casa RL - 17 \/ LAP - Fotograf\u00eda interior, Ba\u00f1o, Iluminaci\u00f3n, Inodoros\" data-nr-picture-id=\"69315457243c4d5a49876611\" height=\"427\" itemprop=\"image\" loading=\"lazy\" longdesc=\"https:\/\/www.archdaily.cl\/cl\/1036664\/casa-rl-17-lap\/69315457243c4d5a49876611-casa-rl-17-lap-foto\" src=\"https:\/\/www.europesays.com\/es\/wp-content\/uploads\/2025\/12\/casa-rl-17-lap_18.jpg\" width=\"640\"\/>\u00a9 Monica Barreneche<\/a><\/p>\n<p>Con 900 m\u00b2 de terreno y un poco menos de 400 m\u00b2 de construcci\u00f3n, esta propuesta responde a la necesidad de tener un lugar de f\u00e1cil acceso, absoluta comodidad, limpieza visual imponente y vistas aseguradas en cada rinc\u00f3n. Estas premisas guiaron la mano del arquitecto en su dise\u00f1o. \u00abUno como arquitecto debe aprender a soltarla\u00bb, enfatiza Naranjo al hablar sobre la libertad de hacer un proyecto a medida. \u00abCada ala est\u00e1 girada diez grados, generando un acceso m\u00e1s restringido y abriendo la visual panor\u00e1mica hacia el lago. Un juego con el tiempo donde los vol\u00famenes laterales permanecen congelados mientras el patio central, a trav\u00e9s de vegetaci\u00f3n y juego de sombras, se transforma cada d\u00eda para contar una historia diferente\u00bb, agrega el arquitecto.<\/p>\n<p><a class=\"js-image-size__link lazy-anchor\" href=\"https:\/\/www.archdaily.cl\/cl\/1036664\/casa-rl-17-lap\/69315459243c4d5a49876616-casa-rl-17-lap-foto\" rel=\"nofollow noopener\" target=\"_blank\"><img decoding=\"async\" alt=\"Casa RL - 17 \/ LAP - Imagen 3 de 32\" data-nr-picture-id=\"69315459243c4d5a49876616\" height=\"427\" itemprop=\"image\" loading=\"lazy\" longdesc=\"https:\/\/www.archdaily.cl\/cl\/1036664\/casa-rl-17-lap\/69315459243c4d5a49876616-casa-rl-17-lap-foto\" src=\"https:\/\/www.europesays.com\/es\/wp-content\/uploads\/2025\/12\/1764893481_84_casa-rl-17-lap_40.jpg\" width=\"640\"\/>\u00a9 Monica Barreneche<\/a><\/p>\n<p>Materialmente hablando, esta casa, aunque voluminosa y de gran formato, se resuelve de manera clara. Utiliza concreto como base, pisos claros italianos de Strombolli para mantener una temperatura fresca, puertas corredizas en WPC que simulan la madera alistonada,\u00a0 mamposter\u00eda en la escalera y mobiliario y hierro en la estructura met\u00e1lica escult\u00f3rica que ante sale la p\u00e9rgola.<\/p>\n<p><a class=\"js-image-size__link lazy-anchor\" href=\"https:\/\/www.archdaily.cl\/cl\/1036664\/casa-rl-17-lap\/69315457d7d6cc59e9edc003-casa-rl-17-lap-foto\" rel=\"nofollow noopener\" target=\"_blank\"><img decoding=\"async\" alt=\"Casa RL - 17 \/ LAP - Imagen 24 de 32\" data-nr-picture-id=\"69315457d7d6cc59e9edc003\" height=\"427\" itemprop=\"image\" loading=\"lazy\" longdesc=\"https:\/\/www.archdaily.cl\/cl\/1036664\/casa-rl-17-lap\/69315457d7d6cc59e9edc003-casa-rl-17-lap-foto\" src=\"https:\/\/www.europesays.com\/es\/wp-content\/uploads\/2025\/12\/casa-rl-17-lap_39.jpg\" width=\"640\"\/>\u00a9 Monica Barreneche<\/a><\/p>\n<p>En algunos momentos, la casa parece flotar gracias a los fluidos gestos de dise\u00f1o por parte de LAP. \u00abPor ejemplo, las escaleras del sal\u00f3n se convierten en el sof\u00e1 central de la casa con diecis\u00e9is asientos que se extienden hacia la vegetaci\u00f3n. El dise\u00f1o de la zona social se integra armoniosamente con el paisaje circundante, borrando las l\u00edneas entre el jard\u00edn exterior e interior\u00bb, afirman los arquitectos.<\/p>\n<p><a class=\"js-image-size__link lazy-anchor\" href=\"https:\/\/www.archdaily.cl\/cl\/1036664\/casa-rl-17-lap\/69315458d7d6cc59e9edc009-casa-rl-17-lap-foto\" rel=\"nofollow noopener\" target=\"_blank\"><img decoding=\"async\" alt=\"Casa RL - 17 \/ LAP - Imagen 18 de 32\" data-nr-picture-id=\"69315458d7d6cc59e9edc009\" height=\"427\" itemprop=\"image\" loading=\"lazy\" longdesc=\"https:\/\/www.archdaily.cl\/cl\/1036664\/casa-rl-17-lap\/69315458d7d6cc59e9edc009-casa-rl-17-lap-foto\" src=\"https:\/\/www.europesays.com\/es\/wp-content\/uploads\/2025\/12\/casa-rl-17-lap_37.jpg\" width=\"640\"\/>\u00a9 Monica Barreneche<\/a><\/p>\n<p>Paralelamente, una escalera escult\u00f3rica y minimalista gu\u00eda la vista hacia la segunda planta, donde la p\u00e9rgola se entrelaza con el paisajismo interior, cerrando la idea central del dise\u00f1o. \u00abDesde los grandes ventanales y puertas de vidrio que permiten una conexi\u00f3n fluida entre el interior y el exuberante entorno exterior, esta casa es et\u00e9rea, privada, llena de aire y fluidez\u00bb, concluyen.<\/p>\n<p><a class=\"js-image-size__link \" href=\"https:\/\/www.archdaily.cl\/cl\/1036664\/casa-rl-17-lap\/69315549d7d6cc59e9edc013-casa-rl-17-lap-foto\" rel=\"attachment nofollow noopener\" style=\"width: 100%; height: 100%;\" target=\"_blank\"><img decoding=\"async\" alt=\"Casa RL - 17 \/ LAP - Fotograf\u00eda exterior\" data-nr-picture-id=\"69315549d7d6cc59e9edc013\" fetchpriority=\"high\" height=\"349\" itemprop=\"image\" loading=\"eager\" longdesc=\"https:\/\/www.archdaily.cl\/cl\/1036664\/casa-rl-17-lap\/69315549d7d6cc59e9edc013-casa-rl-17-lap-foto\" src=\"https:\/\/www.europesays.com\/es\/wp-content\/uploads\/2025\/12\/casa-rl-17-lap_1.jpg\" style=\"min-height: var(--featured-height, auto); aspect-ratio: auto 640 \/ 349\" width=\"640\"\/><\/a>\u00a9 Monica Barreneche<script async src=\"https:\/\/platform.twitter.com\/widgets.js\" charset=\"utf-8\"><\/script><\/p>\n","protected":false},"excerpt":{"rendered":"\u00a9 Monica Barreneche + 27 Compartir Compartir Facebook Twitter Mail Pinterest Whatsapp O https:\/\/www.archdaily.cl\/cl\/1036664\/casa-rl-17-lap Portapapeles \u00abCOPY\u00bb Copiar \u00a9&hellip;\n","protected":false},"author":2,"featured_media":271640,"comment_status":"","ping_status":"","sticky":false,"template":"","format":"standard","meta":{"footnotes":""},"categories":[173],"tags":[801,802,229,233,231,230,3738,232,234,146,147,25,24,23],"class_list":{"0":"post-271639","1":"post","2":"type-post","3":"status-publish","4":"format-standard","5":"has-post-thumbnail","7":"category-arte-y-diseno","8":"tag-arquitectura","9":"tag-arquitectura-residencial","10":"tag-arte","11":"tag-arte-y-diseno","12":"tag-arts","13":"tag-arts-and-design","14":"tag-casas","15":"tag-design","16":"tag-diseno","17":"tag-entertainment","18":"tag-entretenimiento","19":"tag-es","20":"tag-espana","21":"tag-spain"},"share_on_mastodon":{"url":"https:\/\/pubeurope.com\/@es\/115664066317716814","error":""},"_links":{"self":[{"href":"https:\/\/www.europesays.com\/es\/wp-json\/wp\/v2\/posts\/271639","targetHints":{"allow":["GET"]}}],"collection":[{"href":"https:\/\/www.europesays.com\/es\/wp-json\/wp\/v2\/posts"}],"about":[{"href":"https:\/\/www.europesays.com\/es\/wp-json\/wp\/v2\/types\/post"}],"author":[{"embeddable":true,"href":"https:\/\/www.europesays.com\/es\/wp-json\/wp\/v2\/users\/2"}],"replies":[{"embeddable":true,"href":"https:\/\/www.europesays.com\/es\/wp-json\/wp\/v2\/comments?post=271639"}],"version-history":[{"count":0,"href":"https:\/\/www.europesays.com\/es\/wp-json\/wp\/v2\/posts\/271639\/revisions"}],"wp:featuredmedia":[{"embeddable":true,"href":"https:\/\/www.europesays.com\/es\/wp-json\/wp\/v2\/media\/271640"}],"wp:attachment":[{"href":"https:\/\/www.europesays.com\/es\/wp-json\/wp\/v2\/media?parent=271639"}],"wp:term":[{"taxonomy":"category","embeddable":true,"href":"https:\/\/www.europesays.com\/es\/wp-json\/wp\/v2\/categories?post=271639"},{"taxonomy":"post_tag","embeddable":true,"href":"https:\/\/www.europesays.com\/es\/wp-json\/wp\/v2\/tags?post=271639"}],"curies":[{"name":"wp","href":"https:\/\/api.w.org\/{rel}","templated":true}]}}