{"id":271647,"date":"2025-12-05T00:18:16","date_gmt":"2025-12-05T00:18:16","guid":{"rendered":"https:\/\/www.europesays.com\/es\/271647\/"},"modified":"2025-12-05T00:18:16","modified_gmt":"2025-12-05T00:18:16","slug":"alvaro-morata-niega-que-haya-terceras-personas-por-su-parte-aunque-no-desmiente-la-crisis-con-alice-campello","status":"publish","type":"post","link":"https:\/\/www.europesays.com\/es\/271647\/","title":{"rendered":"\u00c1lvaro Morata niega que haya terceras personas por su parte, aunque no desmiente la crisis con Alice Campello"},"content":{"rendered":"<p>\t\t\t \t\t \t\t\t\t\t\t\t\u00c1lvaro Morata, en una fotograf\u00eda de archivo <strong class=\"pd-l\">Antonio Guti\u00e9rrez  \/  Europa Press  <\/strong><\/p>\n<p>\t\t\t\t\t\tEl entorno cercano de la modelo asegur\u00f3 que, en caso de que hubiera una separaci\u00f3n entre ambos, lo comunicar\u00edan\u00a0p\u00fablicamente, como ya hicieron en la ocasi\u00f3n anterior<br \/>\n\t\t\t\t\t\t\t\t\t\t\t\t<strong>04 dic 2025<\/strong> . Actualizado a las 14:35 h.\t\t\t\t\t\t<\/p>\n<p class=\"first-paragraph txt\"><strong><a href=\"https:\/\/www.lavozdegalicia.es\/temas\/alvaro-morata\" rel=\"nofollow noopener\" target=\"_blank\">\u00c1lvaro Morata<\/a><\/strong> y\u00a0<strong><a href=\"https:\/\/www.lavozdegalicia.es\/temas\/alice-campello\" rel=\"nofollow noopener\" target=\"_blank\">Alice Campello<\/a><\/strong> parecen estar pasando <a class=\"link-txt\" href=\"https:\/\/www.lavozdegalicia.es\/noticia\/gente\/2025\/12\/03\/alice-campello-alvaro-morata-atraviesan-nueva-crisis-matrimonial\/00031764763286554935141.htm\" rel=\"nofollow noopener\" target=\"_blank\">un nuevo bache\u00a0en su matrimonio<\/a>. Los reveladores cambios en las redes sociales de ambos\u00a0\u2014\u00e9l se quito de su descripci\u00f3n la frase \u00abmarido de Alice\u00bb y ella\u00a0elimin\u00f3 el apellido de su esposo de su nombre completo\u2014 hicieron saltar todas las alarmas, a pesar de que ninguno de ellos ha comunicado oficialmente una ruptura, como hab\u00edan hecho en\u00a0su separaci\u00f3n anterior.<\/p>\n<p class=\"txt\">Entre las informaciones que surgieron tras\u00a0estas notorias modificaciones, hab\u00eda una que aseguraba que, aunque no\u00a0hab\u00eda sido provocado por una infidelidad, hab\u00eda una tercera persona por parte de \u00c1lvaro Morata. Una noticia que el propio futbolista se ha encargado de desmentir tajantemente. <strong>\u00abNo hay tercera persona por mi parte e infidelidad menos\u00bb<\/strong>, le\u00a0confirm\u00f3 a la periodista Alexia Rivas, colaboradora de El tiempo justo, que mantuvo una conversaci\u00f3n con \u00e9l. <strong>\u00abMe lo jura casi por sus hijos\u00bb<\/strong>, a\u00f1adi\u00f3 la comunicadora.<\/p>\n<p class=\"txt\">Lo que no ha confirmado ni desmentido es la ruptura o el distanciamiento con la modelo. \u00abLe he preguntado si va a seguir con ella o si se va a priorizar a s\u00ed mismo y <strong>ya no me quiere responder<\/strong>\u00bb,\u00a0cont\u00f3 la\u00a0periodista. \u00abMe dice que est\u00e1 bien y que le da igual lo que diga la gente, ya que han dicho de\u00a0todo sobre \u00e9l\u00bb, agreg\u00f3.<\/p>\n<p class=\"txt\">En el mismo programa, el colaborador Antonio Rossi revel\u00f3 que, tras hablar con el c\u00edrculo m\u00e1s cercano de la modelo italiana, en caso de que se confirmase la nueva ruptura, ser\u00eda la propia pareja la que lo comunicar\u00eda oficialmente, como ya hicieron en su primera separaci\u00f3n.<\/p>\n<p class=\"txt\">De momento, la relaci\u00f3n parece en stand by y, atendiendo a las revelaciones del director de la revista Semana, tambi\u00e9n en El tiempo justo pero un d\u00eda antes, la pareja estar\u00eda luchando por arreglarlo. \u00abSe quieren mucho. Simplemente no entienden cosas el uno del otro y se encuentran en un per\u00edodo de reconciliaci\u00f3n que viene de la ruptura del a\u00f1o pasado\u00bb, hab\u00eda explicado.<\/p>\n<p>&#13;<br \/>\n\tArchivado en:&#13;<br \/>\n\t\t\t\t\t<a href=\"https:\/\/www.lavozdegalicia.es\/temas\/alvaro-morata\/\" target=\"_blank\" class=\"mg-l\" rel=\"nofollow noopener\">\u00c1lvaro Morata<\/a>&#13;<br \/>\n\t\t\t\t\t<a href=\"https:\/\/www.lavozdegalicia.es\/temas\/alice-campello\/\" target=\"_blank\" class=\"mg-l\" rel=\"nofollow noopener\">Alice Campello<\/a>&#13;<br \/>\n\t&#13;<\/p>\n","protected":false},"excerpt":{"rendered":"\u00c1lvaro Morata, en una fotograf\u00eda de archivo Antonio Guti\u00e9rrez \/ Europa Press El entorno cercano de la modelo&hellip;\n","protected":false},"author":2,"featured_media":271648,"comment_status":"","ping_status":"","sticky":false,"template":"","format":"standard","meta":{"footnotes":""},"categories":[91],"tags":[16472,16471,146,147,25,24,23],"class_list":{"0":"post-271647","1":"post","2":"type-post","3":"status-publish","4":"format-standard","5":"has-post-thumbnail","7":"category-entretenimiento","8":"tag-alice-campello","9":"tag-alvaro-morata","10":"tag-entertainment","11":"tag-entretenimiento","12":"tag-es","13":"tag-espana","14":"tag-spain"},"share_on_mastodon":{"url":"https:\/\/pubeurope.com\/@es\/115664093620862504","error":""},"_links":{"self":[{"href":"https:\/\/www.europesays.com\/es\/wp-json\/wp\/v2\/posts\/271647","targetHints":{"allow":["GET"]}}],"collection":[{"href":"https:\/\/www.europesays.com\/es\/wp-json\/wp\/v2\/posts"}],"about":[{"href":"https:\/\/www.europesays.com\/es\/wp-json\/wp\/v2\/types\/post"}],"author":[{"embeddable":true,"href":"https:\/\/www.europesays.com\/es\/wp-json\/wp\/v2\/users\/2"}],"replies":[{"embeddable":true,"href":"https:\/\/www.europesays.com\/es\/wp-json\/wp\/v2\/comments?post=271647"}],"version-history":[{"count":0,"href":"https:\/\/www.europesays.com\/es\/wp-json\/wp\/v2\/posts\/271647\/revisions"}],"wp:featuredmedia":[{"embeddable":true,"href":"https:\/\/www.europesays.com\/es\/wp-json\/wp\/v2\/media\/271648"}],"wp:attachment":[{"href":"https:\/\/www.europesays.com\/es\/wp-json\/wp\/v2\/media?parent=271647"}],"wp:term":[{"taxonomy":"category","embeddable":true,"href":"https:\/\/www.europesays.com\/es\/wp-json\/wp\/v2\/categories?post=271647"},{"taxonomy":"post_tag","embeddable":true,"href":"https:\/\/www.europesays.com\/es\/wp-json\/wp\/v2\/tags?post=271647"}],"curies":[{"name":"wp","href":"https:\/\/api.w.org\/{rel}","templated":true}]}}