{"id":271657,"date":"2025-12-05T00:23:15","date_gmt":"2025-12-05T00:23:15","guid":{"rendered":"https:\/\/www.europesays.com\/es\/271657\/"},"modified":"2025-12-05T00:23:15","modified_gmt":"2025-12-05T00:23:15","slug":"sabor-a-malaga-inaugura-su-gran-feria-en-el-parque-de-malaga-con-la-visita-de-mas-de-500-mayores-de-la-provincia-diputacion-de-malaga","status":"publish","type":"post","link":"https:\/\/www.europesays.com\/es\/271657\/","title":{"rendered":"Sabor a M\u00e1laga inaugura su Gran Feria en el Parque de M\u00e1laga con la visita de m\u00e1s de 500 mayores de la provincia &#8211; Diputaci\u00f3n de M\u00e1laga"},"content":{"rendered":"<ol>\n<li><a href=\"https:\/\/news.google.com\/rss\/articles\/CBMi_wFBVV95cUxQTmZaVktWQVUyZFRqa05UMDJraVNaZDZ5TUpJMVd6ZXQwT05YemJrZ1h2dm9ONHIwbHhFWUh2clJGSmRqcmJwNTc0QTUyOGpNVFFDS2JqaENicXlubTNWRVlMbF93bHFOQ0hna01GZzNtak9wODJLUWYyZVpmanBlRDBwQVhGVklHQktRcEhrNl9VOUc4TTdsd0xiMkhtbGJtWVQwV0VnNnVubVZrZ2pfd3NoTEIwTjFnbzM1dWY3Q2VucnA1aU1MQWlyQ3BId1NLdWF1R2xmLUJWdW9PdGxSR3F4Z2Vva3l4RWlHM2p4aDk4Sy1mR2M3NzktVkFVQ0E?oc=5\" target=\"_blank\" rel=\"nofollow noopener\">Sabor a M\u00e1laga inaugura su Gran Feria en el Parque de M\u00e1laga con la visita de m\u00e1s de 500 mayores de la provincia<\/a>&nbsp;&nbsp;Diputaci\u00f3n de M\u00e1laga<\/li>\n<li><a href=\"https:\/\/news.google.com\/rss\/articles\/CBMirAFBVV95cUxNQ21iMXdMNS1hNWNlcDhHNi1EYUh0d2pLaExXTUIwaGwtYTJuclJFZTJpRW5EV3JobmVjbTZaR09STWtBOGN5TmJJeUk0dURTcVU4SE9KNTN6VlZTazhzaWFaUm9naGZIU1A4Sld0c3F0NjNnZUFRd1BiMVZkNGdCbGs5VUxMTjlxYUhoSk9lUVI3cVgzQmRnOHcxbjl5RWN0TUpnUG45ajI2RFkt?oc=5\" target=\"_blank\" rel=\"nofollow noopener\">La Gran Feria Sabor a M\u00e1laga re\u00fane a 120 productores, el mayor n\u00famero hasta la fecha, del 4 al 9 de diciembre en el Paseo del Parque<\/a>&nbsp;&nbsp;Diario Sur<\/li>\n<li><a href=\"https:\/\/news.google.com\/rss\/articles\/CBMi4wFBVV95cUxOWGg1UGRzOVRJdkw4M2paU2N5VG5Kb2tNMG4wU081ZzJwU3BFaU1ZNVZhZkhRZTRVSmJadklCZnhOVzdFWkluZHlXb3Fla0pxanJib0oyNlY4QUVmaVVTYXNRS2FsVnVoMWNsOV9kUGdUcjViRTFzVXVvd0U3NEpvbmtiMzY0Y2JXekJVd2FSUG1xT3RwOHV3dlNuS1I1cEs3RXBrajFvelN1ckRkSnM4ZVFubG0yS283Z0tvS1hGVGdQekVVXzJ0d3pXb1NXQUpmcy00eGVFa1QxUmtfN3ZsdFJvQdIB9wFBVV95cUxQbTJhT2ktWHJILXZhZzdia1Fmdm50UGhHSlJhYTdFY042YzRNeGtMQWRXeENFaGtTckM4Wkc0aEtnR3JJVlJyT3hHeXpIYndOYjBJTXR3ZzNNejdfWjZQdHZpX1Bac2xnT25teV9hcVlQOVZIMEtkRVlzNHNmNHRTUkJZeHAzOFpfVnAxeWQ2Q2hYUTN3anZMZ1cxcnllcUQ4a1N1cTZRSzVtNkVuenllUG5wcUFWSHFaVkNPUXVaeE5ZUU1SNzE5NGIwenVVdXJTUkx5OFpOX0xVNEpnUlpMZVloS0FzQWVCWFVPanQ3Ul9peEF5aGpv?oc=5\" target=\"_blank\" rel=\"nofollow noopener\">Zamora lleva a M\u00e1laga su apuesta por el turismo sostenible y los grandes eventos en la provincia<\/a>&nbsp;&nbsp;La Raz\u00f3n<\/li>\n<li><a href=\"https:\/\/news.google.com\/rss\/articles\/CBMijAFBVV95cUxNMEVNT0VITzZmbHNyODNUMlpsTU1wNDhZOExJVEs3bi05TTR5VV9TdXFLaF8zOWJDd2VwVVpjakdaVU0zcnBfazRMMm9WZmZYSVkxVHZObFVKdllZRXl4cnBLeUd6TFZKTHI4NzZWSU9Zb1ZNUC1uSHJfYXhreUxKM2J1aHJ1SzBaRndBTdIBkgFBVV95cUxPT001cVZUT1dkcWl6NWRUalpTckg3TGhhZ2NTbTFBNDFYNW5na2NqbnkwdW5ZWTRhb00ySkc2aEdDSGF6RzM2WXdKU21OVS1NdWdnVFY0Nkk2V0ZzSVUtTjg3Wmtyb3BTclU5X2I1UmxGSVgwLS1KYVhOVS16WHB4V2tWZTIycW5ZNWc3am1GUF83QQ?oc=5\" target=\"_blank\" rel=\"nofollow noopener\">Vinos, embutidos, dulces y aceite: la Gran Feria Sabor a M\u00e1laga llega al Paseo del Parque<\/a>&nbsp;&nbsp;M\u00e1laga Hoy<\/li>\n<li><a href=\"https:\/\/news.google.com\/rss\/articles\/CBMihwJBVV95cUxPNFRLU3JmRTlxRTFmMjBRdkxhQlNqU3hFQ3Vydk1YT0YzeDIxdWd1OHpPSVdaVEZmUHZGOVRTakZ3RHVMSjlJeF9FeFhpNnB1aEhVQ0tiNTlfQmlNbGZ1dXd6eWJLNHhkdGNjbXl2Z0d3NkNhMExwTG9hZmtSVDluTGtNZFhZcDRfOHdFUFFqSlBrRjV6b0xUb3NGWDlvRnQwa1VVWHhBSWVVLWg5a250U0gxcE9oZllPM3hJYmhjYXF2WHpXdWxzTnJxY0Z5QVJNM0cwWnprMWxaMmhwYVFMRENSd3FqY3JaMGdnZ1AxUWY3LVloR3V5eEQ5Z1ZLSGYxSko2TXZEY9IBjAJBVV95cUxPQkEtdHlPMGh5WS1pcmNMMld6emFHeG8za1BHR0l4R1lMMkw4UExIMXhOUXJnM0dSVGpybUpOOUp4WGZlZVpTUmdlcnk0MFZrUFVKQ3ZfZDdzSHBzc2pTZHl2ZkxYV2MxeWVOOW1PaDQ0eVFSNmFhSDFMYU43dGhMeUNFWVVXZWt2c2VCQ2laZzRaQldIdl92NmN5S1A4Vm9TTVRpZkxqNHF5SHc0RG1ldl9UekU2UjJKZ29JNDNsNTlyVU9mRFZHSFhwWkJwVlZJY1k1QlA1dFhnd0RiTGx5VnJib054SmtwZjRodzZlX0FPOUNBaEVfU3ROMUxBd1FnZ1ZuY01aVGExNDkx?oc=5\" target=\"_blank\" rel=\"nofollow noopener\">Zamora busca nuevos visitantes en Andaluc\u00eda con una campa\u00f1a centrada en su turismo astron\u00f3mico y gastron\u00f3mico<\/a>&nbsp;&nbsp;El Espa\u00f1ol<\/li>\n<\/ol>\n","protected":false},"excerpt":{"rendered":"Sabor a M\u00e1laga inaugura su Gran Feria en el Parque de M\u00e1laga con la visita de m\u00e1s de&hellip;\n","protected":false},"author":2,"featured_media":248356,"comment_status":"","ping_status":"","sticky":false,"template":"","format":"standard","meta":{"footnotes":""},"categories":[5],"tags":[17,18,25,24,13,14,11,19,20,9,10,15,16,23,12,21,22],"class_list":{"0":"post-271657","1":"post","2":"type-post","3":"status-publish","4":"format-standard","5":"has-post-thumbnail","7":"category-titulares","8":"tag-breaking-news","9":"tag-breakingnews","10":"tag-es","11":"tag-espana","12":"tag-featured-news","13":"tag-featurednews","14":"tag-headlines","15":"tag-latest-news","16":"tag-latestnews","17":"tag-news","18":"tag-noticias","19":"tag-noticias-destacadas","20":"tag-noticiasdestacadas","21":"tag-spain","22":"tag-titulares","23":"tag-ultimas-noticias","24":"tag-ultimasnoticias"},"share_on_mastodon":{"url":"https:\/\/pubeurope.com\/@es\/115664113088691149","error":""},"_links":{"self":[{"href":"https:\/\/www.europesays.com\/es\/wp-json\/wp\/v2\/posts\/271657","targetHints":{"allow":["GET"]}}],"collection":[{"href":"https:\/\/www.europesays.com\/es\/wp-json\/wp\/v2\/posts"}],"about":[{"href":"https:\/\/www.europesays.com\/es\/wp-json\/wp\/v2\/types\/post"}],"author":[{"embeddable":true,"href":"https:\/\/www.europesays.com\/es\/wp-json\/wp\/v2\/users\/2"}],"replies":[{"embeddable":true,"href":"https:\/\/www.europesays.com\/es\/wp-json\/wp\/v2\/comments?post=271657"}],"version-history":[{"count":0,"href":"https:\/\/www.europesays.com\/es\/wp-json\/wp\/v2\/posts\/271657\/revisions"}],"wp:featuredmedia":[{"embeddable":true,"href":"https:\/\/www.europesays.com\/es\/wp-json\/wp\/v2\/media\/248356"}],"wp:attachment":[{"href":"https:\/\/www.europesays.com\/es\/wp-json\/wp\/v2\/media?parent=271657"}],"wp:term":[{"taxonomy":"category","embeddable":true,"href":"https:\/\/www.europesays.com\/es\/wp-json\/wp\/v2\/categories?post=271657"},{"taxonomy":"post_tag","embeddable":true,"href":"https:\/\/www.europesays.com\/es\/wp-json\/wp\/v2\/tags?post=271657"}],"curies":[{"name":"wp","href":"https:\/\/api.w.org\/{rel}","templated":true}]}}