{"id":271658,"date":"2025-12-05T00:28:15","date_gmt":"2025-12-05T00:28:15","guid":{"rendered":"https:\/\/www.europesays.com\/es\/271658\/"},"modified":"2025-12-05T00:28:15","modified_gmt":"2025-12-05T00:28:15","slug":"la-madre-de-tsitsipas-confiesa-el-motivo-de-la-ruptura-con-paula-badosa","status":"publish","type":"post","link":"https:\/\/www.europesays.com\/es\/271658\/","title":{"rendered":"La madre de Tsitsipas confiesa el motivo de la ruptura con Paula Badosa"},"content":{"rendered":"<p>Yulia Salnikova, madre del tenista heleno, ha concedido una entrevista en la que ha tenido que morderse la lengua para no entrar en todos los detalles que han provocado el fin de una de las parejas de moda en el mundo del deporte<\/p>\n<p class=\"parrafo\"><strong>Si 2024 fue un a\u00f1o para olvidar para Paula Badosa,<\/strong> 2025 no ha sido mucho m\u00e1s bueno para la catalana, quien, adem\u00e1s, ha tenido que hacer frente a una ruptura amorosa. Y esta vez definitiva. Y si la tenista espa\u00f1ola y <strong>Stefanos Tsitsipas<\/strong> han guardado silencio en dicha separaci\u00f3n, quien no ha podido hacer lo mismo ha sido la madre del griego.<\/p>\n<p class=\"parrafo\"><strong>Yulia Salnikova,<\/strong> en una entrevista con el medio ruso m.sports, ha hablado sin pa\u00f1os calientes del motivo que ha hecho que dicha relaci\u00f3n haya durado tan poco. Aunque no ha querido profundizar en los detalles que ella s\u00ed sabe, ha dejado algunas perlas y puyas para la neoyorkina de nacimiento.<\/p>\n<p class=\"parrafo\">En primer lugar, ha hablado sobre el estado f\u00edsico en el que se encuentra su hijo: <strong>\u00abConsult\u00f3 a un m\u00e9dico especializado en su lesi\u00f3n, quien le aconsej\u00f3 tomarse unas vacaciones y no continuar la temporada con el torneo de Atenas, <\/strong>a pesar de que ese torneo era su m\u00e1xima prioridad. El problema se resolvi\u00f3 sin cirug\u00eda. Esto alegr\u00f3 mucho a Stefanos; para entonces, estaba tan cansado que incluso estaba listo para la cirug\u00eda. <strong>Ya no siente ninguna molestia. <\/strong>Esto es alentador, ya que antes, incluso en la vida diaria, sent\u00eda molestias en la espalda\u00bb.<\/p>\n<p><a class=\"elementos-rel-t2\" href=\"https:\/\/www.estadiodeportivo.com\/tenis\/paula-badosa-rompe-silencio-confiesa-nueva-frustracion-20251117-520698.html\" title=\"Paula Badosa rompe su silencio y confiesa su nueva frustraci\u00f3n\" rel=\"nofollow noopener\" target=\"_blank\"><\/p>\n<p class=\"titular titulo-4\">Paula Badosa rompe su silencio y confiesa su nueva frustraci\u00f3n<\/p>\n<p><img decoding=\"async\" src=\"https:\/\/www.europesays.com\/es\/wp-content\/uploads\/2025\/12\/54a16b0e-8e7f-4afa-a906-1f6ac2aaf980_320x180.jpeg\" alt=\"Paula Badosa rompe su silencio y confiesa su nueva frustraci\u00f3n\"\/><\/a><a class=\"elementos-rel-t2\" href=\"https:\/\/www.estadiodeportivo.com\/tenis\/paula-badosa-tiene-fecha-regreso-hoja-ruta-para-2026-20251126-521607.html\" title=\"Paula Badosa ya tiene fecha de regreso y hoja de ruta para 2026\" rel=\"nofollow noopener\" target=\"_blank\"><\/p>\n<p class=\"titular titulo-4\">Paula Badosa ya tiene fecha de regreso y hoja de ruta para 2026<\/p>\n<p><img decoding=\"async\" src=\"https:\/\/www.europesays.com\/es\/wp-content\/uploads\/2025\/12\/e82a2a20-46ec-4164-b7d0-1024d0c69591_320x180.jpeg\" alt=\"Paula Badosa ya tiene fecha de regreso y hoja de ruta para 2026\"\/><\/a><\/p>\n<p class=\"parrafo\">En este mismo sentido, ha subrayado que dicha lesi\u00f3n podr\u00eda tener un origen gen\u00e9tico: \u00abSospechamos que algunas de las causas son cong\u00e9nitas. <strong>El m\u00e9dico nos explic\u00f3 que presenta algunas peculiaridades estructurales. <\/strong>Sospechamos que parte del problema radica en un saque defectuoso. Se inclina ligeramente hacia la izquierda. Finalmente, el cart\u00edlago por el que pasa el nervio se inflamaba constantemente y presionaba el conducto. El objetivo del tratamiento era secar este cart\u00edlago para que el conducto inflamado recuperara su estado normal\u00bb.<\/p>\n<p><img decoding=\"async\" src=\"https:\/\/www.europesays.com\/es\/wp-content\/uploads\/2025\/12\/25e07355-3840-4abb-8116-bfa733bf635f_800x533.jpeg\" loading=\"lazy\"\/><\/p>\n<p class=\"parrafo\">Y, posteriormente, ha entrado a tope en <strong>el salseo de la ruptura con Paula<\/strong>: \u00abNo ha sido f\u00e1cil. Fue una relaci\u00f3n interesante<strong>. No era una relaci\u00f3n com\u00fan y corriente, porque era a distancia. <\/strong><strong>Y ambos comenzaron esta relaci\u00f3n lesionados y con dolores f\u00edsicos.<\/strong><strong> <\/strong>Cuando empezaron a salir, Paula no pod\u00eda jugar en absoluto debido a una lesi\u00f3n de espalda. Pero, en definitiva, <strong>la relaci\u00f3n fue dif\u00edcil desde el principio<\/strong>. No me gustar\u00eda entrar en detalles porque tengo un acuerdo con el equipo. La respuesta m\u00e1s acertada ser\u00eda: <strong>la relaci\u00f3n no fue f\u00e1cil para \u00e9l\u00bb.<\/strong><\/p>\n<p>Apuesta por su padre para volver a su m\u00e1ximo nivel<\/p>\n<p class=\"parrafo\">Y, entre otros aspectos, tambi\u00e9n ha comentado la relaci\u00f3n con su padre Apostolos, al tiempo que le ha dejado claro a su hijo que, si quiere volver a alcanzar su m\u00e1ximo nivel, tiene que confiar en \u00e9l: \u00abSer\u00e9 muy franca al respecto. Les dir\u00e9 que ning\u00fan entrenador podr\u00eda haber trabajado con Stefanos. Porque <strong>la forma en que \u00e9l y su padre trabajaban juntos era, si no \u00fanica, s\u00ed muy peculiar. <\/strong>Solo gracias a su comprensi\u00f3n compartida del juego, Stefanos pudo lograr resultados importantes. Cr\u00e9eme, <strong>todos los entrenadores que trabajaron solos con \u00e9l no lograron resultados<\/strong>. Mark Philippoussis obtuvo los mejores resultados, pero <strong>solo cuando \u00e9l y Apostolos trabajaron juntos. <\/strong>Un equipo de dos entrenadores. Y luego Mark, digamos, perdi\u00f3 el rumbo porque le ofreci\u00f3 a Stefanos trabajo individual. Y eso no dur\u00f3 mucho\u00bb.<\/p>\n","protected":false},"excerpt":{"rendered":"Yulia Salnikova, madre del tenista heleno, ha concedido una entrevista en la que ha tenido que morderse la&hellip;\n","protected":false},"author":2,"featured_media":271659,"comment_status":"","ping_status":"","sticky":false,"template":"","format":"standard","meta":{"footnotes":""},"categories":[274],"tags":[741,168,25,24,284,742,9408,23,167,9409,327,326],"class_list":{"0":"post-271658","1":"post","2":"type-post","3":"status-publish","4":"format-standard","5":"has-post-thumbnail","7":"category-tenis","8":"tag-al-toque","9":"tag-deportes","10":"tag-es","11":"tag-espana","12":"tag-estadio-deportivo","13":"tag-estar-al-dia","14":"tag-paula-badosa","15":"tag-spain","16":"tag-sports","17":"tag-stefanos-tsitsipas","18":"tag-tenis","19":"tag-tennis"},"share_on_mastodon":{"url":"https:\/\/pubeurope.com\/@es\/115664133835405045","error":""},"_links":{"self":[{"href":"https:\/\/www.europesays.com\/es\/wp-json\/wp\/v2\/posts\/271658","targetHints":{"allow":["GET"]}}],"collection":[{"href":"https:\/\/www.europesays.com\/es\/wp-json\/wp\/v2\/posts"}],"about":[{"href":"https:\/\/www.europesays.com\/es\/wp-json\/wp\/v2\/types\/post"}],"author":[{"embeddable":true,"href":"https:\/\/www.europesays.com\/es\/wp-json\/wp\/v2\/users\/2"}],"replies":[{"embeddable":true,"href":"https:\/\/www.europesays.com\/es\/wp-json\/wp\/v2\/comments?post=271658"}],"version-history":[{"count":0,"href":"https:\/\/www.europesays.com\/es\/wp-json\/wp\/v2\/posts\/271658\/revisions"}],"wp:featuredmedia":[{"embeddable":true,"href":"https:\/\/www.europesays.com\/es\/wp-json\/wp\/v2\/media\/271659"}],"wp:attachment":[{"href":"https:\/\/www.europesays.com\/es\/wp-json\/wp\/v2\/media?parent=271658"}],"wp:term":[{"taxonomy":"category","embeddable":true,"href":"https:\/\/www.europesays.com\/es\/wp-json\/wp\/v2\/categories?post=271658"},{"taxonomy":"post_tag","embeddable":true,"href":"https:\/\/www.europesays.com\/es\/wp-json\/wp\/v2\/tags?post=271658"}],"curies":[{"name":"wp","href":"https:\/\/api.w.org\/{rel}","templated":true}]}}