{"id":271660,"date":"2025-12-05T00:29:13","date_gmt":"2025-12-05T00:29:13","guid":{"rendered":"https:\/\/www.europesays.com\/es\/271660\/"},"modified":"2025-12-05T00:29:13","modified_gmt":"2025-12-05T00:29:13","slug":"el-error-con-las-wildcards-que-la-vuelta-a-espana-no-podra-permitirse-repetir-en-2026","status":"publish","type":"post","link":"https:\/\/www.europesays.com\/es\/271660\/","title":{"rendered":"El error con las wildcards que la Vuelta a Espa\u00f1a no podr\u00e1 permitirse repetir en 2026"},"content":{"rendered":"<p>En 2025, la <a href=\"https:\/\/ciclismoaldia.es\/vuelta-a-espana\" title=\"Vuelta a Espa\u00f1a\" rel=\"nofollow noopener\" target=\"_blank\">Vuelta a Espa\u00f1a<\/a> empez\u00f3 a coquetear con la pol\u00e9mica mucho antes de lo que sucedi\u00f3 con las protestas pro-Palestina. Cuando se anunciaron las wildcards para la carrera, salt\u00f3 la sorpresa al ver al Q36.5 Pro Cycling Team entre los invitados junto a <a href=\"https:\/\/ciclismoaldia.es\/caja-rural-seguros-rga\" title=\"Caja Rural - Seguros RGA\" rel=\"nofollow noopener\" target=\"_blank\">Caja Rural &#8211; Seguros RGA<\/a> y <a href=\"https:\/\/ciclismoaldia.es\/burgos-burpellet-bh\" title=\"Burgos Burpellet BH\" rel=\"nofollow noopener\" target=\"_blank\">Burgos Burpellet BH<\/a>. Para meter a un equipo suizo, solo por tener a Tom Pidcock, se dej\u00f3 fuera a <a href=\"https:\/\/ciclismoaldia.es\/kern-pharma\" title=\"Kern Pharma\" rel=\"nofollow noopener\" target=\"_blank\">Kern Pharma<\/a>.Y levant\u00f3 ampollas, muchas de hecho. Ya no por el hecho de ningunear a un equipo espa\u00f1ol, que tambi\u00e9n, sino porque la escuadra farmac\u00e9utica fue de lo mejor de la edici\u00f3n de 2024 en La Vuelta, con 3 victorias de etapa gracias a Pablo Castrillo y Urko Berrade. El hecho de quedar solo por detr\u00e1s del Red Bull &#8211; BORA de Primoz Roglic, <a href=\"https:\/\/www.procyclingstats.com\/race\/vuelta-a-espana\/2024\/gc\/result\/result\" target=\"_blank\" rel=\"nofollow noopener\">y porque gan\u00f3 la general<\/a>, se merec\u00eda volver a ser invitado.<\/p>\n<p>Pero tampoco hay que seguir rizando el rizo por aquello. La Vuelta a Espa\u00f1a de Javier Guill\u00e9n crey\u00f3 mejor pensar en los beneficios econ\u00f3micos que en el desarrollo del ciclismo espa\u00f1ol. El caso es que eso no se puede volver a repetir por una simple raz\u00f3n de peso: en 2026 los puntos UCI ser\u00e1n muy importantes por el inicio del nuevo trienio.<\/p>\n<p>Como bien se sabe, las grandes vueltas reparten una gran cantidad de puntos. A lo largo de las 3 semanas de carrera se pueden conseguir botines muy elevados para el Ranking UCI, que incluso pueden suponer modificaciones considerables en las posiciones de los equipos. Por eso mismo, para los ProTeam invitados es fundamental, y la ayuda tiene que ir s\u00ed o s\u00ed para los espa\u00f1oles.<\/p>\n<p>El ciclismo no es un deporte en el que abunde el dinero. Los presupuestos de gigantes como UAE (club estado), Visma, Red Bull &#8211; BORA o INEOS Grenadiers son ut\u00f3picos. La realidad es otra, y es que casi todos los equipos luchan a\u00f1o tras a\u00f1o por conseguir patrocinios que puedan permitirles seguir compitiendo de forma profesional.<\/p>\n<p>No hay ni siquiera que irse a los equipos m\u00e1s peque\u00f1os. Una escuadra como el Ark\u00e9a &#8211; B&amp;B Hotels, World Tour hasta el final de este 2025, <a href=\"https:\/\/ciclismoaldia.es\/ciclismo\/oficial-el-arkea-no-consigue-la-pasta-y-desaparecera-al-final-de-2025\" target=\"_self\" rel=\"nofollow noopener\">se ha visto obligada a desaparecer por falta de dinero<\/a>. Y era de la primera divisi\u00f3n del ciclismo. Pues a esto se enfrentan equipos como Caja Rural, Burgos o Kern Pharma, que saben que en cualquier momento las cosas se pueden torcer.<img decoding=\"async\" width=\"500\" height=\"280\" loading=\"lazy\" src=\"https:\/\/www.europesays.com\/es\/wp-content\/uploads\/2025\/12\/kern-pharma-imago1061686568-685bc06de0935.jpg@webp.webp\" class=\"w-auto h-auto\" alt=\"Kern Pharma, en un 2025 en el que no pudo correr la Vuelta a Espa\u00f1a\"\/><\/p>\n<p>Kern Pharma se qued\u00f3 sin wildcard para La Vuelta 2025 pese a ser de lo mejor de 2024<\/p>\n<p>Cuantos m\u00e1s puntos UCI, mejor<\/p>\n<p>Por no dispersar el tema. La Vuelta a Espa\u00f1a, en su posici\u00f3n de ser una de las 3 principales carreras del calendario, tiene que apostar por el ciclismo local. Errores como el de invitar al Q36.5 en vez de a Kern Pharma no se deben repetir.<\/p>\n<p>Los peque\u00f1os equipos espa\u00f1oles tienen que tener todas las facilidades posibles para sumar puntos UCI en el nuevo trienio 2025-2028, y entre ellas est\u00e1 disponer de todas las wildcards al completo de la gran vuelta de casa. Faltar\u00eda m\u00e1s. Y da igual los podios que haya conseguido o pueda conseguir en la clasificaci\u00f3n general el Tom Pidcock de turno.<\/p>\n","protected":false},"excerpt":{"rendered":"En 2025, la Vuelta a Espa\u00f1a empez\u00f3 a coquetear con la pol\u00e9mica mucho antes de lo que sucedi\u00f3&hellip;\n","protected":false},"author":2,"featured_media":271661,"comment_status":"","ping_status":"","sticky":false,"template":"","format":"standard","meta":{"footnotes":""},"categories":[273],"tags":[54052,9299,313,312,168,25,24,33318,9329,23,167,5411],"class_list":{"0":"post-271660","1":"post","2":"type-post","3":"status-publish","4":"format-standard","5":"has-post-thumbnail","7":"category-ciclismo","8":"tag-burgos-burpellet-bh","9":"tag-caja-rural-seguros-rga","10":"tag-ciclismo","11":"tag-cycling","12":"tag-deportes","13":"tag-es","14":"tag-espana","15":"tag-euskaltel-euskadi","16":"tag-kern-pharma","17":"tag-spain","18":"tag-sports","19":"tag-vuelta-a-espana"},"share_on_mastodon":{"url":"https:\/\/pubeurope.com\/@es\/115664136727322438","error":""},"_links":{"self":[{"href":"https:\/\/www.europesays.com\/es\/wp-json\/wp\/v2\/posts\/271660","targetHints":{"allow":["GET"]}}],"collection":[{"href":"https:\/\/www.europesays.com\/es\/wp-json\/wp\/v2\/posts"}],"about":[{"href":"https:\/\/www.europesays.com\/es\/wp-json\/wp\/v2\/types\/post"}],"author":[{"embeddable":true,"href":"https:\/\/www.europesays.com\/es\/wp-json\/wp\/v2\/users\/2"}],"replies":[{"embeddable":true,"href":"https:\/\/www.europesays.com\/es\/wp-json\/wp\/v2\/comments?post=271660"}],"version-history":[{"count":0,"href":"https:\/\/www.europesays.com\/es\/wp-json\/wp\/v2\/posts\/271660\/revisions"}],"wp:featuredmedia":[{"embeddable":true,"href":"https:\/\/www.europesays.com\/es\/wp-json\/wp\/v2\/media\/271661"}],"wp:attachment":[{"href":"https:\/\/www.europesays.com\/es\/wp-json\/wp\/v2\/media?parent=271660"}],"wp:term":[{"taxonomy":"category","embeddable":true,"href":"https:\/\/www.europesays.com\/es\/wp-json\/wp\/v2\/categories?post=271660"},{"taxonomy":"post_tag","embeddable":true,"href":"https:\/\/www.europesays.com\/es\/wp-json\/wp\/v2\/tags?post=271660"}],"curies":[{"name":"wp","href":"https:\/\/api.w.org\/{rel}","templated":true}]}}