{"id":271715,"date":"2025-12-05T01:15:31","date_gmt":"2025-12-05T01:15:31","guid":{"rendered":"https:\/\/www.europesays.com\/es\/271715\/"},"modified":"2025-12-05T01:15:31","modified_gmt":"2025-12-05T01:15:31","slug":"el-escalador-espanol-que-sera-un-dolor-de-muelas-para-pogacar-y-vingegaard-en-2026","status":"publish","type":"post","link":"https:\/\/www.europesays.com\/es\/271715\/","title":{"rendered":"El escalador espa\u00f1ol que ser\u00e1 un dolor de muelas para Pogacar y Vingegaard en 2026"},"content":{"rendered":"<p>Cada d\u00eda que pasa acerca m\u00e1s una temporada 2026 que promete mucha emoci\u00f3n. Hay numerosos motivos para creer que ser\u00e1 una de las campa\u00f1as m\u00e1s igualadas de los \u00faltimos a\u00f1os. Uno de ellos, el cambio de equipo de <a href=\"https:\/\/ciclismoaldia.es\/juan-ayuso\" title=\"Juan Ayuso\" rel=\"nofollow noopener\" target=\"_blank\">Juan Ayuso<\/a>. La estrella del deporte espa\u00f1ol se march\u00f3 por fin de UAE tras m\u00e1s de un a\u00f1o de tensiones, y firm\u00f3 por <a href=\"https:\/\/ciclismoaldia.es\/lidl-trek\" title=\"Lidl-Trek\" rel=\"nofollow noopener\" target=\"_blank\">Lidl-Trek<\/a> en el mercado ciclista.Este movimiento crea muchas expectativas entre los aficionados, sobre todo de Espa\u00f1a, por el hecho de que Ayuso podr\u00e1, por primera vez, ejercer de l\u00edder absoluto de un gigante del World Tour. En Lidl-Trek se le espera como referencia en las principales carreras del calendario, y eso tiene que preocupar a <a href=\"https:\/\/ciclismoaldia.es\/tadej-pogacar\" title=\"Tadej Pogacar\" rel=\"nofollow noopener\" target=\"_blank\">Tadej Pogacar<\/a> y <a href=\"https:\/\/ciclismoaldia.es\/jonas-vingegaard\" title=\"Jonas Vingegaard\" rel=\"nofollow noopener\" target=\"_blank\">Jonas Vingegaard<\/a>.<\/p>\n<p>Hasta este a\u00f1o, Juan Ayuso no era considerado un peligro para ninguno. En el caso de Pogacar, obviamente por formar parte de la misma plantilla de UAE Team Emirates &#8211; XRG. Y respecto a Vingegaard, al no ser el l\u00edder del equipo emirat\u00ed, el corredor de J\u00e1vea nunca tuvo la oportunidad de luchar contra la superestrella de Visma &#8211; Lease a Bike.<\/p>\n<p>Pero en 2026, tanto uno como el otro ya tendr\u00e1n que soportar a Ayuso como rival. De hecho, tras anunciar su fichaje, Lidl-Trek confirm\u00f3 que el plan es que vaya al <a href=\"https:\/\/ciclismoaldia.es\/tour-de-francia\" title=\"Tour de Francia\" rel=\"nofollow noopener\" target=\"_blank\">Tour de Francia<\/a> <a href=\"https:\/\/ciclismoaldia.es\/ciclismo\/iremos-con-2-lideres-al-tour-de-francia-2026-el-jefe-de-lidl-trek-sobre-el-fichaje-de-juan-ayuso\" target=\"_self\" rel=\"nofollow noopener\">como col\u00edder junto a Mattias Skjelmose<\/a>. Es decir, una nueva amenaza que antes no exist\u00eda.En la lucha por la clasificaci\u00f3n general de la Grande Boucle y las otras carreras referencia del calendario, Lidl-Trek no aparec\u00eda entre los candidatos. Al final, su objetivo era destacar por otra v\u00eda: la clasificaci\u00f3n de los puntos. Y vaya si se consigui\u00f3 en 2025. Mads Pedersen arras\u00f3 en el Giro de Italia y la Vuelta a Espa\u00f1a, y <a href=\"https:\/\/www.procyclingstats.com\/race\/tour-de-france\/2025\/points\" target=\"_blank\" rel=\"nofollow noopener\">Jonathan Milan hizo lo propio con el maillot verde<\/a> del Tour de Francia. Un pleno.<\/p>\n<p>Si esa fiabilidad del equipo estadounidense (aunque desde que lleg\u00f3 Lidl es b\u00e1sicamente una escuadra alemana) se traslada a las generales, y encima con Juan Ayuso como jefe de filas, ser\u00eda muy osado por parte del UAE de Pogacar y el Visma de Vingegaard que no se tuviese en cuenta tanto al equipo como al escalador espa\u00f1ol.<\/p>\n<p><img decoding=\"async\" width=\"500\" height=\"280\" loading=\"lazy\" src=\"https:\/\/www.europesays.com\/es\/wp-content\/uploads\/2025\/12\/juan-ayuso-692987570859b.jpg@webp.webp\" class=\"w-auto h-auto\" alt=\"Juan Ayuso disputando el Mundial de Kigali 2025 con Espa\u00f1a\"\/><\/p>\n<p>Juan Ayuso tiene que ser una amenaza para Pogacar y Vingegaard en 2026. @Imago<\/p>\n<p>El ascenso estelar de Juan Ayuso<\/p>\n<p>Pero, m\u00e1s all\u00e1 del motivo de peso que es correr para Lidl-Trek, lo m\u00e1s importante de todo esto es que Juan Ayuso es cada vez mejor ciclista, y solo tiene 23 a\u00f1os reci\u00e9n cumplidos. Pese a tener que soportar varios momentos de baja forma, en 2025 consigui\u00f3 resultados a la altura de muy pocos:<\/p>\n<ul class=\"&#10;          list-outside pl-10&#10;          list-disc &#10;        \">\n<li class=\"[&amp;&gt;a]:text-primary dark:[&amp;&gt;a]:text-white [&amp;&gt;a]:underline md:text-lg text-base\">Victoria en la clasificaci\u00f3n general de la Tirreno Adri\u00e1tico 2025 (incluyendo una etapa).<\/li>\n<li class=\"[&amp;&gt;a]:text-primary dark:[&amp;&gt;a]:text-white [&amp;&gt;a]:underline md:text-lg text-base\">2 victorias de etapa en la Vuelta a Espa\u00f1a 2025.<\/li>\n<li class=\"[&amp;&gt;a]:text-primary dark:[&amp;&gt;a]:text-white [&amp;&gt;a]:underline md:text-lg text-base\">Victoria de etapa en el Giro de Italia 2025.<\/li>\n<li class=\"[&amp;&gt;a]:text-primary dark:[&amp;&gt;a]:text-white [&amp;&gt;a]:underline md:text-lg text-base\">Victoria de etapa en la Volta a Catalunya 2025 y 2\u00ba en la clasificaci\u00f3n general.<\/li>\n<li class=\"[&amp;&gt;a]:text-primary dark:[&amp;&gt;a]:text-white [&amp;&gt;a]:underline md:text-lg text-base\">Victoria en la Faun Drome Classic 2025.<\/li>\n<li class=\"[&amp;&gt;a]:text-primary dark:[&amp;&gt;a]:text-white [&amp;&gt;a]:underline md:text-lg text-base\">Victoria en el Trofeo Laigueglia 2025.<\/li>\n<li class=\"[&amp;&gt;a]:text-primary dark:[&amp;&gt;a]:text-white [&amp;&gt;a]:underline md:text-lg text-base\">8\u00ba en el Mundial de Kigali 2025 (despu\u00e9s de ser el \u00fanico en seguir el ataque de Pogacar).<\/li>\n<li class=\"[&amp;&gt;a]:text-primary dark:[&amp;&gt;a]:text-white [&amp;&gt;a]:underline md:text-lg text-base\">6\u00ba en el Campeonato de Europa 2025.<\/li>\n<\/ul>\n<p>Y eso sin olvidar otros hitos de su palmar\u00e9s en a\u00f1os anteriores como el triunfo en la clasificaci\u00f3n general de la Itzulia 2024, sus dos etapas en la Vuelta a Suiza 2023, y sobre todo el 3\u00ba puesto en la general de Vuelta a Espa\u00f1a 2022, su primer podio en una gran vuelta.<\/p>\n","protected":false},"excerpt":{"rendered":"Cada d\u00eda que pasa acerca m\u00e1s una temporada 2026 que promete mucha emoci\u00f3n. Hay numerosos motivos para creer&hellip;\n","protected":false},"author":2,"featured_media":271716,"comment_status":"","ping_status":"","sticky":false,"template":"","format":"standard","meta":{"footnotes":""},"categories":[273],"tags":[313,312,168,25,24,2945,4657,11482,23,167,463,462],"class_list":{"0":"post-271715","1":"post","2":"type-post","3":"status-publish","4":"format-standard","5":"has-post-thumbnail","7":"category-ciclismo","8":"tag-ciclismo","9":"tag-cycling","10":"tag-deportes","11":"tag-es","12":"tag-espana","13":"tag-jonas-vingegaard","14":"tag-juan-ayuso","15":"tag-lidl-trek","16":"tag-spain","17":"tag-sports","18":"tag-tadej-pogacar","19":"tag-tour-de-francia"},"share_on_mastodon":{"url":"https:\/\/pubeurope.com\/@es\/115664317919365759","error":""},"_links":{"self":[{"href":"https:\/\/www.europesays.com\/es\/wp-json\/wp\/v2\/posts\/271715","targetHints":{"allow":["GET"]}}],"collection":[{"href":"https:\/\/www.europesays.com\/es\/wp-json\/wp\/v2\/posts"}],"about":[{"href":"https:\/\/www.europesays.com\/es\/wp-json\/wp\/v2\/types\/post"}],"author":[{"embeddable":true,"href":"https:\/\/www.europesays.com\/es\/wp-json\/wp\/v2\/users\/2"}],"replies":[{"embeddable":true,"href":"https:\/\/www.europesays.com\/es\/wp-json\/wp\/v2\/comments?post=271715"}],"version-history":[{"count":0,"href":"https:\/\/www.europesays.com\/es\/wp-json\/wp\/v2\/posts\/271715\/revisions"}],"wp:featuredmedia":[{"embeddable":true,"href":"https:\/\/www.europesays.com\/es\/wp-json\/wp\/v2\/media\/271716"}],"wp:attachment":[{"href":"https:\/\/www.europesays.com\/es\/wp-json\/wp\/v2\/media?parent=271715"}],"wp:term":[{"taxonomy":"category","embeddable":true,"href":"https:\/\/www.europesays.com\/es\/wp-json\/wp\/v2\/categories?post=271715"},{"taxonomy":"post_tag","embeddable":true,"href":"https:\/\/www.europesays.com\/es\/wp-json\/wp\/v2\/tags?post=271715"}],"curies":[{"name":"wp","href":"https:\/\/api.w.org\/{rel}","templated":true}]}}