{"id":271720,"date":"2025-12-05T01:19:09","date_gmt":"2025-12-05T01:19:09","guid":{"rendered":"https:\/\/www.europesays.com\/es\/271720\/"},"modified":"2025-12-05T01:19:09","modified_gmt":"2025-12-05T01:19:09","slug":"el-actor-liam-cunningham-firma-el-tuit-del-dia-al-reaccionar-a-la-polemica-de-eurovision-e-israel","status":"publish","type":"post","link":"https:\/\/www.europesays.com\/es\/271720\/","title":{"rendered":"El actor Liam Cunningham firma el tuit del d\u00eda al reaccionar a la pol\u00e9mica de Eurovisi\u00f3n e Israel"},"content":{"rendered":"<p>El actor irland\u00e9s<b> Liam Cunningham<\/b>, reconocido por su papel de Davod Seaworth en la popular\u00edsima serie de HBO, Juego de Tronos, ganador dos premios IFTA y un BAFTA, ha firmado uno de los tuits del d\u00eda sobre <a href=\"https:\/\/www.huffingtonpost.es\/virales\/desde-escocia-lanzan-idea-sobre-deberia-espana-retirada-eurovision-apoyo-masivo.html\" rel=\"nofollow noopener\" target=\"_blank\">la reciente pol\u00e9mica de Eurovisi\u00f3n e Israel.<\/a><\/p>\n<p>La Uni\u00f3n Europea de Radiodifusi\u00f3n, tras celebrar la 95\u00aa Asamblea General, <b>ha decidido no expulsar a Israel de <a href=\"https:\/\/www.huffingtonpost.es\/virales\/juan-diego-botto-lanza-mensaje-mas-potente-ocurrido-espana-eurovision.html\" rel=\"nofollow noopener\" target=\"_blank\">Eurovisi\u00f3n<\/a><\/b>, certamen que organiza, a pesar del conflicto en Palestina, donde ha causado m\u00e1s de 60.000 muertos, entre ellos miles de ni\u00f1os. Esto ha provocado un aut\u00e9ntico terremoto en el mundo eurovisivo y uno de los primeros en reaccionar ha sido el presidente de RTVE, Jos\u00e9 Pablo L\u00f3pez, que anunciaba <a href=\"https:\/\/www.huffingtonpost.es\/virales\/alfred-garcia-representa-palabra-lio-espana-eurovision.html\" rel=\"nofollow noopener\" target=\"_blank\">la retirada de Espa\u00f1a del concurso.<\/a><\/p>\n<p>Ni siquiera la televisi\u00f3n p\u00fablica retransmitir\u00e1 las semifinales ni la final. Adem\u00e1s, otros pa\u00edses como Eslovenia, Pa\u00edses Bajos e Irlanda han hecho oficial su salida del concurso.<\/p>\n<p>La pol\u00e9mica ha llegado a las redes sociales y <b>hasta el propio Cunningham ha alzado la voz<\/b>, pues es reconocido por su activismo en la defensa de los derechos humanos y ha sido uno de los altavoces m\u00e1s participativos en la protesta contra el \u00abgenocidio\u00bb en la Franja de Gaza por parte de Israel.<\/p>\n<p>\u00abSi tienes problemas con pa\u00edses que se retiran&#8230;\u00bb<\/p>\n<p>El actor ha publicado un tuit en su perfil oficial de X (@liamcunningham1) que ha acumulado m\u00e1s de 50.000 visualizaciones y m\u00e1s de 6.000 &#8216;me gusta&#8217; en apenas una hora.<\/p>\n<p>\u00abSi tienes problemas con pa\u00edses que se retiran de un concurso musical porque uno de ellos est\u00e1 cometiendo genocidio y desmembrando ni\u00f1os a diario, <b>tienes que analizarte bien<\/b>\u00ab, ha escrito Cunningham.<\/p>\n<p>El &#8216;s\u00ed&#8217; de Eurovisi\u00f3n a Israel y el &#8216;no&#8217; de Espa\u00f1a a Eurovisi\u00f3n<\/p>\n<p>Han sido muchas las reacciones a la retirada de Espa\u00f1a del certamen, como el actor Juan Diego Botto, el presentador de televisi\u00f3n Jordi Cruz, o la corresponsal de TVE, Almudena Ariza, aplaudiendo la decisi\u00f3n y criticando a la UER por incluir al pa\u00eds hebreo.<\/p>\n<p>En X la palabra Eurovisi\u00f3n se ha vuelto tendencia y en Espa\u00f1a son ya m\u00e1s de 142.000 tuits respecto a la pol\u00e9mica.<\/p>\n","protected":false},"excerpt":{"rendered":"El actor irland\u00e9s Liam Cunningham, reconocido por su papel de Davod Seaworth en la popular\u00edsima serie de HBO,&hellip;\n","protected":false},"author":2,"featured_media":271721,"comment_status":"","ping_status":"","sticky":false,"template":"","format":"standard","meta":{"footnotes":""},"categories":[174],"tags":[255,146,147,25,24,24121,256,74,185,23],"class_list":{"0":"post-271720","1":"post","2":"type-post","3":"status-publish","4":"format-standard","5":"has-post-thumbnail","7":"category-famosos","8":"tag-celebrities","9":"tag-entertainment","10":"tag-entretenimiento","11":"tag-es","12":"tag-espana","13":"tag-eurovision","14":"tag-famosos","15":"tag-israel","16":"tag-musica","17":"tag-spain"},"share_on_mastodon":{"url":"https:\/\/pubeurope.com\/@es\/115664333316933384","error":""},"_links":{"self":[{"href":"https:\/\/www.europesays.com\/es\/wp-json\/wp\/v2\/posts\/271720","targetHints":{"allow":["GET"]}}],"collection":[{"href":"https:\/\/www.europesays.com\/es\/wp-json\/wp\/v2\/posts"}],"about":[{"href":"https:\/\/www.europesays.com\/es\/wp-json\/wp\/v2\/types\/post"}],"author":[{"embeddable":true,"href":"https:\/\/www.europesays.com\/es\/wp-json\/wp\/v2\/users\/2"}],"replies":[{"embeddable":true,"href":"https:\/\/www.europesays.com\/es\/wp-json\/wp\/v2\/comments?post=271720"}],"version-history":[{"count":0,"href":"https:\/\/www.europesays.com\/es\/wp-json\/wp\/v2\/posts\/271720\/revisions"}],"wp:featuredmedia":[{"embeddable":true,"href":"https:\/\/www.europesays.com\/es\/wp-json\/wp\/v2\/media\/271721"}],"wp:attachment":[{"href":"https:\/\/www.europesays.com\/es\/wp-json\/wp\/v2\/media?parent=271720"}],"wp:term":[{"taxonomy":"category","embeddable":true,"href":"https:\/\/www.europesays.com\/es\/wp-json\/wp\/v2\/categories?post=271720"},{"taxonomy":"post_tag","embeddable":true,"href":"https:\/\/www.europesays.com\/es\/wp-json\/wp\/v2\/tags?post=271720"}],"curies":[{"name":"wp","href":"https:\/\/api.w.org\/{rel}","templated":true}]}}