{"id":271724,"date":"2025-12-05T01:23:13","date_gmt":"2025-12-05T01:23:13","guid":{"rendered":"https:\/\/www.europesays.com\/es\/271724\/"},"modified":"2025-12-05T01:23:13","modified_gmt":"2025-12-05T01:23:13","slug":"odio-a-la-gente-que-me-gasta-bromas","status":"publish","type":"post","link":"https:\/\/www.europesays.com\/es\/271724\/","title":{"rendered":"\u00bbOdio a la gente que me gasta bromas\u00bb"},"content":{"rendered":"<p data-gtm-element-container=\"modulo-texto-link\" class=\"paragraph\"><a href=\"https:\/\/www.lavanguardia.com\/television\/20251204\/11334054\/desplante-soltero-cita-llegar-first-dates-pensaba-parte-decorado-mmn.html\" target=\"_blank\" rel=\"nofollow noopener\">First Dates<\/a> nunca deja de sorprender. En la noche del jueves, el espacio televisivo de citas m\u00e1s famoso de la televisi\u00f3n se transform\u00f3 en un lugar mucho m\u00e1s acogedor de lo habitual para celebrar su especial &#8216;Pijama Party&#8217;. Una de las protagonistas de la entrega fue Estefan\u00eda (25), una artista y animadora de Madrid que se defini\u00f3 como una chica muy abierta y simp\u00e1tica.\u00a0<\/p>\n<p data-gtm-element-container=\"modulo-texto-link\" class=\"paragraph\">\u00bbMi sue\u00f1o ahora mismo es ser acr\u00f3bata. Quiero convertirme en un cuerpo el\u00e1stico\u00bb, confes\u00f3. El amor segu\u00eda siendo su gran asignatura pendiente porque, seg\u00fan ella, los chicos \u00bbsolo quieren cama y adi\u00f3s\u00bb. \u00bbBusco una persona limpia, educada y buena. Vengo con la mente abierta, pero ni tatuajes, ni fumar, ni percings \u00bb, pidi\u00f3 al equipo.\u00a0<\/p>\n<p>                <img loading=\"lazy\" decoding=\"async\" data-full-src=\"https:\/\/www.lavanguardia.com\/uploads\/2025\/12\/04\/6931fe8ab9522.png\" alt=\"Estefan\u00eda en 'First Dates'\" width=\"449\" height=\"242\" src=\"https:\/\/www.europesays.com\/es\/wp-content\/uploads\/2025\/12\/6931fe8ab9522.png\" class=\"lazy\"\/><\/p>\n<p class=\"caption-title \">Estefan\u00eda en &#8216;First Dates&#8217;<\/p>\n<p>                    Mediaset<\/p>\n<p data-gtm-element-container=\"modulo-texto-link\" class=\"paragraph\">Su cita fue Pablo (26), un estudiante de Lugo que demostr\u00f3 a su llegada que era incapaz de vivir sin su peculiar sentido del humor. \u00bb\u00bfTocas el ukelele?\u00bb, quiso saber Sobera. \u00bbNo, lo traigo porque mi madre me dijo que Madrid es peligroso y si voy con un bate es menos discreto\u00bb, replic\u00f3, dejando al presentador sin palabras. \u00bbMe expreso a trav\u00e9s del humor\u00bb, a\u00f1adi\u00f3.\u00a0<\/p>\n<p>        Lee tambi\u00e9n<\/p>\n<p>    Nerea Parraga Frutos<\/p>\n<p>             <img loading=\"lazy\" decoding=\"async\" data-full-src=\"https:\/\/www.lavanguardia.com\/uploads\/2025\/12\/03\/6930ab17c7eac.png\" alt=\"Alfonso y Maite en 'First Dates'\" width=\"104\" height=\"108\" src=\"https:\/\/www.europesays.com\/es\/wp-content\/uploads\/2025\/12\/1764897792_873_6930ab17c7eac.png\" class=\"lazy\"\/><\/p>\n<p data-gtm-element-container=\"modulo-texto-link\" class=\"paragraph\">Antes de conocer a su cita, Pablo confes\u00f3 que la m\u00fasica tambi\u00e9n formaba parte de su vida. \u00bb\u00bfY por qu\u00e9 no tocas el ukelele?\u00bb, pregunt\u00f3 Carlos Sobera. \u00bbS\u00ed que lo toco, y la guitarra y el piano\u00bb, confes\u00f3 \u00e9l, dejando claro que solo estaba tomando el pelo al presentador. \u00bbOdio a la gente que me gasta bromas\u00bb, espet\u00f3. La primera impresi\u00f3n entre ambos fue muy positiva. \u00bbEs un pr\u00edncipe: guapo, alto, pelo rubio, ojos claros. Parece un gal\u00e1n de telenovela\u00bb, confes\u00f3 ella.\u00a0<\/p>\n<p>                <img loading=\"lazy\" decoding=\"async\" data-full-src=\"https:\/\/www.lavanguardia.com\/uploads\/2025\/12\/04\/693200a47d746.png\" alt=\"Pablo y Estefan\u00eda en 'First Dates'\" width=\"449\" height=\"242\" src=\"https:\/\/www.europesays.com\/es\/wp-content\/uploads\/2025\/12\/693200a47d746.png\" class=\"lazy\"\/><\/p>\n<p class=\"caption-title \">Pablo y Estefan\u00eda en &#8216;First Dates&#8217;<\/p>\n<p>                    Mediaset<\/p>\n<p data-gtm-element-container=\"modulo-texto-link\" class=\"paragraph\">La velada comenz\u00f3 con ambos poni\u00e9ndose al d\u00eda sobre sus vidas. \u00bbCanto y bailo danza del vientre\u00bb, cont\u00f3 la soltera. Acto seguido, Estefan\u00eda quiso saber si Pablo ten\u00eda inter\u00e9s en el famoso mundo del esoterismo. \u00bbMi madre es vidente y tarotista. Desde hace dos a\u00f1os, me ense\u00f1a a interpretar las cartas\u00bb, explic\u00f3.\u00a0<\/p>\n<p data-gtm-element-container=\"modulo-texto-link\" class=\"paragraph\">Por si fuera poco, la madrile\u00f1a dej\u00f3 sin palabras al gallego al confesar que tambi\u00e9n hab\u00eda podido experimentar un viaje astral. \u00bbYo tengo un poder incre\u00edble. Llegu\u00e9 a la casa de mi abuela y vi a mi vecina fallecida en mi habitaci\u00f3n, fue como un ser de luz\u00bb, confes\u00f3. \u00bb\u00a1Qu\u00e9 curioso! En beneficio del turismo, viaje astral\u00bb, coment\u00f3 el soltero en tono c\u00f3mico.\u00a0<\/p>\n<p>                <img loading=\"lazy\" decoding=\"async\" data-full-src=\"https:\/\/www.lavanguardia.com\/uploads\/2025\/12\/04\/693203bbbd9e7.png\" alt=\"Estefan\u00eda y Pablo en 'First Dates'\" width=\"449\" height=\"245\" src=\"https:\/\/www.europesays.com\/es\/wp-content\/uploads\/2025\/12\/693203bbbd9e7.png\" class=\"lazy\"\/><\/p>\n<p class=\"caption-title \">Estefan\u00eda y Pablo en &#8216;First Dates&#8217;<\/p>\n<p>                    Mediaset<\/p>\n<p data-gtm-element-container=\"modulo-texto-link\" class=\"paragraph\">Momentos despu\u00e9s, el gallego revel\u00f3 que era su primera cita. \u00bbNunca tuve pareja\u00bb, asegur\u00f3. \u00bb\u00bfC\u00f3mo es posible eso?\u00bb, exclam\u00f3 la soltera. Lo que Estefan\u00eda no sab\u00eda es que Pablo s\u00ed hab\u00eda tenido pareja en realidad. \u00bbNo se lo he dicho porque soy t\u00edmido\u00bb, confes\u00f3 ante el equipo.\u00a0<\/p>\n<p data-gtm-element-container=\"modulo-texto-link\" class=\"paragraph\">En la recta final, Estefan\u00eda impresion\u00f3 al soltero con una sensual danza del vientre. \u00bbCuando lo bailo, siento que mi cuerpo hace una danza terap\u00e9utica\u00bb, aclar\u00f3. Por su parte, Pablo puso el broche de oro a la cita tocando el ukelele. Finalmente, ambos aceptaron una segunda cita.\u00a0<\/p>\n","protected":false},"excerpt":{"rendered":"First Dates nunca deja de sorprender. En la noche del jueves, el espacio televisivo de citas m\u00e1s famoso&hellip;\n","protected":false},"author":2,"featured_media":271725,"comment_status":"","ping_status":"","sticky":false,"template":"","format":"standard","meta":{"footnotes":""},"categories":[171],"tags":[146,147,25,24,23,214],"class_list":{"0":"post-271724","1":"post","2":"type-post","3":"status-publish","4":"format-standard","5":"has-post-thumbnail","7":"category-tv","8":"tag-entertainment","9":"tag-entretenimiento","10":"tag-es","11":"tag-espana","12":"tag-spain","13":"tag-tv"},"share_on_mastodon":{"url":"https:\/\/pubeurope.com\/@es\/115664349238543281","error":""},"_links":{"self":[{"href":"https:\/\/www.europesays.com\/es\/wp-json\/wp\/v2\/posts\/271724","targetHints":{"allow":["GET"]}}],"collection":[{"href":"https:\/\/www.europesays.com\/es\/wp-json\/wp\/v2\/posts"}],"about":[{"href":"https:\/\/www.europesays.com\/es\/wp-json\/wp\/v2\/types\/post"}],"author":[{"embeddable":true,"href":"https:\/\/www.europesays.com\/es\/wp-json\/wp\/v2\/users\/2"}],"replies":[{"embeddable":true,"href":"https:\/\/www.europesays.com\/es\/wp-json\/wp\/v2\/comments?post=271724"}],"version-history":[{"count":0,"href":"https:\/\/www.europesays.com\/es\/wp-json\/wp\/v2\/posts\/271724\/revisions"}],"wp:featuredmedia":[{"embeddable":true,"href":"https:\/\/www.europesays.com\/es\/wp-json\/wp\/v2\/media\/271725"}],"wp:attachment":[{"href":"https:\/\/www.europesays.com\/es\/wp-json\/wp\/v2\/media?parent=271724"}],"wp:term":[{"taxonomy":"category","embeddable":true,"href":"https:\/\/www.europesays.com\/es\/wp-json\/wp\/v2\/categories?post=271724"},{"taxonomy":"post_tag","embeddable":true,"href":"https:\/\/www.europesays.com\/es\/wp-json\/wp\/v2\/tags?post=271724"}],"curies":[{"name":"wp","href":"https:\/\/api.w.org\/{rel}","templated":true}]}}