{"id":271726,"date":"2025-12-05T01:25:08","date_gmt":"2025-12-05T01:25:08","guid":{"rendered":"https:\/\/www.europesays.com\/es\/271726\/"},"modified":"2025-12-05T01:25:08","modified_gmt":"2025-12-05T01:25:08","slug":"la-fundacion-disenso-presentara-en-oslo-un-documental-sobre-maria-corina-machado","status":"publish","type":"post","link":"https:\/\/www.europesays.com\/es\/271726\/","title":{"rendered":"La Fundaci\u00f3n Disenso presentar\u00e1 en Oslo un documental sobre Mar\u00eda Corina Machado"},"content":{"rendered":"<p><img src=\"data:image\/png;base64,iVBORw0KGgoAAAANSUhEUgAABLAAAAMgAQAAAAAbm6avAAAAAnRSTlMAAHaTzTgAAACMSURBVHja7cExAQAAAMKg9U9tB2+gAAAAAAAAAAAAAAAAAAAAAAAAAAAAAAAAAAAAAAAAAAAAAAAAAAAAAAAAAAAAAAAAAAAAAAAAAAAAAAAAAAAAAAAAAAAAAAAAAAAAAAAAAAAAAAAAAAAAAAAAAAAAAAAAAAAAAAAAAAAAAAAAAAAAAAAAAAAAPgPX7wABGnGBnwAAAABJRU5ErkJggg==\" alt=\"la-lider-de-la-oposicion-venezolana-maria-corina-machado\" data-src=\"https:\/\/www.europesays.com\/es\/wp-content\/uploads\/2025\/12\/la-lider-de-la-oposicion-venezolana-maria-corina-machado.jpeg\" decoding=\"async\" class=\"lazyload\" data-eio-rwidth=\"1200\" data-eio-rheight=\"800\"\/><\/p>\n<p>La Fundaci\u00f3n Disenso estrenar\u00e1 en Oslo el documental \u201cMar\u00eda Corina, la conquista de la libertad\u201d. Esta presentaci\u00f3n es la primera actividad en la agenda de actividades que acompa\u00f1ar\u00e1n los disidentes venezolanos en la capital noruega en el marco de la entrega del<strong> Premio Nobel de la Paz a la l\u00edder venezolana Mar\u00eda Corina Machado.<\/strong> La presentaci\u00f3n tendr\u00e1 lugar el pr\u00f3ximo 9 de diciembre, a las 18 horas, en el Auditorio House of Oslo (Rusel\u00f8kkveien 34).<\/p>\n<p>El acto ser\u00e1 presidido por el director de la Fundaci\u00f3n Disenso y eurodiputado de VOX, <strong>Jorge Mart\u00edn Fr\u00edas<\/strong>, y el eurodiputado y vicepresidente del grupo Patriotas Hermann Tertsch. Como parte de su agenda en Oslo, ambos acompa\u00f1ar\u00e1n a los venezolanos en la entrega del Premio N\u00f3bel de La Paz a Mar\u00eda Corina Machado.<\/p>\n<p>Los eurodiputados estar\u00e1n acompa\u00f1ados de las principales voces de la disidencia venezolana en el extranjero y protagonistas del documental: <strong>Magall\u00ed Meda, Claudia Macero, Orlando Avenda\u00f1o y Alejandro Pe\u00f1a Esclusa. El presidente de VOX, de Patriots for Europe<\/strong> y de la Fundaci\u00f3n Disenso, Santiago Abascal, tambi\u00e9n participa como voz destacada en el documental.<\/p>\n<p>El documental se transmitir\u00e1 en simult\u00e1neo desde Oslo el 9 de diciembre a trav\u00e9s del canal de YouTube de la Fundaci\u00f3n Disenso.<\/p>\n<p>El cortometraje destaca la trayectoria de Machado como referente moral y pol\u00edtico de la lucha democr\u00e1tica venezolana. Adem\u00e1s, relata sus or\u00edgenes, su carrera pol\u00edtica y las razones por las que la l\u00edder se ha consolidado como el referente principal de mayor proyecci\u00f3n y legitimidad internacional.<\/p>\n<p>\u201cMar\u00eda Corina, la conquista de la libertad\u201d es un rodaje original de la Fundaci\u00f3n Disenso cuya producci\u00f3n se ha desarrollado en locaciones en<strong> B\u00e9lgica, Francia, Espa\u00f1a, Italia, Panam\u00e1 y Estados Unidos.<\/strong><\/p>\n<p>Jorge Mart\u00edn Fr\u00edas se\u00f1al\u00f3 que \u201cdesde su fundaci\u00f3n, tanto VOX como la Fundaci\u00f3n Disenso han sido aliados y compa\u00f1eros de Mar\u00eda Corina Machado en su lucha por<strong> la defensa de la democracia en Venezuela\u201d. <\/strong><\/p>\n<p><strong>El eurodiputado a\u00f1adi\u00f3 que \u201cel compromiso por la libertad de Mar\u00eda Corina es verdaderamente global.<\/strong> Su denuncia contra los ataques a la Libertad en Venezuela, en Am\u00e9rica y en Europa en foros como el festival VIVA de VOX o la conferencia de Patriots for Europe en Madrid, es clara y contundente y manifiesta su inquebrantable compromiso con los valores que compartimos y defendemos\u201d.<\/p>\n<p>Las entradas al evento son gratuitas y se pueden conseguir en la web institucional de la Fundaci\u00f3n Disenso: www.fundaciondisenso.org.<\/p>\n","protected":false},"excerpt":{"rendered":"La Fundaci\u00f3n Disenso estrenar\u00e1 en Oslo el documental \u201cMar\u00eda Corina, la conquista de la libertad\u201d. Esta presentaci\u00f3n es&hellip;\n","protected":false},"author":2,"featured_media":271727,"comment_status":"","ping_status":"","sticky":false,"template":"","format":"standard","meta":{"footnotes":""},"categories":[169],"tags":[177,146,147,25,24,176,175,3013,952,23,1192],"class_list":{"0":"post-271726","1":"post","2":"type-post","3":"status-publish","4":"format-standard","5":"has-post-thumbnail","7":"category-cine","8":"tag-cine","9":"tag-entertainment","10":"tag-entretenimiento","11":"tag-es","12":"tag-espana","13":"tag-film","14":"tag-movies","15":"tag-mundo","16":"tag-politica","17":"tag-spain","18":"tag-venezuela"},"share_on_mastodon":{"url":"https:\/\/pubeurope.com\/@es\/115664357055340862","error":""},"_links":{"self":[{"href":"https:\/\/www.europesays.com\/es\/wp-json\/wp\/v2\/posts\/271726","targetHints":{"allow":["GET"]}}],"collection":[{"href":"https:\/\/www.europesays.com\/es\/wp-json\/wp\/v2\/posts"}],"about":[{"href":"https:\/\/www.europesays.com\/es\/wp-json\/wp\/v2\/types\/post"}],"author":[{"embeddable":true,"href":"https:\/\/www.europesays.com\/es\/wp-json\/wp\/v2\/users\/2"}],"replies":[{"embeddable":true,"href":"https:\/\/www.europesays.com\/es\/wp-json\/wp\/v2\/comments?post=271726"}],"version-history":[{"count":0,"href":"https:\/\/www.europesays.com\/es\/wp-json\/wp\/v2\/posts\/271726\/revisions"}],"wp:featuredmedia":[{"embeddable":true,"href":"https:\/\/www.europesays.com\/es\/wp-json\/wp\/v2\/media\/271727"}],"wp:attachment":[{"href":"https:\/\/www.europesays.com\/es\/wp-json\/wp\/v2\/media?parent=271726"}],"wp:term":[{"taxonomy":"category","embeddable":true,"href":"https:\/\/www.europesays.com\/es\/wp-json\/wp\/v2\/categories?post=271726"},{"taxonomy":"post_tag","embeddable":true,"href":"https:\/\/www.europesays.com\/es\/wp-json\/wp\/v2\/tags?post=271726"}],"curies":[{"name":"wp","href":"https:\/\/api.w.org\/{rel}","templated":true}]}}