{"id":271736,"date":"2025-12-05T01:31:17","date_gmt":"2025-12-05T01:31:17","guid":{"rendered":"https:\/\/www.europesays.com\/es\/271736\/"},"modified":"2025-12-05T01:31:17","modified_gmt":"2025-12-05T01:31:17","slug":"fuertes-lluvias-inundan-localidades-griegas-y-cierran-las-escuelas-de-atenas-en-grecia","status":"publish","type":"post","link":"https:\/\/www.europesays.com\/es\/271736\/","title":{"rendered":"Fuertes lluvias inundan localidades griegas y cierran las escuelas de Atenas en Grecia"},"content":{"rendered":"<p class=\"c-paragraph\">Un temporal de fuertes lluvias, acompa\u00f1ado en ciertas regiones de Grecia con fuertes vientos y rel\u00e1mpagos, ha provocado<b> inundaciones y da\u00f1os en infraestructuras<\/b>, al tiempo que las autoridades han ordenado el cierre de todas las escuelas de la regi\u00f3n capitalina de \u00c1tica, Atenas.\u00a0<\/p>\n<p class=\"c-paragraph\">\u00abProtecci\u00f3n Civil ha puesto a \u00c1tica en<b> alerta roja <\/b>(el nivel de riesgo mayor en la escala griega) ante la llegada de este temporal\u00bb, se\u00f1al\u00f3 el gobernador de la regi\u00f3n capitalina, Nikos Jardali\u00e1s, citado por el portal News247. El gobernador a\u00f1adi\u00f3 que, seg\u00fan los expertos a los que ha consultado, lo peor todav\u00eda no ha llegado, ya que durante las pr\u00f3ximas horas y a lo largo de toda la noche se espera que la lluvia se intensifique.\u00a0<\/p>\n<p class=\"c-paragraph\">El temporal ya est\u00e1 causando problemas en Atenas, donde la Polic\u00eda ha tenido que<b> cortar el tr\u00e1fico en varias calles secundarias y en un largo tramo de una de las avenidas m\u00e1s importantes de la capital<\/b>, que se han convertido en r\u00edos. Los bomberos han recibido llamadas para rescatar a cuatro personas que se encontraban atrapadas en sus coches en la zona de Aspropirgos, a las afueras de Atenas.\u00a0<\/p>\n<p class=\"c-paragraph\">Mientras, Protecci\u00f3n Civil ha enviado un mensaje de alerta a todos los residentes de \u00c1tica inst\u00e1ndoles a <b>\u00abevitar desplazamientos innecesarios\u00bb y \u00abtener cuidado con los espacios subterr\u00e1neos\u00bb<\/b>. El metro funcionaba con normalidad hasta las primeras horas de esta noche, pero los expertos han alertado de la posibilidad de que la capital reciba hasta 90 litros de agua por metro cuadrado hasta el mediod\u00eda del viernes. De hecho, en ciertas regiones de \u00c1tica occidental ya se han registrado cantidades de agua que rondan los 70 litros por metro cuadrado, inform\u00f3 el Observatorio Nacional de Atenas.\u00a0<\/p>\n<p>Graves incidentes en el sur, con localidades anegadas<\/p>\n<p class=\"c-paragraph\">No obstante, es en el sur de la pen\u00ednsula del Peloponeso donde se han registrado los problemas m\u00e1s graves, ya que varias localidades se han visto totalmente anegadas. En la regi\u00f3n de Laconia<b>, agentes de un equipo especial de bomberos rescataron en el \u00faltimo minuto a tres personas que se encontraban atrapadas en un coche<\/b> que estaba inundado y a punto de ser arrastrado por la corriente.\u00a0<\/p>\n<p class=\"c-paragraph\">Otras cuatro personas fueron rescatadas con balsas inflables de su hogar en el pueblo de Mavrovuni, en la misma regi\u00f3n, que tambi\u00e9n se ha visto completamente anegado. Protecci\u00f3n Civil ya hab\u00eda enviado una se\u00f1al de alerta a los m\u00f3viles de los residentes de Laconia y de la regi\u00f3n contigua de Misenia inst\u00e1ndoles a \u00abreducir sus desplazamientos a los absolutamente necesarios\u00bb.\u00a0<\/p>\n<p class=\"c-paragraph\">Inundaciones se registran tambi\u00e9n en la regi\u00f3n de Pieria (norte) y en las islas de Zante (oeste) y Creta (sur). El temporal seguir\u00e1 azotando ma\u00f1ana, viernes, casi todo el pa\u00eds -en ciertas regiones incluso con mayor fuerza que hoy- y los expertos no esperan una desescalada del fen\u00f3meno hasta el pr\u00f3ximo s\u00e1bado.<\/p>\n","protected":false},"excerpt":{"rendered":"Un temporal de fuertes lluvias, acompa\u00f1ado en ciertas regiones de Grecia con fuertes vientos y rel\u00e1mpagos, ha provocado&hellip;\n","protected":false},"author":2,"featured_media":271737,"comment_status":"","ping_status":"","sticky":false,"template":"","format":"standard","meta":{"footnotes":""},"categories":[42],"tags":[17,18,13,14,3087,66682,11,61,62,63,64,66681,19,20,6194,18197,9,10,15,16,12,21,22,65,66,67],"class_list":{"0":"post-271736","1":"post","2":"type-post","3":"status-publish","4":"format-standard","5":"has-post-thumbnail","7":"category-internacional","8":"tag-breaking-news","9":"tag-breakingnews","10":"tag-featured-news","11":"tag-featurednews","12":"tag-fuertes","13":"tag-griegas","14":"tag-headlines","15":"tag-internacional","16":"tag-international","17":"tag-international-news","18":"tag-internationalnews","19":"tag-inundan","20":"tag-latest-news","21":"tag-latestnews","22":"tag-lluvias","23":"tag-localidades","24":"tag-news","25":"tag-noticias","26":"tag-noticias-destacadas","27":"tag-noticiasdestacadas","28":"tag-titulares","29":"tag-ultimas-noticias","30":"tag-ultimasnoticias","31":"tag-world","32":"tag-world-news","33":"tag-worldnews"},"share_on_mastodon":{"url":"https:\/\/pubeurope.com\/@es\/115664380431919017","error":""},"_links":{"self":[{"href":"https:\/\/www.europesays.com\/es\/wp-json\/wp\/v2\/posts\/271736","targetHints":{"allow":["GET"]}}],"collection":[{"href":"https:\/\/www.europesays.com\/es\/wp-json\/wp\/v2\/posts"}],"about":[{"href":"https:\/\/www.europesays.com\/es\/wp-json\/wp\/v2\/types\/post"}],"author":[{"embeddable":true,"href":"https:\/\/www.europesays.com\/es\/wp-json\/wp\/v2\/users\/2"}],"replies":[{"embeddable":true,"href":"https:\/\/www.europesays.com\/es\/wp-json\/wp\/v2\/comments?post=271736"}],"version-history":[{"count":0,"href":"https:\/\/www.europesays.com\/es\/wp-json\/wp\/v2\/posts\/271736\/revisions"}],"wp:featuredmedia":[{"embeddable":true,"href":"https:\/\/www.europesays.com\/es\/wp-json\/wp\/v2\/media\/271737"}],"wp:attachment":[{"href":"https:\/\/www.europesays.com\/es\/wp-json\/wp\/v2\/media?parent=271736"}],"wp:term":[{"taxonomy":"category","embeddable":true,"href":"https:\/\/www.europesays.com\/es\/wp-json\/wp\/v2\/categories?post=271736"},{"taxonomy":"post_tag","embeddable":true,"href":"https:\/\/www.europesays.com\/es\/wp-json\/wp\/v2\/tags?post=271736"}],"curies":[{"name":"wp","href":"https:\/\/api.w.org\/{rel}","templated":true}]}}