{"id":271738,"date":"2025-12-05T01:33:08","date_gmt":"2025-12-05T01:33:08","guid":{"rendered":"https:\/\/www.europesays.com\/es\/271738\/"},"modified":"2025-12-05T01:33:08","modified_gmt":"2025-12-05T01:33:08","slug":"la-consejeria-de-cultura-suma-un-nuevo-ciclo-sinfonico-en-espacios-patrimoniales-a-las-mas-de-200-actividades-de-la-programacion-de-navidad-noticias","status":"publish","type":"post","link":"https:\/\/www.europesays.com\/es\/271738\/","title":{"rendered":"La Consejer\u00eda de Cultura suma un nuevo ciclo sinf\u00f3nico en espacios patrimoniales a las m\u00e1s de 200 actividades de la programaci\u00f3n de Navidad &#8211; Noticias"},"content":{"rendered":"<p>La Consejer\u00eda de Cultura y Deporte ha programado m\u00e1s de 200 actividades para la Navidad en museos y conjuntos culturales, bibliotecas, archivos, teatros, auditorios y espacios p\u00fablicos de las ocho provincias andaluzas que abarcan desde la m\u00fasica y el patrimonio a la creaci\u00f3n contempor\u00e1nea. Las propuestas, que comienzan el 5 de diciembre y se prolongan hasta el 11 de enero, est\u00e1n especialmente dirigidas a las familias y al p\u00fablico infantil.\u00a0\u00a0 <\/p>\n<p>La consejera Patricia del Pozo ha se\u00f1alado que \u201cla programaci\u00f3n tiene como objetivo preservar, difundir y fortalecer las expresiones culturales de Andaluc\u00eda, acercando al p\u00fablico una oferta que cuenta con la participaci\u00f3n activa del tejido cultural. Con esta iniciativa, reforzamos nuestro compromiso con la promoci\u00f3n del patrimonio material e inmaterial de Andaluc\u00eda y con el impulso a los profesionales y colectivos que mantienen vivas las se\u00f1as de identidad de nuestra tierra\u201d.<\/p>\n<p>Una de las principales novedades de la programaci\u00f3n es el ciclo \u2018M\u00fasica en Adviento\u2019, que presenta una veintena de conciertos sinf\u00f3nicos en iglesias y espacios patrimoniales de toda Andaluc\u00eda a cargo de formaciones como la Orquesta Barroca de Sevilla, la Orquesta Ciudad de Almer\u00eda, Orquesta Cl\u00e1sica de Huelva, Concerto M\u00e1laga, Artefactum J\u00e1caras del Z\u00e9firo y Ensemble Alberti, adem\u00e1s de la Orquesta Joven de Andaluc\u00eda y el Joven Coro de Andaluc\u00eda, entre otras.\u00a0\u00a0 <\/p>\n<p>La nueva oferta musical de la Consejer\u00eda de Cultura y Deporte, que incluye recitales de m\u00fasica barroca y producciones sacras, arranca el s\u00e1bado 6 de diciembre con \u2018El Mes\u00edas\u2019 de Ha\u00ebndel interpretado por la Orquesta Ciudad de Almer\u00eda y el Coro\u00a0 Hyperborea en la Catedral de la Encarnaci\u00f3n de Guadix, en Granada. Este programa tambi\u00e9n estar\u00e1 el domingo 7 en la iglesia de Santo Domingo de Lucena, en C\u00f3rdoba, y el lunes 8, en la Catedral de Ja\u00e9n.\u00a0\u00a0\u00a0\u00a0 <\/p>\n<p>Por su parte, Concerto M\u00e1laga ofrecer\u00e1 \u2018Las siete \u00faltimas palabras de Cristo en la Cruz\u2019 de Joseph Haydn en las iglesias de San Jos\u00e9 de Fuengirola (s\u00e1bado 6) y en la de la Victoria de Archidona (lunes 8), al tiempo que la Orquesta Barroca de Sevilla llevar\u00e1 los d\u00edas 9, 10, 11 y 12 su programa \u2018Tempesta nel cuore\u2019, con arias de \u00f3pera de Ha\u00ebndel, Vivaldi, Jos\u00e9 de Nebra y Riccardo Broschi, al espacio cultural Santa Ana de Carmona, la iglesia San Crist\u00f3bal M\u00e1rtir de Burguillos, la ermita de Nuestra Se\u00f1ora de Bel\u00e9n de Pilas y el auditorio municipal Cazalla de la Sierra, respectivamente.\u00a0 <\/p>\n<p>La agrupaci\u00f3n camer\u00edstica Ensemble Alberti interpretar\u00e1 el s\u00e1bado 13 en la Fundaci\u00f3n Ib\u00e1\u00f1ez Consentino de Olula del R\u00edo (Almer\u00eda) el programa \u2018Primeros fulgores del clasicismo\u2019, con obras de Mozart y Beethoven, mientras que la Orquesta Joven de Andaluc\u00eda, bajo la direcci\u00f3n de Juan P\u00e9rez Florist\u00e1n y con el Tr\u00edo VibrArt, actuar\u00e1 tambi\u00e9n el s\u00e1bado 13 en el Conservatorio Superior de M\u00e1laga y, al d\u00eda siguiente, en la Casa Col\u00f3n de Huelva.\u00a0\u00a0 <\/p>\n<p>\u2018M\u00fasica en Adviento\u2019 continuar\u00e1 los d\u00edas 17 y 18 de diciembre con la visita de Artefactum a dos municipios jiennenses: Santiesteban del Puerto y Arjonilla. A estos conciertos le seguir\u00e1 la Orquesta Cl\u00e1sica de Huelva el s\u00e1bado 20 en la iglesia de Santa Mar\u00eda de la Purificaci\u00f3n, de Manzanilla (Huelva) y, tambi\u00e9n ese d\u00eda, el Cuarteto Granada actuar\u00e1 en la Fundaci\u00f3n Ib\u00e1\u00f1ez Consentino de Olula del R\u00edo (Almer\u00eda) con \u2018Los albores del Romanticismo\u2019, que incluye partituras de Arriaga y Beethoven.\u00a0\u00a0 <\/p>\n<p>Posteriormente, J\u00e1caras del Z\u00e9firo estar\u00e1 el viernes 26 en la iglesia de Alm\u00fa\u00f1ecar (Granada) con el programa \u2018El gozo y la gracia: villancicos al Nacimiento\u2019, mientras que s\u00e1bado 27 la Orquesta Cl\u00e1sica de Huelva estar\u00e1 en la ermita del Roc\u00edo, en Almonte (Huelva). Finalmente, el Joven Coro de Andaluc\u00eda, bajo la direcci\u00f3n de Petra Grassi, interpretar\u00e1 el programa \u2018Sound architectures in choral music of the 20th and 21th century\u2019 en la Gruta de las Maravillas de Aracena (lunes 29) y la F\u00e1brica de Artiller\u00eda de Sevilla (martes 30).\u00a0\u00a0\u00a0\u00a0 <\/p>\n<p>Adem\u00e1s, con motivo de la conmemoraci\u00f3n del 15 aniversario de la declaraci\u00f3n del flamenco como Patrimonio Cultural Inmaterial de la Humanidad y la declaraci\u00f3n como Bien de Inter\u00e9s Cultural de la Zambombas de Arcos y Jerez de la Frontera, esta manifestaci\u00f3n cultural ser\u00e1 uno de los ejes de la programaci\u00f3n de Navidad de la Consejer\u00eda de Cultura y Deporte, con una veintena de propuestas en plazas, auditorios y espacios patrimoniales de las ocho provincias andaluzas. As\u00ed, el ciclo de zambombas reunir\u00e1 m\u00e1s de una veintena de propuestas que recorrer\u00e1n\u00a0 plazas, auditorios y enclaves patrimoniales de las ocho provincias andaluzas con la m\u00fasica popular y villancicos tradicionales. <\/p>\n<p>El p\u00fablico podr\u00e1 disfrutar de espect\u00e1culos tan emblem\u00e1ticos como \u2018Madro\u00f1os al Ni\u00f1o\u2019 en Berja y en Albox (Almer\u00eda), los d\u00edas 7 y 8;\u00a0 \u2018De Andaluc\u00eda a Bel\u00e9n\u2019, en Lucena el 8 y en Palma del R\u00edo\u00a0 el 14 (C\u00f3rdoba) y en Linares (Ja\u00e9n) el 12 de diciembre. \u2018Triana por Pascua\u2019, se podr\u00e1 ver en el Museo de Artes y Costumbres de Sevilla el 11 de diciembre mientras que la Zambomba de Encarni Navarro se presentar\u00e1 en Antequera (M\u00e1laga) el 14.\u2018 Puro C\u00e1diz\u2019 pasar\u00e1 por Paterna de Rivera (C\u00e1diz) el 7 y \u2018Aires de Huelva en Navidad. Zambomba\u2019 pasar\u00e1 por los municipios de El Almendro, Villarrasa y Cortegana (Huelva) entre el 12 y el 14 de diciembre y \u2018Anda jaleo\u2019 se podr\u00e1 ver en Og\u00edjares (Granada), el d\u00eda 13, entre otras propuestas programadas para celebrar la diversidad del flamenco como patrimonio vivo y popular.<\/p>\n<p>La oferta musical la completa el nuevo ciclo \u2018\u00d3rganos de Andaluc\u00eda. M\u00fasica y Patrimonio\u2019, que ofrece conciertos de int\u00e9rpretes de reconocido prestigio en templos hist\u00f3ricos de C\u00f3rdoba, C\u00e1diz y Granada; as\u00ed como dos recitales flamencos a cargo de Aurora Vargas, en La Palma del Condado, y Tomatito, en el Centro de Interpretaci\u00f3n Paco de Luc\u00eda de Algeciras (C\u00e1diz).<\/p>\n<p>Y, como es tradicional, los teatros C\u00e1novas y Alhambra ofrecer\u00e1n espect\u00e1culos familiares en estas fechas en M\u00e1laga y Granada; mientras que en Sevilla tendr\u00e1 lugar el 18 de diciembre la tercera edici\u00f3n de Happening, que mostrar\u00e1 creaciones en el Estadio La Cartuja de los artistas residentes del programa del Instituto Andaluz de Artes Esc\u00e9nicas y la M\u00fasica, entre otras actuaciones. <\/p>\n<p><strong>Actividades en museos y conjuntos<\/strong><\/p>\n<p>Por su parte, los museos, enclaves y conjuntos culturales han dise\u00f1ado una programaci\u00f3n en la que se dan cita m\u00e1s de un centenar de actividades, entre las que se cuentan, creaciones audiovisuales, como el mapping que se podr\u00e1 disfrutar en el Conjunto Monumental Alcazaba de Almer\u00eda; patrimonio cultural, como los t\u00edteres de la T\u00eda Norica en el Museo de C\u00e1diz; visitas did\u00e1cticas, como las que acoge el Sal\u00f3n Rico de Madinat-al Zahra; y espect\u00e1culos de circo, que como \u2018An\u00f3nima\u2019, en el Museo de Bellas Artes de Granada. <\/p>\n<p>Tambi\u00e9n se han preparado zambombas, como la que se podr\u00e1 ver y escuchar en el Museo de Huelva; visitas teatralizadas sobre la vida en las sociedades \u00edberas, en el Museo \u00cdbero de Ja\u00e9n; contemplar la entrada del sol en el Tholos del Romeral, coincidiendo con el solsticio de invierno, en el Conjunto Arqueol\u00f3gico D\u00f3lmenes de Antequera; y disfrutar de villancicos, bu\u00f1uelos y chocolate en el Museo de Artes y Costumbres Populares de Sevilla.<\/p>\n<p>A esta oferta se suman los talleres que durante las vacaciones de Navidad organiza el Museo Picasso de M\u00e1laga, donde los m\u00e1s peque\u00f1os podr\u00e1n iniciarse en el arte y su relaci\u00f3n con la naturaleza. Sin olvidar el ciclo Navidea, con cuarenta actividades en enclaves culturales de Andaluc\u00eda, que incluye actividades como talleres de escritura medieval en San Isidoro del Campo (Sevilla), recreaciones hist\u00f3ricas en el teatro romano de M\u00e1laga, o catas cient\u00edficas de salsas y vinos romanos en Carteia, en San Roque (C\u00e1diz).<\/p>\n<p>A ello hay que a\u00f1adir el amplio abanico de actividades que acogen las bibliotecas p\u00fablicas andaluzas durante estas fechas, donde a su programaci\u00f3n habitual de clubes de lectura y presentaciones de libros, suman, entre otras, talleres, como el de cuentos y reposter\u00eda que ofrece la Francisco Villaespesa de Almer\u00eda, o el de manualidades navide\u00f1as que ofrece la de C\u00e1diz; zambombas y cuentacuentos, como en la de Huelva; un taller de poes\u00eda, en la de M\u00e1laga; y la proyecci\u00f3n de una pel\u00edcula de animaci\u00f3n en la Biblioteca de Andaluc\u00eda, en Granada.<\/p>\n<p>Adem\u00e1s, los archivos gestionados por la Consejer\u00eda de Cultura y Deporte tambi\u00e9n han preparado programaci\u00f3n en Navidad, que incluye visitas guiadas, exposiciones y conferencias. <\/p>\n<p><strong>Bel\u00e9n en el Palacio de Altamira<\/strong><\/p>\n<p>La Consejer\u00eda de Cultura y Deporte celebra, finalmente, la Navidad en su sede del Palacio de Altamira en Sevilla con la instalaci\u00f3n de un bel\u00e9n visitable abierto al p\u00fablico, una actividad que lleva realizando desde hace varios a\u00f1os. En esta ocasi\u00f3n, la creaci\u00f3n corre a cargo de la Asociaci\u00f3n de Belenistas Portuense \u2018\u00c1ngel Mart\u00ednez\u2019. El conjunto cuenta con piezas centrales de treinta cent\u00edmetros realizadas por el conocido artesano Mart\u00ed Castell i Mart\u00ed. El dise\u00f1o y la escenograf\u00eda, dirigidos por Vicente Rodr\u00edguez, recrean un bel\u00e9n de estilo hebreo con una ambientaci\u00f3n urbana que recuerda a cualquier localidad andaluza.<\/p>\n<p>El bel\u00e9n se puede visitar, del 4 al 30 de diciembre, de lunes a viernes, de 10.00 a 14.00 horas; y las tardes de lunes, martes y jueves, de 17.00 a 20.00 horas. Cerrado fin de semana y festivos.<\/p>\n","protected":false},"excerpt":{"rendered":"La Consejer\u00eda de Cultura y Deporte ha programado m\u00e1s de 200 actividades para la Navidad en museos y&hellip;\n","protected":false},"author":2,"featured_media":271739,"comment_status":"","ping_status":"","sticky":false,"template":"","format":"standard","meta":{"footnotes":""},"categories":[5],"tags":[17,18,25,24,13,14,11,19,20,63447,9,10,15,16,23,12,21,22],"class_list":{"0":"post-271738","1":"post","2":"type-post","3":"status-publish","4":"format-standard","5":"has-post-thumbnail","7":"category-titulares","8":"tag-breaking-news","9":"tag-breakingnews","10":"tag-es","11":"tag-espana","12":"tag-featured-news","13":"tag-featurednews","14":"tag-headlines","15":"tag-latest-news","16":"tag-latestnews","17":"tag-museos-y-promocion-del-arte","18":"tag-news","19":"tag-noticias","20":"tag-noticias-destacadas","21":"tag-noticiasdestacadas","22":"tag-spain","23":"tag-titulares","24":"tag-ultimas-noticias","25":"tag-ultimasnoticias"},"share_on_mastodon":{"url":"https:\/\/pubeurope.com\/@es\/115664388289475723","error":""},"_links":{"self":[{"href":"https:\/\/www.europesays.com\/es\/wp-json\/wp\/v2\/posts\/271738","targetHints":{"allow":["GET"]}}],"collection":[{"href":"https:\/\/www.europesays.com\/es\/wp-json\/wp\/v2\/posts"}],"about":[{"href":"https:\/\/www.europesays.com\/es\/wp-json\/wp\/v2\/types\/post"}],"author":[{"embeddable":true,"href":"https:\/\/www.europesays.com\/es\/wp-json\/wp\/v2\/users\/2"}],"replies":[{"embeddable":true,"href":"https:\/\/www.europesays.com\/es\/wp-json\/wp\/v2\/comments?post=271738"}],"version-history":[{"count":0,"href":"https:\/\/www.europesays.com\/es\/wp-json\/wp\/v2\/posts\/271738\/revisions"}],"wp:featuredmedia":[{"embeddable":true,"href":"https:\/\/www.europesays.com\/es\/wp-json\/wp\/v2\/media\/271739"}],"wp:attachment":[{"href":"https:\/\/www.europesays.com\/es\/wp-json\/wp\/v2\/media?parent=271738"}],"wp:term":[{"taxonomy":"category","embeddable":true,"href":"https:\/\/www.europesays.com\/es\/wp-json\/wp\/v2\/categories?post=271738"},{"taxonomy":"post_tag","embeddable":true,"href":"https:\/\/www.europesays.com\/es\/wp-json\/wp\/v2\/tags?post=271738"}],"curies":[{"name":"wp","href":"https:\/\/api.w.org\/{rel}","templated":true}]}}