{"id":271741,"date":"2025-12-05T01:41:09","date_gmt":"2025-12-05T01:41:09","guid":{"rendered":"https:\/\/www.europesays.com\/es\/271741\/"},"modified":"2025-12-05T01:41:09","modified_gmt":"2025-12-05T01:41:09","slug":"brimah-al-coviran-granada-acb-com","status":"publish","type":"post","link":"https:\/\/www.europesays.com\/es\/271741\/","title":{"rendered":"Brimah, al Coviran Granada | ACB.COM"},"content":{"rendered":"<p><strong>Amida Brimah<\/strong> se ha convertido en nuevo jugador del Coviran Granada para lo que resta de temporada. El p\u00edvot, de 31 a\u00f1os y 213 cent\u00edmetros, tiene experiencia previa en la Liga Endesa en las filas del BAXI Manresa y del Valencia Basket y procede del Movistar Estudiantes, club en el que ha disputado un total de 10 encuentros durante la actual campa\u00f1a.<\/p>\n<p>El interior, de origen ghan\u00e9s, particip\u00f3 en 27 partidos del curso 2024\/25, 8 de ellos en las filas del Baxi Manresa y 19 con el Valencia Basket. <strong>Brimah<\/strong> promedi\u00f3 3,9 puntos con un 68,1% de acierto en lanzamientos de 2 puntos, 2,6 rebotes y 1,2 tapones para 6,4 de valoraci\u00f3n.<\/p>\n<p>El nuevo jugador del Coviran Granada aportar\u00e1 actividad defensiva e intimidaci\u00f3n, adem\u00e1s de jugar por encima del aro en ataque.<\/p>\n","protected":false},"excerpt":{"rendered":"Amida Brimah se ha convertido en nuevo jugador del Coviran Granada para lo que resta de temporada. El&hellip;\n","protected":false},"author":2,"featured_media":271742,"comment_status":"","ping_status":"","sticky":false,"template":"","format":"standard","meta":{"footnotes":""},"categories":[269],"tags":[299,298,168,25,24,23,167],"class_list":{"0":"post-271741","1":"post","2":"type-post","3":"status-publish","4":"format-standard","5":"has-post-thumbnail","7":"category-baloncesto","8":"tag-baloncesto","9":"tag-basketball","10":"tag-deportes","11":"tag-es","12":"tag-espana","13":"tag-spain","14":"tag-sports"},"share_on_mastodon":{"url":"https:\/\/pubeurope.com\/@es\/115664420015710935","error":""},"_links":{"self":[{"href":"https:\/\/www.europesays.com\/es\/wp-json\/wp\/v2\/posts\/271741","targetHints":{"allow":["GET"]}}],"collection":[{"href":"https:\/\/www.europesays.com\/es\/wp-json\/wp\/v2\/posts"}],"about":[{"href":"https:\/\/www.europesays.com\/es\/wp-json\/wp\/v2\/types\/post"}],"author":[{"embeddable":true,"href":"https:\/\/www.europesays.com\/es\/wp-json\/wp\/v2\/users\/2"}],"replies":[{"embeddable":true,"href":"https:\/\/www.europesays.com\/es\/wp-json\/wp\/v2\/comments?post=271741"}],"version-history":[{"count":0,"href":"https:\/\/www.europesays.com\/es\/wp-json\/wp\/v2\/posts\/271741\/revisions"}],"wp:featuredmedia":[{"embeddable":true,"href":"https:\/\/www.europesays.com\/es\/wp-json\/wp\/v2\/media\/271742"}],"wp:attachment":[{"href":"https:\/\/www.europesays.com\/es\/wp-json\/wp\/v2\/media?parent=271741"}],"wp:term":[{"taxonomy":"category","embeddable":true,"href":"https:\/\/www.europesays.com\/es\/wp-json\/wp\/v2\/categories?post=271741"},{"taxonomy":"post_tag","embeddable":true,"href":"https:\/\/www.europesays.com\/es\/wp-json\/wp\/v2\/tags?post=271741"}],"curies":[{"name":"wp","href":"https:\/\/api.w.org\/{rel}","templated":true}]}}