{"id":271747,"date":"2025-12-05T01:46:25","date_gmt":"2025-12-05T01:46:25","guid":{"rendered":"https:\/\/www.europesays.com\/es\/271747\/"},"modified":"2025-12-05T01:46:25","modified_gmt":"2025-12-05T01:46:25","slug":"silvia-intxaurrondo-demanda-a-rtve-por-sus-condiciones-laborales-y-los-trabajadores-se-rebelan-contra-las-exigencias-de-la-periodista","status":"publish","type":"post","link":"https:\/\/www.europesays.com\/es\/271747\/","title":{"rendered":"Silvia Intxaurrondo demanda a RTVE por sus condiciones laborales y los trabajadores se rebelan contra las exigencias de la periodista"},"content":{"rendered":"<p><a class=\"v-mdl-ath__fig-a\" href=\"https:\/\/www.lasprovincias.es\/autor\/andoni-torres-493.html\" title=\"Andoni Torres\" rel=\"nofollow noopener\" target=\"_blank\"><br \/>\n<img decoding=\"async\" class=\"v-mdl-ath__img\" src=\"https:\/\/www.europesays.com\/es\/wp-content\/uploads\/2025\/10\/autor-493-foto-2.jpeg\" alt=\"Andoni Torres\"\/><br \/>\n<\/a><\/p>\n<p class=\"v-mdl-ath__p v-mdl-ath__p--6\">\nJueves, 4 de diciembre 2025, 22:38<\/p>\n<p>| Actualizado 23:08h.<\/p>\n<p class=\"v-p\">La periodista <strong>Silvia Intxaurrondo<\/strong> present\u00f3 el pasado mes de octubre una demanda contra RTVE en desacuerdo con las nuevas condiciones laborales impuestas por la radio televisi\u00f3n p\u00fablica. Los hechos origen de la demanda se remontan al a\u00f1o 2023, cuando &#8216;La Hora de La 1&#8217; pas\u00f3 a ser producci\u00f3n propia de RTVE. Intxaurrondo continu\u00f3 en el programa como profesional externa a trav\u00e9s de su empresa, Sukun Comunicaci\u00f3n S.L., <a href=\"https:\/\/www.lasprovincias.es\/culturas\/tv\/desvelado-sueldo-silvia-intxaurrondo-rtve-20240324014016-nt.html\" target=\"_blank\" title=\"www.lasprovincias.es\" data-voc-vtm-id=\"in-text-traffic\" data-mrf-link=\"www.lasprovincias.es\" rel=\"nofollow noopener\">percibiendo hasta 269.000 euros anuales<\/a>, seg\u00fan datos publicados por RTVE y el Portal de Transparencia.<\/p>\n<p class=\"v-p\">Ese mismo a\u00f1o, seg\u00fan informa el diario &#8216;ABC&#8217;, una inspecci\u00f3n de Trabajo abri\u00f3 una investigaci\u00f3n por posible irregularidad en el contrato mercantil de Intxaurrondo y determin\u00f3 que la periodista deb\u00eda estar dada de alta como trabajadora de RTVE.<\/p>\n<p class=\"v-p\">El ente p\u00fablico tuvo entonces que ofrecer a Intxaurrondo un nuevo contrato como \u00abpersonal no fijo\u00bb, con un salario acorde al convenio (unos 45.000 euros anuales m\u00e1s pluses), muy inferior al anterior. Adem\u00e1s del dinero, la periodista perdi\u00f3 la autonom\u00eda total en el contenido del programa.<\/p>\n<p class=\"v-p\">En desacuerdo con su nuevo sueldo y condiciones laborales, Silvia Intxaurrondo demand\u00f3 a RTVE, reclamando mantener su nivel retributivo anterior y lograr mayor estabilidad laboral.<\/p>\n<p>Protesta del sindicato USO<\/p>\n<p class=\"v-p\">La situaci\u00f3n ha provocado la protesta del sindicato USO, que ha emitido un comunicado para hacer p\u00fablica la posici\u00f3n de los trabajadores a los que representa.<\/p>\n<p class=\"v-p\">Seg\u00fan el comunicado del sindicato \u00abla demanda presentada por Silvia Intxaurrondo, en la que reclama percibir m\u00e1s de 250.000 euros anuales dentro de una relaci\u00f3n laboral sujeta al III Convenio Colectivo, supone un cuestionamiento directo del marco legal y de las condiciones que rigen para toda la plantilla fija de RTVE\u00bb.<\/p>\n<p class=\"v-p\">USO argumenta que \u00abmientras los trabajadores de la Corporaci\u00f3n cumplen estrictamente un convenio aprobado, auditado y controlado por la normativa del sector p\u00fablico, se pretende imponer un salario absolutamente alejado de cualquier escala retributiva existente y que ning\u00fan profesional de RTVE puede percibir por la misma funci\u00f3n. Este intento de trasladar importes propios de contratos mercantiles irregulares al \u00e1mbito laboral ordinario es un agravio \u00e9tico y un desprecio hacia quienes sostienen esta casa con su trabajo diario\u00bb, insiste el sindicato.<\/p>\n<p class=\"v-p\">\u00abLa Inspecci\u00f3n -explica USO- ya se\u00f1al\u00f3 la existencia de una relaci\u00f3n laboral encubierta. La regularizaci\u00f3n obliga a aplicar la ley y el convenio, no a blindar privilegios ni a perpetuar cifras que ning\u00fan trabajador de esta Corporaci\u00f3n tiene derecho a cobrar. RTVE no puede vulnerar su marco jur\u00eddico ni abrir la puerta a excepciones que pisotean la igualdad de trato\u00bb.<\/p>\n<p class=\"v-p\">USO advierte de que \u00abno aceptar\u00e1 que RTVE sea presionada para romper la coherencia salarial del sector p\u00fablico o para reconocer condiciones imposibles de justificar ante los propios trabajadores\u00bb.<\/p>\n<p class=\"v-p\">Para finalizar, el sindicato insiste en que recordar\u00e1 siempre que \u00aben RTVE no caben atajos ni tratamientos de favor que pongan por encima de todos a quien nunca estuvo sometida a las reglas que s\u00ed obligan a quienes sostienen esta Corporaci\u00f3n con su trabajo y su compromiso\u00bb.<\/p>\n<p>Reporta un error<\/p>\n","protected":false},"excerpt":{"rendered":"Jueves, 4 de diciembre 2025, 22:38 | Actualizado 23:08h. La periodista Silvia Intxaurrondo present\u00f3 el pasado mes de&hellip;\n","protected":false},"author":2,"featured_media":271748,"comment_status":"","ping_status":"","sticky":false,"template":"","format":"standard","meta":{"footnotes":""},"categories":[171],"tags":[14795,6386,146,147,25,24,55048,39327,52465,26775,518,15615,23,4479,214],"class_list":{"0":"post-271747","1":"post","2":"type-post","3":"status-publish","4":"format-standard","5":"has-post-thumbnail","7":"category-tv","8":"tag-condiciones","9":"tag-demanda","10":"tag-entertainment","11":"tag-entretenimiento","12":"tag-es","13":"tag-espana","14":"tag-exigencias","15":"tag-intxaurrondo","16":"tag-laborales","17":"tag-rebelan","18":"tag-rtve","19":"tag-silvia","20":"tag-spain","21":"tag-trabajadores","22":"tag-tv"},"share_on_mastodon":{"url":"https:\/\/pubeurope.com\/@es\/115664439920451954","error":""},"_links":{"self":[{"href":"https:\/\/www.europesays.com\/es\/wp-json\/wp\/v2\/posts\/271747","targetHints":{"allow":["GET"]}}],"collection":[{"href":"https:\/\/www.europesays.com\/es\/wp-json\/wp\/v2\/posts"}],"about":[{"href":"https:\/\/www.europesays.com\/es\/wp-json\/wp\/v2\/types\/post"}],"author":[{"embeddable":true,"href":"https:\/\/www.europesays.com\/es\/wp-json\/wp\/v2\/users\/2"}],"replies":[{"embeddable":true,"href":"https:\/\/www.europesays.com\/es\/wp-json\/wp\/v2\/comments?post=271747"}],"version-history":[{"count":0,"href":"https:\/\/www.europesays.com\/es\/wp-json\/wp\/v2\/posts\/271747\/revisions"}],"wp:featuredmedia":[{"embeddable":true,"href":"https:\/\/www.europesays.com\/es\/wp-json\/wp\/v2\/media\/271748"}],"wp:attachment":[{"href":"https:\/\/www.europesays.com\/es\/wp-json\/wp\/v2\/media?parent=271747"}],"wp:term":[{"taxonomy":"category","embeddable":true,"href":"https:\/\/www.europesays.com\/es\/wp-json\/wp\/v2\/categories?post=271747"},{"taxonomy":"post_tag","embeddable":true,"href":"https:\/\/www.europesays.com\/es\/wp-json\/wp\/v2\/tags?post=271747"}],"curies":[{"name":"wp","href":"https:\/\/api.w.org\/{rel}","templated":true}]}}