{"id":271755,"date":"2025-12-05T01:53:15","date_gmt":"2025-12-05T01:53:15","guid":{"rendered":"https:\/\/www.europesays.com\/es\/271755\/"},"modified":"2025-12-05T01:53:15","modified_gmt":"2025-12-05T01:53:15","slug":"el-psoe-pide-a-mark-zuckerberg-que-comparezca-ante-el-congreso","status":"publish","type":"post","link":"https:\/\/www.europesays.com\/es\/271755\/","title":{"rendered":"El PSOE pide a Mark Zuckerberg que comparezca ante el Congreso"},"content":{"rendered":"<p style=\"\">El PSOE ha registrado una solicitud para la comparecencia en el Congreso de los Diputados del fundador y director ejecutivo de Meta, <strong>Mark Zuckerberg<\/strong>; del jefe de operaciones (COO) de la compa\u00f1\u00eda, <a href=\"https:\/\/www.abc.es\/tecnologia\/redes\/abci-javier-olivan-espana-lidera-muchas-herramientas-facebook-como-stories-instagram-o-whatsapp-201811160332_noticia.html\" target=\"_self\" data-voc-vtm-id=\"in-text-traffic\" title=\"Javier Oliv\u00e1n\" data-mrf-link=\"www.abc.es\" rel=\"nofollow noopener\">Javier Oliv\u00e1n<\/a>; y el director de Asuntos P\u00fablicos de la tecnol\u00f3gica  &#8230; en Espa\u00f1a y Portugal, <strong>Jos\u00e9 Luis Zimmermann<\/strong>. La petici\u00f3n busca que los responsables de la empresa, propietaria de Facebook, Instagram y WhatsApp, respondan sobre \u00abla posible violaci\u00f3n masiva de la privacidad de millones de usuarios\u00bb. Adem\u00e1s, los socialistas solicitan tambi\u00e9n la comparecencia de expertos. <\/p>\n<p class=\"voc-p\" style=\"\">La petici\u00f3n llega dos semanas despu\u00e9s de que el presidente del Gobierno, Pedro S\u00e1nchez <a href=\"https:\/\/www.abc.es\/sociedad\/pedro-sanchez-hara-comparecer-meta-congreso-presunto-20251119115940-nt.html\" target=\"_self\" data-voc-vtm-id=\"in-text-traffic\" title=\"anunciase\" data-mrf-link=\"www.abc.es\" rel=\"nofollow noopener\">anunciase<\/a> en un foro su intenci\u00f3n de llamar a comparecer en el Congreso de los Diputados a los responsables de la empresa. La raz\u00f3n: un estudio, publicado el pasado verano por varios centros de investigaci\u00f3n europeos, en el que se acusaba a la empresa de usar sus redes sociales para rastrear sin permiso la navegaci\u00f3n de los usuarios en dispositivos Android, incluso cuando estos est\u00e1n usando tecnolog\u00eda para ocultar su rastro digital .<\/p>\n<p class=\"voc-p\" style=\"\">En ese momento, el dirigente anunci\u00f3 la apertura de una investigaci\u00f3n para \u00abesclarecer lo ocurrido, garantizar responsabilidades y proteger los derechos fundamentales que puedan haber sido vulnerados\u00ab. \u00bbEl Gobierno lo tiene claro: en Espa\u00f1a, la ley est\u00e1 por encima de cualquier algoritmo o gran tecnol\u00f3gica. Y quien vulnere nuestros derechos, pagar\u00e1 las consecuencias\u00ab, afirm\u00f3 S\u00e1nchez.<\/p>\n<p class=\"voc-p\" style=\"\">En el comunicado, el PSOE advierte de que el supuesto \u00abespionaje silencioso sin ning\u00fan tipo de consentimiento expl\u00edcito\u00bb de la navegaci\u00f3n de los usuarios por parte de la firma de Zuckerberg \u00absupondr\u00eda una violaci\u00f3n de m\u00faltiples normativas europeas\u00bb, como el Reglamento General de Protecci\u00f3n de Datos, la Directiva ePrivacy, la Ley de Mercados Digitales y la Ley de Servicios Digitales. Adem\u00e1s, destaca que la empresa ya se enfrenta a demandas colectivas en Alemania, Estados Unidos y Canad\u00e1 por hechos similares. <\/p>\n<p class=\"voc-p\" style=\"\">ABC se ha puesto en contacto con Meta para consultar si Zuckerberg, y el resto de ejecutivos, tienen intenci\u00f3n de acudir al Congreso. La tecnol\u00f3gica no ha compartido informaci\u00f3n al respecto, aunque se ha reafirmado en su intenci\u00f3n de \u00abcolaborar de forma constructiva con las autoridades en este asunto\u00bb y ha recordado que sus aplicaciones cuentan con \u00abuna variedad de herramientas para ayudar a las personas a controlar c\u00f3mo se utilizan sus datos\u00bb.<\/p>\n","protected":false},"excerpt":{"rendered":"El PSOE ha registrado una solicitud para la comparecencia en el Congreso de los Diputados del fundador y&hellip;\n","protected":false},"author":2,"featured_media":271756,"comment_status":"","ping_status":"","sticky":false,"template":"","format":"standard","meta":{"footnotes":""},"categories":[80],"tags":[82,10156,11866,1564,1563,95,94,25,24,21665,138,1699,2269,8327,23,37528],"class_list":{"0":"post-271755","1":"post","2":"type-post","3":"status-publish","4":"format-standard","5":"has-post-thumbnail","7":"category-economia","8":"tag-business","9":"tag-comparecencia","10":"tag-congreso","11":"tag-directivos","12":"tag-dos","13":"tag-economia","14":"tag-economy","15":"tag-es","16":"tag-espana","17":"tag-mark","18":"tag-meta","19":"tag-psoe","20":"tag-registra","21":"tag-solicitud","22":"tag-spain","23":"tag-zuckerberg"},"share_on_mastodon":{"url":"https:\/\/pubeurope.com\/@es\/115664467030363000","error":""},"_links":{"self":[{"href":"https:\/\/www.europesays.com\/es\/wp-json\/wp\/v2\/posts\/271755","targetHints":{"allow":["GET"]}}],"collection":[{"href":"https:\/\/www.europesays.com\/es\/wp-json\/wp\/v2\/posts"}],"about":[{"href":"https:\/\/www.europesays.com\/es\/wp-json\/wp\/v2\/types\/post"}],"author":[{"embeddable":true,"href":"https:\/\/www.europesays.com\/es\/wp-json\/wp\/v2\/users\/2"}],"replies":[{"embeddable":true,"href":"https:\/\/www.europesays.com\/es\/wp-json\/wp\/v2\/comments?post=271755"}],"version-history":[{"count":0,"href":"https:\/\/www.europesays.com\/es\/wp-json\/wp\/v2\/posts\/271755\/revisions"}],"wp:featuredmedia":[{"embeddable":true,"href":"https:\/\/www.europesays.com\/es\/wp-json\/wp\/v2\/media\/271756"}],"wp:attachment":[{"href":"https:\/\/www.europesays.com\/es\/wp-json\/wp\/v2\/media?parent=271755"}],"wp:term":[{"taxonomy":"category","embeddable":true,"href":"https:\/\/www.europesays.com\/es\/wp-json\/wp\/v2\/categories?post=271755"},{"taxonomy":"post_tag","embeddable":true,"href":"https:\/\/www.europesays.com\/es\/wp-json\/wp\/v2\/tags?post=271755"}],"curies":[{"name":"wp","href":"https:\/\/api.w.org\/{rel}","templated":true}]}}