{"id":271757,"date":"2025-12-05T01:54:07","date_gmt":"2025-12-05T01:54:07","guid":{"rendered":"https:\/\/www.europesays.com\/es\/271757\/"},"modified":"2025-12-05T01:54:07","modified_gmt":"2025-12-05T01:54:07","slug":"guerra-ucrania-rusia-hoy-ultima-hora-en-directo-7","status":"publish","type":"post","link":"https:\/\/www.europesays.com\/es\/271757\/","title":{"rendered":"Guerra Ucrania \u2013 Rusia hoy: \u00faltima hora en directo"},"content":{"rendered":"<p><strong>Ucrania quiere una \u00abpaz real, no un apaciguamiento\u00bb con Rusia<\/strong>, declar\u00f3 el jueves su ministro de Asuntos Exteriores en la Organizaci\u00f3n para la Seguridad y la Cooperaci\u00f3n en Europa (OSCE), el organismo de seguridad y derechos humanos que busca un papel en la Ucrania de posguerra.<\/p>\n<p>\u00a0<\/p>\n<p>El camino a seguir para las conversaciones de paz no est\u00e1 claro actualmente, declar\u00f3 el mi\u00e9rcoles el presidente estadounidense, Donald Trump, tras lo que calific\u00f3 de conversaciones \u00abrazonablemente buenas\u00bb entre el presidente ruso, Vladimir Putin, y los enviados estadounidenses.<\/p>\n<p>\u00a0<\/p>\n<p>\u00abA\u00fan recordamos los nombres de quienes traicionaron a las generaciones futuras en M\u00fanich. Esto no deber\u00eda repetirse jam\u00e1s. Los principios deben ser intocables, y necesitamos una paz real, no un apaciguamiento\u00bb, declar\u00f3 el ministro de Asuntos Exteriores ucraniano, Andrii Sybiha, en el Consejo Ministerial anual de la OSCE.<\/p>\n<p>\u00a0<\/p>\n<p>Se refer\u00eda a un acuerdo de 1938 con la Alemania nazi, en el que Gran Breta\u00f1a, Francia e Italia acordaron la anexi\u00f3n de los Sudetes, en lo que entonces era Checoslovaquia, por parte de Hitler. El acuerdo se usa ampliamente como una forma abreviada de no enfrentarse a una potencia amenazante. \u00abEuropa ha firmado demasiados acuerdos de paz injustos en el pasado.<\/p>\n<p>\u00a0<\/p>\n<p>Todos ellos solo han provocado nuevas cat\u00e1strofes\u00bb, declar\u00f3 Sybiha, agradeciendo a Estados Unidos por impulsar los esfuerzos de paz y prometiendo que Ucrania \u00abaprovechar\u00eda cualquier oportunidad para intentar poner fin a esta guerra\u00bb.<\/p>\n","protected":false},"excerpt":{"rendered":"Ucrania quiere una \u00abpaz real, no un apaciguamiento\u00bb con Rusia, declar\u00f3 el jueves su ministro de Asuntos Exteriores&hellip;\n","protected":false},"author":2,"featured_media":271758,"comment_status":"","ping_status":"","sticky":false,"template":"","format":"standard","meta":{"footnotes":""},"categories":[42],"tags":[17,18,13,14,11,61,62,63,64,19,20,9,10,15,16,12,21,22,65,66,67],"class_list":{"0":"post-271757","1":"post","2":"type-post","3":"status-publish","4":"format-standard","5":"has-post-thumbnail","7":"category-internacional","8":"tag-breaking-news","9":"tag-breakingnews","10":"tag-featured-news","11":"tag-featurednews","12":"tag-headlines","13":"tag-internacional","14":"tag-international","15":"tag-international-news","16":"tag-internationalnews","17":"tag-latest-news","18":"tag-latestnews","19":"tag-news","20":"tag-noticias","21":"tag-noticias-destacadas","22":"tag-noticiasdestacadas","23":"tag-titulares","24":"tag-ultimas-noticias","25":"tag-ultimasnoticias","26":"tag-world","27":"tag-world-news","28":"tag-worldnews"},"share_on_mastodon":{"url":"https:\/\/pubeurope.com\/@es\/115664470840268033","error":""},"_links":{"self":[{"href":"https:\/\/www.europesays.com\/es\/wp-json\/wp\/v2\/posts\/271757","targetHints":{"allow":["GET"]}}],"collection":[{"href":"https:\/\/www.europesays.com\/es\/wp-json\/wp\/v2\/posts"}],"about":[{"href":"https:\/\/www.europesays.com\/es\/wp-json\/wp\/v2\/types\/post"}],"author":[{"embeddable":true,"href":"https:\/\/www.europesays.com\/es\/wp-json\/wp\/v2\/users\/2"}],"replies":[{"embeddable":true,"href":"https:\/\/www.europesays.com\/es\/wp-json\/wp\/v2\/comments?post=271757"}],"version-history":[{"count":0,"href":"https:\/\/www.europesays.com\/es\/wp-json\/wp\/v2\/posts\/271757\/revisions"}],"wp:featuredmedia":[{"embeddable":true,"href":"https:\/\/www.europesays.com\/es\/wp-json\/wp\/v2\/media\/271758"}],"wp:attachment":[{"href":"https:\/\/www.europesays.com\/es\/wp-json\/wp\/v2\/media?parent=271757"}],"wp:term":[{"taxonomy":"category","embeddable":true,"href":"https:\/\/www.europesays.com\/es\/wp-json\/wp\/v2\/categories?post=271757"},{"taxonomy":"post_tag","embeddable":true,"href":"https:\/\/www.europesays.com\/es\/wp-json\/wp\/v2\/tags?post=271757"}],"curies":[{"name":"wp","href":"https:\/\/api.w.org\/{rel}","templated":true}]}}