{"id":271762,"date":"2025-12-05T02:04:10","date_gmt":"2025-12-05T02:04:10","guid":{"rendered":"https:\/\/www.europesays.com\/es\/271762\/"},"modified":"2025-12-05T02:04:10","modified_gmt":"2025-12-05T02:04:10","slug":"record-de-la-euroliga-para-el-monaco","status":"publish","type":"post","link":"https:\/\/www.europesays.com\/es\/271762\/","title":{"rendered":"R\u00e9cord de la Euroliga para el M\u00f3naco"},"content":{"rendered":"<p class=\"\">El <b>Par\u00eds<\/b> soport\u00f3 este jueves la derrota con mayor puntaje en contra en la historia de la Euroliga a cuarenta minutos. Los franceses juegan a un ritmo fren\u00e9tico, mayor incluso que en los tiempos de Iisalo y Splitter, y en algunas ocasiones el descontrol del ritmo del partido en absoluto. Es una tendencia que se ejemplific\u00f3 con rotundidad en la Salle Gaston M\u00e9decin, donde salieron escaldados ante otro de los equipos que compite tanto en Euroliga como en la liga nacional gala. <\/p>\n<p class=\"\">Hablamos del rendimiento colectivo m\u00e1s alto, en t\u00e9rminos de la puntuaci\u00f3n, de siempre en la Euroliga a un s\u00f3lo partido. Evidentemente hay una excepci\u00f3n, el <a href=\"https:\/\/as.com\/baloncesto\/euroliga\/memorable-victoria-tras-cuatro-prorrogas-y-40-puntos-de-musa-n\/\" target=\"_self\" rel=\"nofollow noopener\" title=\"https:\/\/as.com\/baloncesto\/euroliga\/memorable-victoria-tras-cuatro-prorrogas-y-40-puntos-de-musa-n\/\">Madrid-Efes<\/a> de enero de 2024: 130 marc\u00f3 el Madrid, 126 para el Efes. Cuatro pr\u00f3rrogas ayudaron a definir aquel resultado. <b>Sin la ayuda de tiempos extra la del M\u00f3naco de Spanoulis es la aportaci\u00f3n coral m\u00e1s grande de este torneo a lo largo de 25 a\u00f1os. 125-104<\/b>. Los del Principado batieron por dos puntos las marcas anteriores a este respecto, las del Panathinaikos en la 2007\/08 y el Maccabi en la 2004\/05 antes de que los israel\u00edes se proclamaran campeones; ambas, 123.<\/p>\n<p class=\"\">El <b>M\u00f3naco<\/b> no perdi\u00f3 ninguno de los cuatro periodos, empatando el \u00faltimo y ganando los otros tres, dej\u00e1ndose llevar por un juego vibrante desde los primeros compases del encuentro. Supieron surfear la ola del Par\u00eds, bien alta y bien brava, y hacerla suya. El segundo acto, que ganaron por seis tantos, es el \u00fanico en el que no alcanzaron la treinta. Con esta exhibici\u00f3n el M\u00f3naco se acerca a las posiciones de honor de la clasificaci\u00f3n, sumando nueve triunfos en catorce citas.<\/p>\n<p class=\"\"><a href=\"https:\/\/as.com\/baloncesto\/euroliga\/mirotic-firma-su-primer-gran-partido-con-el-monaco-n\/\" target=\"_self\" rel=\"nofollow noopener\" title=\"https:\/\/as.com\/baloncesto\/euroliga\/mirotic-firma-su-primer-gran-partido-con-el-monaco-n\/\"><b>RELACIONADO | El primer gran partido de Mirotic en M\u00f3naco<\/b><\/a> <\/p>\n<p class=\"\"><b>Los dos jugadores de referencia del equipo, el permanente Mike James y el llegado Nikola Mirotic, estuvieron m\u00e1s que correctos<\/b>. 16 puntos para el estadounidense, 14 si nos centramos en el hispanomontenegrino. El foco estuvo en dos de los exteriores con los que cuenta La Roca Team. Por un lado, Matthew Strazel logr\u00f3 seis de ocho en triples para 22 puntos y adem\u00e1s sum\u00f3 siete pases de canasta. Por el otro, el mejor de la noche: \u00c9lie Okobo y 26 tantos, 8 asistencias, 4 rebotes y 3 robos para un total de 39 cr\u00e9ditos de valoraci\u00f3n. El M\u00f3naco ven\u00eda de hacer historia la semana pasada, ganando por 32 de diferencia a un Efes que termin\u00f3 despidiendo a Kokoskov, y unos d\u00edas despu\u00e9s se las ve con otro r\u00e9cord bajo el brazo. <b>Este mismo jueves, adem\u00e1s, han anunciado una nueva incorporaci\u00f3n, Cory Joseph, que a\u00fan no puede ser inscrito por la sanci\u00f3n administrativa que pesa sobre el club<\/b>.<\/p>\n<p>Noticias relacionadas<\/p>\n<p class=\"\">Nuestra\u00a0<a href=\"https:\/\/asfan.as.com\/newsletters\/\" rel=\"nofollow noopener\" target=\"_blank\">Newsletter<\/a>\u00a0y alerta informativa en canal de\u00a0<a href=\"https:\/\/www.whatsapp.com\/channel\/0029VaAasdA7j6g745nz9M10\" rel=\"nofollow noopener\" target=\"_blank\">WhatsApp<\/a>.<\/p>\n<p class=\"\">\u00bfBuscas licenciar contenido?\u00a0<a href=\"https:\/\/profesional.elpais.com\/landing-sindicacion?utm_medium=interno&amp;utm_source=crosslinking&amp;utm_campaign=sindicacion_as_pie_articulos\" rel=\"nofollow noopener\" target=\"_blank\">Haz clic aqu\u00ed<\/a>\u00a0para la informaci\u00f3n.<\/p>\n","protected":false},"excerpt":{"rendered":"El Par\u00eds soport\u00f3 este jueves la derrota con mayor puntaje en contra en la historia de la Euroliga&hellip;\n","protected":false},"author":2,"featured_media":271763,"comment_status":"","ping_status":"","sticky":false,"template":"","format":"standard","meta":{"footnotes":""},"categories":[269],"tags":[299,298,168,25,24,23,167],"class_list":{"0":"post-271762","1":"post","2":"type-post","3":"status-publish","4":"format-standard","5":"has-post-thumbnail","7":"category-baloncesto","8":"tag-baloncesto","9":"tag-basketball","10":"tag-deportes","11":"tag-es","12":"tag-espana","13":"tag-spain","14":"tag-sports"},"share_on_mastodon":{"url":"https:\/\/pubeurope.com\/@es\/115664510303218262","error":""},"_links":{"self":[{"href":"https:\/\/www.europesays.com\/es\/wp-json\/wp\/v2\/posts\/271762","targetHints":{"allow":["GET"]}}],"collection":[{"href":"https:\/\/www.europesays.com\/es\/wp-json\/wp\/v2\/posts"}],"about":[{"href":"https:\/\/www.europesays.com\/es\/wp-json\/wp\/v2\/types\/post"}],"author":[{"embeddable":true,"href":"https:\/\/www.europesays.com\/es\/wp-json\/wp\/v2\/users\/2"}],"replies":[{"embeddable":true,"href":"https:\/\/www.europesays.com\/es\/wp-json\/wp\/v2\/comments?post=271762"}],"version-history":[{"count":0,"href":"https:\/\/www.europesays.com\/es\/wp-json\/wp\/v2\/posts\/271762\/revisions"}],"wp:featuredmedia":[{"embeddable":true,"href":"https:\/\/www.europesays.com\/es\/wp-json\/wp\/v2\/media\/271763"}],"wp:attachment":[{"href":"https:\/\/www.europesays.com\/es\/wp-json\/wp\/v2\/media?parent=271762"}],"wp:term":[{"taxonomy":"category","embeddable":true,"href":"https:\/\/www.europesays.com\/es\/wp-json\/wp\/v2\/categories?post=271762"},{"taxonomy":"post_tag","embeddable":true,"href":"https:\/\/www.europesays.com\/es\/wp-json\/wp\/v2\/tags?post=271762"}],"curies":[{"name":"wp","href":"https:\/\/api.w.org\/{rel}","templated":true}]}}