{"id":271766,"date":"2025-12-05T02:06:09","date_gmt":"2025-12-05T02:06:09","guid":{"rendered":"https:\/\/www.europesays.com\/es\/271766\/"},"modified":"2025-12-05T02:06:09","modified_gmt":"2025-12-05T02:06:09","slug":"ha-sido-un-mes-deplorable-no-tenia-ganas-de-nada","status":"publish","type":"post","link":"https:\/\/www.europesays.com\/es\/271766\/","title":{"rendered":"Ha sido un mes deplorable, no ten\u00eda ganas de nada"},"content":{"rendered":"<p class=\"c-paragraph\"><a href=\"https:\/\/www.20minutos.es\/tags\/temas\/la-revuelta.html\" title=\"La Revuelta\" rel=\"nofollow noopener\" target=\"_blank\">La Revuelta<\/a> ha contado este jueves con<b> la visita de <a href=\"https:\/\/www.20minutos.es\/tags\/personas\/dani-rovira-actor.html\" title=\"Dani Rovira\" rel=\"nofollow noopener\" target=\"_blank\">Dani Rovira<\/a><\/b>. El actor y c\u00f3mico ha visitado el programa de <a href=\"https:\/\/www.20minutos.es\/tags\/personas\/broncano.html\" title=\"David Broncano\" rel=\"nofollow noopener\" target=\"_blank\">David Broncano<\/a> para presentar su nuevo proyecto, Playa de Lobos, pel\u00edcula que est\u00e1 dirigida por Javier Veiga y que protagoniza con Guillermo Francella, ambos <a href=\"https:\/\/www.20minutos.es\/television\/guillermo-francella-cuenta-hormiguero-accidente-coche-que-tuvo-fuerteventura-parecia-preparado_6905217_0.html\" title=\"Guillermo Francella cuenta en &#039;El Hormiguero&#039; el accidente de coche que tuvo en Fuerteventura: &quot;Parec\u00eda preparado&quot;\" rel=\"nofollow noopener\" target=\"_blank\">invitados del pasado lunes en El Hormiguero.<\/a><\/p>\n<p class=\"c-paragraph\">Nada m\u00e1s entrar al escenario, el int\u00e9rprete se justific\u00f3 por llegar tarde:<b> \u00abSe me hab\u00edan olvidado los regalos en casa y he tenido que volver\u00bb.<\/b> Tras ello, le entreg\u00f3 a cada miembro del programa un ejemplar de Cine con m\u00e1s cosas, el libro de Arturo Fern\u00e1ndez Campos. Por su parte, el presentador obsequi\u00f3 a su invitado con una fregona con un palo de 40 cent\u00edmetros.<\/p>\n<p class=\"c-paragraph\">Despu\u00e9s de la entrevista al uso, donde Rovira habl\u00f3 sobre el largometraje y asegur\u00f3 que est\u00e1 muy contento con el resultado y con haber trabajado con Guillermo Francella, Broncano pas\u00f3 a hacerle las preguntas cl\u00e1sicas, recordando la respuesta que dio a la del sexo la \u00faltima vez que estuvo: <b>\u00abContaste la que a d\u00eda de hoy es la paja m\u00e1s triste de la historia\u00bb.<\/b><\/p>\n<p class=\"c-paragraph\">\u00ab\u00bfHas tenido otra igual o la has superado?\u00bb, quiso saber el jiennese. \u00abNo tan triste\u00bb, le respondi\u00f3 el malague\u00f1o en una primera instancia. \u00abCreo que es la primera vez y no me tiro el moco, que la suma de los \u00faltimos 30 d\u00edas es -1 [&#8230;] <b>Ha sido un mes sexualmente tan deplorable. No ten\u00eda ganas de nada.<\/b>\u00a0Pero como yo s\u00e9 que fisiol\u00f3gicamente necesitamos de vez en cuando&#8230; me quise hacer un apa\u00f1o\u00bb, prosigui\u00f3 con su respuesta.<\/p>\n<p class=\"c-paragraph\">\u00abPero puramente sin ganas, a cara de perro\u00bb, inst\u00f3 Broncano, a lo que Rovira le respondi\u00f3 de manera afirmativa: \u00ab<b>A cara de perro, nunca mejor dicho<\/b>, que lo tengo ah\u00ed que siempre se me est\u00e1 mirando\u00bb. \u00ab\u00bfLe dejas que se quede mirando?\u00bb, le pregunt\u00f3 el presentador sobre su mascota. \u00abSi, miramos pero no juzgamos, yo se lo dije el primer dia\u00bb, brome\u00f3 el c\u00f3mico.\u00a0<\/p>\n<p class=\"c-paragraph\">A continuaci\u00f3n, el humorista ofreci\u00f3 m\u00e1s detalles sobre su respuesta: \u00abEs este mes, en diferentes d\u00edas, inici\u00e9 un par de maniobras. Y en mitad, bueno, ni en mitad, dije &#8216;bah&#8217;&#8230;\u00bb. \u00ab\u00bfPaja cancelada?\u00bb, se sorprendi\u00f3 Broncano. <b>\u00abS\u00ed, traigo la del c\u00e1ncer y la del cancell\u00bb, <\/b>apunt\u00f3 Rovira, ya que la anterior fue cuando pas\u00f3 por el proceso de quimioterapia.\u00a0<\/p>\n<p class=\"c-paragraph\">\u00abMe ha hecho gracia, es triste realmente\u00bb, expres\u00f3 Broncano al respecto y a su vez le ofreci\u00f3 un abrazo de consolaci\u00f3n. \u00ab\u00bfSe atisba un diciembre m\u00e1s prometedor?\u00bb, fue la \u00faltima pregunta que le hizo sobre el tema, pero este no supo qu\u00e9 responder. \u00abQuiz\u00e1 ya 2026\u00bb, matiz\u00f3 el conductor del programa. \u00abS\u00ed, yo esperar\u00eda ya a despu\u00e9s de Navidad\u00bb, aleg\u00f3 Rovira.<b> \u00abA Reyes, un regalo a ti mismo. Los pajes\u00bb, <\/b>concluy\u00f3 el comunicador entre risas para finalizar la conversaci\u00f3n.<\/p>\n","protected":false},"excerpt":{"rendered":"La Revuelta ha contado este jueves con la visita de Dani Rovira. El actor y c\u00f3mico ha visitado&hellip;\n","protected":false},"author":2,"featured_media":271767,"comment_status":"","ping_status":"","sticky":false,"template":"","format":"standard","meta":{"footnotes":""},"categories":[174],"tags":[255,57350,9029,146,147,25,24,256,6870,29956,518,23],"class_list":{"0":"post-271766","1":"post","2":"type-post","3":"status-publish","4":"format-standard","5":"has-post-thumbnail","7":"category-famosos","8":"tag-celebrities","9":"tag-dani-rovira","10":"tag-david-broncano","11":"tag-entertainment","12":"tag-entretenimiento","13":"tag-es","14":"tag-espana","15":"tag-famosos","16":"tag-la-1","17":"tag-la-revuelta","18":"tag-rtve","19":"tag-spain"},"share_on_mastodon":{"url":"https:\/\/pubeurope.com\/@es\/115664518121885011","error":""},"_links":{"self":[{"href":"https:\/\/www.europesays.com\/es\/wp-json\/wp\/v2\/posts\/271766","targetHints":{"allow":["GET"]}}],"collection":[{"href":"https:\/\/www.europesays.com\/es\/wp-json\/wp\/v2\/posts"}],"about":[{"href":"https:\/\/www.europesays.com\/es\/wp-json\/wp\/v2\/types\/post"}],"author":[{"embeddable":true,"href":"https:\/\/www.europesays.com\/es\/wp-json\/wp\/v2\/users\/2"}],"replies":[{"embeddable":true,"href":"https:\/\/www.europesays.com\/es\/wp-json\/wp\/v2\/comments?post=271766"}],"version-history":[{"count":0,"href":"https:\/\/www.europesays.com\/es\/wp-json\/wp\/v2\/posts\/271766\/revisions"}],"wp:featuredmedia":[{"embeddable":true,"href":"https:\/\/www.europesays.com\/es\/wp-json\/wp\/v2\/media\/271767"}],"wp:attachment":[{"href":"https:\/\/www.europesays.com\/es\/wp-json\/wp\/v2\/media?parent=271766"}],"wp:term":[{"taxonomy":"category","embeddable":true,"href":"https:\/\/www.europesays.com\/es\/wp-json\/wp\/v2\/categories?post=271766"},{"taxonomy":"post_tag","embeddable":true,"href":"https:\/\/www.europesays.com\/es\/wp-json\/wp\/v2\/tags?post=271766"}],"curies":[{"name":"wp","href":"https:\/\/api.w.org\/{rel}","templated":true}]}}