{"id":271768,"date":"2025-12-05T02:09:17","date_gmt":"2025-12-05T02:09:17","guid":{"rendered":"https:\/\/www.europesays.com\/es\/271768\/"},"modified":"2025-12-05T02:09:17","modified_gmt":"2025-12-05T02:09:17","slug":"la-navidad-se-ilumina-en-sol","status":"publish","type":"post","link":"https:\/\/www.europesays.com\/es\/271768\/","title":{"rendered":"La Navidad se ilumina en Sol"},"content":{"rendered":"<p class=\"mce\">La <strong class=\"mce\">Comunidad de Madrid<\/strong> ha inaugurado este jueves en la Real Casa de Postas <strong class=\"mce\">El Canal de la Navidad<\/strong>, una experiencia inmersiva y sensorial para tratar de concienciar al visitante sobre la importancia del agua, junto al tradicional <strong class=\"mce\">Bosque de los Deseos<\/strong> que por primera vez se ubica en la <strong class=\"mce\">Plaza de Pontejos<\/strong>.<\/p>\n<p class=\"mce\">Las dos actividades son gratuitas y forman parte de la programaci\u00f3n para estas fechas navide\u00f1as dirigida a toda la familia.  La presidenta del Ejecutivo auton\u00f3mico, <strong class=\"mce\">Isabel D\u00edaz Ayuso<\/strong>, ha inaugurado los dos actos de la Navidad en Sol \u00abcon luz y alegr\u00eda\u00bb.<\/p>\n<p class=\"mce\">Como novedad este a\u00f1o, han incorporado <strong class=\"mce\">El Canal de la Navidad<\/strong>, una experiencia inmersiva organizada por Canal de Isabel II para concienciar sobre el correcto uso del agua en estas fechas.  La jefa del Ejecutivo auton\u00f3mico ha destacado este \u00abviaje lleno de secretos y sorpresas\u00bb que sirve para conmemorar que Canal de Isabel II desde hace 175 a\u00f1os \u00abhace que el agua de Madrid sea una de las mejores del mundo y de los mayores tesoros de todos los madrile\u00f1os\u00bb.<\/p>\n<p>                <a href=\"https:\/\/www.telemadrid.es\/programas\/madrid-directo\/El-Bosque-de-los-Deseos-ya-ha-llegado-para-que-podamos-llenar-sus-ramas-con-nuestras-aspiraciones-2-2840435996--20251204081523.html\" class=\"lnk\" target=\"_blank\" rel=\"nofollow noopener\">El \u2018Bosque de los Deseos\u2019 ya ha llegado para que podamos llenar sus ramas con nuestras aspiraciones<\/a><\/p>\n<p class=\"mce\">Al entrar a la Real Casa de Postas, los visitantes se encontrar\u00e1n con unos gu\u00edas muy especiales que los acompa\u00f1ar\u00e1n durante un <strong class=\"mce\">recorrido sensorial por los diferentes espacios tem\u00e1ticos<\/strong> que representan sus tres estados, s\u00f3lido, l\u00edquido y gaseoso.<\/p>\n<p class=\"mce\">Esta actividad estar\u00e1 abierta al p\u00fablico hasta el 5 de enero <strong class=\"mce\">de 10 a 22 horas<\/strong>, salvo los d\u00edas 24 y 31 de diciembre y 5 de enero, que ser\u00e1 hasta las 16 horas.<\/p>\n<p class=\"mce\">Asimismo, los festivos 25 de diciembre y 1 y 6 de enero permanecer\u00e1 cerrada.<\/p>\n<p>                    EL BOSQUE DE \u00abLOS BUENOS\u00bb DESEOS                    <\/p>\n<p class=\"mce\">Ayuso ha recorrido tambi\u00e9n el tradicional<strong class=\"mce\"> Bosque de los Deseos<\/strong>, que, tal y como ha enfatizado la presidenta, \u00abya es parte para siempre de la Navidad en Sol\u00bb, y que este a\u00f1o se instala por primera vez en el exterior, en la Plaza de Pontejos, en colaboraci\u00f3n con Metro de Madrid.<\/p>\n<p class=\"mce\">Los madrile\u00f1os podr\u00e1n dejar sus mensajes en los 12 abetos, que estar\u00e1n distribuidos por el enclave, cada uno iluminado con el color de una l\u00ednea del suburbano.<\/p>\n<p class=\"mce\">\u00abNos cuentan esos deseos que se cumplen, sobre todo cuando nacen del coraz\u00f3n y son buenos\u00bb, ha a\u00f1adido la mandataria.<\/p>\n<p class=\"mce\">Este espacio permanecer\u00e1 abierto del 4 de diciembre al 6 de enero, en horario <strong class=\"mce\">de 10 a 22 horas<\/strong>, con aperturas especiales los d\u00edas 24, 31 y 5 (hasta las 18 horas) y el 6 de enero (de 16 a 22 horas).<\/p>\n<p class=\"mce\">Estar\u00e1 cerrado los d\u00edas 25 de diciembre y 1 de enero.<\/p>\n<p>                    LA CASITA SOLIDARIA                    <\/p>\n<p class=\"mce\">Tambi\u00e9n en la Plaza de Pontejos se encuentra la <strong class=\"mce\">Casita Solidaria<\/strong>, un mercadillo navide\u00f1o que, seg\u00fan ha explicado D\u00edaz Ayuso, \u00abest\u00e1 creciendo cada vez m\u00e1s\u00bb, y por tercer a\u00f1o consecutivo y hasta el pr\u00f3ximo 4 de enero, exhibir\u00e1 un millar de art\u00edculos elaborados artesanalmente por distintas entidades de car\u00e1cter social. En la mayor\u00eda de los casos, estas piezas han sido creadas por las personas que asisten a sus centros, que son tambi\u00e9n las beneficiarias de esta iniciativa.<\/p>\n<p class=\"mce\">Entre las organizaciones participantes se encuentran las <strong class=\"mce\">Fundaciones Adela, Juegaterapia o Prodis<\/strong>, la <strong class=\"mce\">Asociaci\u00f3n Espa\u00f1ola Contra el C\u00e1ncer<\/strong> y la<strong class=\"mce\"> Agencia para la Reeducaci\u00f3n<\/strong> y <strong class=\"mce\">Reinserci\u00f3n del Menor Infractor (Arrmi).<\/strong><\/p>\n<p class=\"mce\">La Casita Solidaria estar\u00e1 abierta desde este jueves de 10 a 22 horas, excepto los d\u00edas 25 y 31 de diciembre y 1 de enero que permanecer\u00e1 cerrada.<\/p>\n","protected":false},"excerpt":{"rendered":"La Comunidad de Madrid ha inaugurado este jueves en la Real Casa de Postas El Canal de la&hellip;\n","protected":false},"author":2,"featured_media":271769,"comment_status":"","ping_status":"","sticky":false,"template":"","format":"standard","meta":{"footnotes":""},"categories":[171],"tags":[27388,146,147,25,24,12244,47719,23,47720,214,12245],"class_list":{"0":"post-271768","1":"post","2":"type-post","3":"status-publish","4":"format-standard","5":"has-post-thumbnail","7":"category-tv","8":"tag-actualidad-madrid","9":"tag-entertainment","10":"tag-entretenimiento","11":"tag-es","12":"tag-espana","13":"tag-noticias-madrid","14":"tag-noticias-telemadrid","15":"tag-spain","16":"tag-telenoticias-telemadrid","17":"tag-tv","18":"tag-ultima-hora-madrid"},"share_on_mastodon":{"url":"https:\/\/pubeurope.com\/@es\/115664529887171711","error":""},"_links":{"self":[{"href":"https:\/\/www.europesays.com\/es\/wp-json\/wp\/v2\/posts\/271768","targetHints":{"allow":["GET"]}}],"collection":[{"href":"https:\/\/www.europesays.com\/es\/wp-json\/wp\/v2\/posts"}],"about":[{"href":"https:\/\/www.europesays.com\/es\/wp-json\/wp\/v2\/types\/post"}],"author":[{"embeddable":true,"href":"https:\/\/www.europesays.com\/es\/wp-json\/wp\/v2\/users\/2"}],"replies":[{"embeddable":true,"href":"https:\/\/www.europesays.com\/es\/wp-json\/wp\/v2\/comments?post=271768"}],"version-history":[{"count":0,"href":"https:\/\/www.europesays.com\/es\/wp-json\/wp\/v2\/posts\/271768\/revisions"}],"wp:featuredmedia":[{"embeddable":true,"href":"https:\/\/www.europesays.com\/es\/wp-json\/wp\/v2\/media\/271769"}],"wp:attachment":[{"href":"https:\/\/www.europesays.com\/es\/wp-json\/wp\/v2\/media?parent=271768"}],"wp:term":[{"taxonomy":"category","embeddable":true,"href":"https:\/\/www.europesays.com\/es\/wp-json\/wp\/v2\/categories?post=271768"},{"taxonomy":"post_tag","embeddable":true,"href":"https:\/\/www.europesays.com\/es\/wp-json\/wp\/v2\/tags?post=271768"}],"curies":[{"name":"wp","href":"https:\/\/api.w.org\/{rel}","templated":true}]}}